{"id":9501,"date":"2012-12-24T14:00:31","date_gmt":"2012-12-24T14:00:31","guid":{"rendered":"http:\/\/www.tvcnoticias.com.ar\/?p=9501"},"modified":"2012-12-24T14:00:31","modified_gmt":"2012-12-24T14:00:31","slug":"escritores-locales-presentaron-la-antologia-la-consigna-es-la-palabra","status":"publish","type":"post","link":"https:\/\/www.celttv.com.ar\/index.php\/2012\/12\/24\/escritores-locales-presentaron-la-antologia-la-consigna-es-la-palabra\/","title":{"rendered":"Escritores locales presentaron la antolog\u00eda \u201cLa Consigna es la Palabra\u201d"},"content":{"rendered":"<p><span style=\"font-size: xx-small;\"><a href=\"http:\/\/www.youtube.com\/watch?v=L_iHcRdSGVU\">httpv:\/\/www.youtube.com\/watch?v=L_iHcRdSGVU<\/a><br \/>\n<\/span><br \/>\n<span style=\"font-size: xx-small;\"><a href=\"http:\/\/www.youtube.com\/watch?v=AOyg86y_XSs\">httpv:\/\/www.youtube.com\/watch?v=AOyg86y_XSs<\/a><\/span><br \/>\n<span style=\"font-size: xx-small;\"><span style=\"font-size: xx-small;\">httpv:\/\/www.youtube.com\/watch?v=qdRSXU8yA-E<\/span><\/span><br \/>\n<span style=\"font-size: xx-small;\"><span style=\"font-size: xx-small;\"><span style=\"font-size: xx-small;\">httpv:\/\/www.youtube.com\/watch?v=PzbwjFP1bls<\/span><\/span><\/span><br \/>\nEn un sal\u00f3n colmado de p\u00fabico se present\u00f3 el pasado s\u00e1bado la antolog\u00eda de autores que forman parte del taller literario que se desarroll\u00f3 durante el a\u00f1o 2012 en la Biblioteca Popular Ernesto Tornquist y que dio origen a la publicaci\u00f3n titulada &#8220;La Consigna es la Palabra&#8221;<br \/>\nPara la oportunidad estuvieron presentes, ademas de familiares y allegados a los escritores, el Secretario de Turismo. Cultura y Deporte Rub\u00e9n Testa, el presidente del HCD. Sergio Bordoni y el presidente de la Cooperativa El\u00e9ctrica de Tornquist Alberto Rubio.<br \/>\nLa presentadora oficial del hist\u00f3rico momento fue la escritora local Rosalina Bustamante quien comenz\u00f3 haciendo una apretada s\u00edntesis de la trayectoria de Elsa Calzetta.<br \/>\n&#8220;Mucho aprendimos con ella durante dos a\u00f1os pero por distintas razones se hizo imposible seguir convoc\u00e1ndola; este a\u00f1o, con el apoyo de la Biblioteca Popular Ernesto Tornquist y con la asistencia t\u00e9cnica de la Municipalidad de Tornquist, lo logramos&#8221;<br \/>\n&#8221; As\u00ed fue como una vez m\u00e1s la palabra se convirti\u00f3 en nuestra consigna, uni\u00f3 nuestros senderos, nos estimul\u00f3 en este desafio que es expresar lo que se siente.. Al abrigo de la palabra nos animamos a desnudar el alma, que no es poca cosa&#8221;<br \/>\n&#8220;En nuestros encuentros literarios, con el mate circulando y las galletitas, aunque nos siempre de bajas calor\u00edas, alimentamos nuestra creatividad. As\u00ed surgieron rom\u00e1nticos poemas, aventuras con superh\u00e9roes, relatos condimentados con realismo m\u00e1gico, recuerdos de la infancia, proyectos, sue\u00f1os y alguna desilusi\u00f3n, porque la vida no siempre es color de rosa&#8221;<br \/>\n&#8220;Promediando el mes de julio nos atrevimos a so\u00f1ar: \u00bfPor qu\u00e9 no publicar una antolog\u00eda volcando nuestro trabajo de todo el a\u00f1o? Y comenzamos a desplegar las alas del sue\u00f1o que se convirti\u00f3 en realidad y hoy presentamos &#8220;La consigna es la palabra&#8221;.<br \/>\nPosteriormente hizo uso de la palabra la profesora Elsa Calzetta, luego Ceferino Marcolini uno de los autores fue el encargado de la lectura del Ep\u00edlogo. La escritora Norma Peloso de Sierra de la Ventana), hizo un relato de cada uno de los participantes.<br \/>\nEduardo Bonifacich, Catalina Godino, Justina Kleine, Mabel Lanaro, Norma Peloso y Gabriela Garc\u00eda, mostraron segmentos de sus trabajos.<br \/>\nPor su parte Lelia Torboli hizo hincapi\u00e9 en los reconocimientos para aquellas personas, instituciones y empresas que dieron su aporte, recibiendo algunos de los que se encontraban presentes como el Presidente de la Cooperativa El\u00e9ctrica Alberto Rubio por el aporte en la edici\u00f3n de la obra, Andrea Domingo recibi\u00f3 por la Cooperativa Obrera, Jorge Ferrandi (Estudio ACIL), Sergio Bordoni(Presidente del HCD), Mirta Caldentey (Casa Eleazar), Stela Rodriguez (Por Edgardo Vittori), Nora Gonzalez (Schaffner Hnos).<br \/>\nAlumnos del taller entregaron hermosos ramos de flores para Rosalina Bustamante y Elsa Calzeta. Adem\u00e1s familiares de Patricia Marasca entregaron un presente felicit\u00e1ndola por su logro.<br \/>\nM\u00e1s tarde se sirvi\u00f3 un lunch para todos los presentes, donde no falt\u00f3 el tradicional brindis que, junto a los escritores locales, compartieron todos los presentes.<\/p>\n","protected":false},"excerpt":{"rendered":"<p>httpv:\/\/www.youtube.com\/watch?v=L_iHcRdSGVU httpv:\/\/www.youtube.com\/watch?v=AOyg86y_XSs httpv:\/\/www.youtube.com\/watch?v=qdRSXU8yA-E httpv:\/\/www.youtube.com\/watch?v=PzbwjFP1bls En un sal\u00f3n colmado de p\u00fabico se present\u00f3 el pasado s\u00e1bado la antolog\u00eda de autores que forman parte del taller literario que se desarroll\u00f3 durante el a\u00f1o 2012 en la Biblioteca Popular Ernesto Tornquist y que dio origen a la publicaci\u00f3n titulada &#8220;La Consigna es la Palabra&#8221; Para la oportunidad estuvieron [&hellip;]<\/p>\n","protected":false},"author":1,"featured_media":0,"comment_status":"closed","ping_status":"open","sticky":false,"template":"","format":"standard","meta":{"footnotes":""},"categories":[51,52],"tags":[],"class_list":["post-9501","post","type-post","status-publish","format-standard","hentry","category-comunidad","category-destacadas"],"yoast_head":"<!-- This site is optimized with the Yoast SEO plugin v19.7.1 - https:\/\/yoast.com\/wordpress\/plugins\/seo\/ -->\n<title>Escritores locales presentaron la antolog\u00eda \u201cLa Consigna es la Palabra\u201d - CELTTV<\/title>\n<meta name=\"description\" content=\"Sitio web de noticias de la localidad de Tornquist, provincia de Buenos Aires, Rep\u00fablica Argentina. Contenido propio originado por periodistas de CELTTV, el canal de TV local de la Cooperativa El\u00e9ctrica de Tornquist. Turismo, Pol\u00edtica, Sociedad, Deporte, Cultura y todo el contenido de inter\u00e9s general que la gente del pueblo y la regi\u00f3n debe conocer.\" \/>\n<meta name=\"robots\" content=\"index, follow, max-snippet:-1, max-image-preview:large, max-video-preview:-1\" \/>\n<link rel=\"canonical\" href=\"https:\/\/www.celttv.com.ar\/index.php\/2012\/12\/24\/escritores-locales-presentaron-la-antologia-la-consigna-es-la-palabra\/\" \/>\n<meta property=\"og:locale\" content=\"es_ES\" \/>\n<meta property=\"og:type\" content=\"article\" \/>\n<meta property=\"og:title\" content=\"Escritores locales presentaron la antolog\u00eda \u201cLa Consigna es la Palabra\u201d - CELTTV\" \/>\n<meta property=\"og:description\" content=\"Sitio web de noticias de la localidad de Tornquist, provincia de Buenos Aires, Rep\u00fablica Argentina. Contenido propio originado por periodistas de CELTTV, el canal de TV local de la Cooperativa El\u00e9ctrica de Tornquist. Turismo, Pol\u00edtica, Sociedad, Deporte, Cultura y todo el contenido de inter\u00e9s general que la gente del pueblo y la regi\u00f3n debe conocer.\" \/>\n<meta property=\"og:url\" content=\"https:\/\/www.celttv.com.ar\/index.php\/2012\/12\/24\/escritores-locales-presentaron-la-antologia-la-consigna-es-la-palabra\/\" \/>\n<meta property=\"og:site_name\" content=\"CELTTV\" \/>\n<meta property=\"article:publisher\" content=\"https:\/\/www.facebook.com\/celtTV\/\" \/>\n<meta property=\"article:published_time\" content=\"2012-12-24T14:00:31+00:00\" \/>\n<meta name=\"author\" content=\"ulises\" \/>\n<meta name=\"twitter:card\" content=\"summary_large_image\" \/>\n<meta name=\"twitter:label1\" content=\"Escrito por\" \/>\n\t<meta name=\"twitter:data1\" content=\"ulises\" \/>\n\t<meta name=\"twitter:label2\" content=\"Tiempo de lectura\" \/>\n\t<meta name=\"twitter:data2\" content=\"3 minutos\" \/>\n<script type=\"application\/ld+json\" class=\"yoast-schema-graph\">{\"@context\":\"https:\/\/schema.org\",\"@graph\":[{\"@type\":\"NewsArticle\",\"@id\":\"https:\/\/www.celttv.com.ar\/index.php\/2012\/12\/24\/escritores-locales-presentaron-la-antologia-la-consigna-es-la-palabra\/#article\",\"isPartOf\":{\"@id\":\"https:\/\/www.celttv.com.ar\/index.php\/2012\/12\/24\/escritores-locales-presentaron-la-antologia-la-consigna-es-la-palabra\/\"},\"author\":{\"name\":\"ulises\",\"@id\":\"https:\/\/www.celttv.com.ar\/#\/schema\/person\/6d99c072dba59953809c81446e9d0ace\"},\"headline\":\"Escritores locales presentaron la antolog\u00eda \u201cLa Consigna es la Palabra\u201d\",\"datePublished\":\"2012-12-24T14:00:31+00:00\",\"dateModified\":\"2012-12-24T14:00:31+00:00\",\"mainEntityOfPage\":{\"@id\":\"https:\/\/www.celttv.com.ar\/index.php\/2012\/12\/24\/escritores-locales-presentaron-la-antologia-la-consigna-es-la-palabra\/\"},\"wordCount\":549,\"publisher\":{\"@id\":\"https:\/\/www.celttv.com.ar\/#organization\"},\"articleSection\":[\"Comunidad\",\"Destacadas\"],\"inLanguage\":\"es\"},{\"@type\":\"WebPage\",\"@id\":\"https:\/\/www.celttv.com.ar\/index.php\/2012\/12\/24\/escritores-locales-presentaron-la-antologia-la-consigna-es-la-palabra\/\",\"url\":\"https:\/\/www.celttv.com.ar\/index.php\/2012\/12\/24\/escritores-locales-presentaron-la-antologia-la-consigna-es-la-palabra\/\",\"name\":\"Escritores locales presentaron la antolog\u00eda \u201cLa Consigna es la Palabra\u201d - CELTTV\",\"isPartOf\":{\"@id\":\"https:\/\/www.celttv.com.ar\/#website\"},\"datePublished\":\"2012-12-24T14:00:31+00:00\",\"dateModified\":\"2012-12-24T14:00:31+00:00\",\"description\":\"Sitio web de noticias de la localidad de Tornquist, provincia de Buenos Aires, Rep\u00fablica Argentina. Contenido propio originado por periodistas de CELTTV, el canal de TV local de la Cooperativa El\u00e9ctrica de Tornquist. Turismo, Pol\u00edtica, Sociedad, Deporte, Cultura y todo el contenido de inter\u00e9s general que la gente del pueblo y la regi\u00f3n debe conocer.\",\"breadcrumb\":{\"@id\":\"https:\/\/www.celttv.com.ar\/index.php\/2012\/12\/24\/escritores-locales-presentaron-la-antologia-la-consigna-es-la-palabra\/#breadcrumb\"},\"inLanguage\":\"es\",\"potentialAction\":[{\"@type\":\"ReadAction\",\"target\":[\"https:\/\/www.celttv.com.ar\/index.php\/2012\/12\/24\/escritores-locales-presentaron-la-antologia-la-consigna-es-la-palabra\/\"]}]},{\"@type\":\"BreadcrumbList\",\"@id\":\"https:\/\/www.celttv.com.ar\/index.php\/2012\/12\/24\/escritores-locales-presentaron-la-antologia-la-consigna-es-la-palabra\/#breadcrumb\",\"itemListElement\":[{\"@type\":\"ListItem\",\"position\":1,\"name\":\"Inicio\",\"item\":\"https:\/\/www.celttv.com.ar\/\"},{\"@type\":\"ListItem\",\"position\":2,\"name\":\"Escritores locales presentaron la antolog\u00eda \u201cLa Consigna es la Palabra\u201d\"}]},{\"@type\":\"WebSite\",\"@id\":\"https:\/\/www.celttv.com.ar\/#website\",\"url\":\"https:\/\/www.celttv.com.ar\/\",\"name\":\"CELTTV\",\"description\":\"Cooperativa El\u00e9ctrica de Tornquist\",\"publisher\":{\"@id\":\"https:\/\/www.celttv.com.ar\/#organization\"},\"potentialAction\":[{\"@type\":\"SearchAction\",\"target\":{\"@type\":\"EntryPoint\",\"urlTemplate\":\"https:\/\/www.celttv.com.ar\/?s={search_term_string}\"},\"query-input\":\"required name=search_term_string\"}],\"inLanguage\":\"es\"},{\"@type\":\"Organization\",\"@id\":\"https:\/\/www.celttv.com.ar\/#organization\",\"name\":\"CELTTV\",\"url\":\"https:\/\/www.celttv.com.ar\/\",\"sameAs\":[\"https:\/\/www.youtube.com\/channel\/UCz_oIt8Hig64Ub-EmcNPIhg\",\"https:\/\/www.facebook.com\/celtTV\/\"],\"logo\":{\"@type\":\"ImageObject\",\"inLanguage\":\"es\",\"@id\":\"https:\/\/www.celttv.com.ar\/#\/schema\/logo\/image\/\",\"url\":\"http:\/\/www.celttv.com.ar\/wp-content\/uploads\/2022\/08\/logo-1.png\",\"contentUrl\":\"http:\/\/www.celttv.com.ar\/wp-content\/uploads\/2022\/08\/logo-1.png\",\"width\":461,\"height\":159,\"caption\":\"CELTTV\"},\"image\":{\"@id\":\"https:\/\/www.celttv.com.ar\/#\/schema\/logo\/image\/\"}},{\"@type\":\"Person\",\"@id\":\"https:\/\/www.celttv.com.ar\/#\/schema\/person\/6d99c072dba59953809c81446e9d0ace\",\"name\":\"ulises\",\"image\":{\"@type\":\"ImageObject\",\"inLanguage\":\"es\",\"@id\":\"https:\/\/www.celttv.com.ar\/#\/schema\/person\/image\/\",\"url\":\"https:\/\/secure.gravatar.com\/avatar\/7f2c48bdc33b30088f941fb6082e555f2874c98e20cb159d7b92b50eadfce793?s=96&d=mm&r=g\",\"contentUrl\":\"https:\/\/secure.gravatar.com\/avatar\/7f2c48bdc33b30088f941fb6082e555f2874c98e20cb159d7b92b50eadfce793?s=96&d=mm&r=g\",\"caption\":\"ulises\"},\"sameAs\":[\"http:\/\/www.celttv.com.ar\"]}]}<\/script>\n<!-- \/ Yoast SEO plugin. -->","yoast_head_json":{"title":"Escritores locales presentaron la antolog\u00eda \u201cLa Consigna es la Palabra\u201d - CELTTV","description":"Sitio web de noticias de la localidad de Tornquist, provincia de Buenos Aires, Rep\u00fablica Argentina. Contenido propio originado por periodistas de CELTTV, el canal de TV local de la Cooperativa El\u00e9ctrica de Tornquist. Turismo, Pol\u00edtica, Sociedad, Deporte, Cultura y todo el contenido de inter\u00e9s general que la gente del pueblo y la regi\u00f3n debe conocer.","robots":{"index":"index","follow":"follow","max-snippet":"max-snippet:-1","max-image-preview":"max-image-preview:large","max-video-preview":"max-video-preview:-1"},"canonical":"https:\/\/www.celttv.com.ar\/index.php\/2012\/12\/24\/escritores-locales-presentaron-la-antologia-la-consigna-es-la-palabra\/","og_locale":"es_ES","og_type":"article","og_title":"Escritores locales presentaron la antolog\u00eda \u201cLa Consigna es la Palabra\u201d - CELTTV","og_description":"Sitio web de noticias de la localidad de Tornquist, provincia de Buenos Aires, Rep\u00fablica Argentina. Contenido propio originado por periodistas de CELTTV, el canal de TV local de la Cooperativa El\u00e9ctrica de Tornquist. Turismo, Pol\u00edtica, Sociedad, Deporte, Cultura y todo el contenido de inter\u00e9s general que la gente del pueblo y la regi\u00f3n debe conocer.","og_url":"https:\/\/www.celttv.com.ar\/index.php\/2012\/12\/24\/escritores-locales-presentaron-la-antologia-la-consigna-es-la-palabra\/","og_site_name":"CELTTV","article_publisher":"https:\/\/www.facebook.com\/celtTV\/","article_published_time":"2012-12-24T14:00:31+00:00","author":"ulises","twitter_card":"summary_large_image","twitter_misc":{"Escrito por":"ulises","Tiempo de lectura":"3 minutos"},"schema":{"@context":"https:\/\/schema.org","@graph":[{"@type":"NewsArticle","@id":"https:\/\/www.celttv.com.ar\/index.php\/2012\/12\/24\/escritores-locales-presentaron-la-antologia-la-consigna-es-la-palabra\/#article","isPartOf":{"@id":"https:\/\/www.celttv.com.ar\/index.php\/2012\/12\/24\/escritores-locales-presentaron-la-antologia-la-consigna-es-la-palabra\/"},"author":{"name":"ulises","@id":"https:\/\/www.celttv.com.ar\/#\/schema\/person\/6d99c072dba59953809c81446e9d0ace"},"headline":"Escritores locales presentaron la antolog\u00eda \u201cLa Consigna es la Palabra\u201d","datePublished":"2012-12-24T14:00:31+00:00","dateModified":"2012-12-24T14:00:31+00:00","mainEntityOfPage":{"@id":"https:\/\/www.celttv.com.ar\/index.php\/2012\/12\/24\/escritores-locales-presentaron-la-antologia-la-consigna-es-la-palabra\/"},"wordCount":549,"publisher":{"@id":"https:\/\/www.celttv.com.ar\/#organization"},"articleSection":["Comunidad","Destacadas"],"inLanguage":"es"},{"@type":"WebPage","@id":"https:\/\/www.celttv.com.ar\/index.php\/2012\/12\/24\/escritores-locales-presentaron-la-antologia-la-consigna-es-la-palabra\/","url":"https:\/\/www.celttv.com.ar\/index.php\/2012\/12\/24\/escritores-locales-presentaron-la-antologia-la-consigna-es-la-palabra\/","name":"Escritores locales presentaron la antolog\u00eda \u201cLa Consigna es la Palabra\u201d - CELTTV","isPartOf":{"@id":"https:\/\/www.celttv.com.ar\/#website"},"datePublished":"2012-12-24T14:00:31+00:00","dateModified":"2012-12-24T14:00:31+00:00","description":"Sitio web de noticias de la localidad de Tornquist, provincia de Buenos Aires, Rep\u00fablica Argentina. Contenido propio originado por periodistas de CELTTV, el canal de TV local de la Cooperativa El\u00e9ctrica de Tornquist. Turismo, Pol\u00edtica, Sociedad, Deporte, Cultura y todo el contenido de inter\u00e9s general que la gente del pueblo y la regi\u00f3n debe conocer.","breadcrumb":{"@id":"https:\/\/www.celttv.com.ar\/index.php\/2012\/12\/24\/escritores-locales-presentaron-la-antologia-la-consigna-es-la-palabra\/#breadcrumb"},"inLanguage":"es","potentialAction":[{"@type":"ReadAction","target":["https:\/\/www.celttv.com.ar\/index.php\/2012\/12\/24\/escritores-locales-presentaron-la-antologia-la-consigna-es-la-palabra\/"]}]},{"@type":"BreadcrumbList","@id":"https:\/\/www.celttv.com.ar\/index.php\/2012\/12\/24\/escritores-locales-presentaron-la-antologia-la-consigna-es-la-palabra\/#breadcrumb","itemListElement":[{"@type":"ListItem","position":1,"name":"Inicio","item":"https:\/\/www.celttv.com.ar\/"},{"@type":"ListItem","position":2,"name":"Escritores locales presentaron la antolog\u00eda \u201cLa Consigna es la Palabra\u201d"}]},{"@type":"WebSite","@id":"https:\/\/www.celttv.com.ar\/#website","url":"https:\/\/www.celttv.com.ar\/","name":"CELTTV","description":"Cooperativa El\u00e9ctrica de Tornquist","publisher":{"@id":"https:\/\/www.celttv.com.ar\/#organization"},"potentialAction":[{"@type":"SearchAction","target":{"@type":"EntryPoint","urlTemplate":"https:\/\/www.celttv.com.ar\/?s={search_term_string}"},"query-input":"required name=search_term_string"}],"inLanguage":"es"},{"@type":"Organization","@id":"https:\/\/www.celttv.com.ar\/#organization","name":"CELTTV","url":"https:\/\/www.celttv.com.ar\/","sameAs":["https:\/\/www.youtube.com\/channel\/UCz_oIt8Hig64Ub-EmcNPIhg","https:\/\/www.facebook.com\/celtTV\/"],"logo":{"@type":"ImageObject","inLanguage":"es","@id":"https:\/\/www.celttv.com.ar\/#\/schema\/logo\/image\/","url":"http:\/\/www.celttv.com.ar\/wp-content\/uploads\/2022\/08\/logo-1.png","contentUrl":"http:\/\/www.celttv.com.ar\/wp-content\/uploads\/2022\/08\/logo-1.png","width":461,"height":159,"caption":"CELTTV"},"image":{"@id":"https:\/\/www.celttv.com.ar\/#\/schema\/logo\/image\/"}},{"@type":"Person","@id":"https:\/\/www.celttv.com.ar\/#\/schema\/person\/6d99c072dba59953809c81446e9d0ace","name":"ulises","image":{"@type":"ImageObject","inLanguage":"es","@id":"https:\/\/www.celttv.com.ar\/#\/schema\/person\/image\/","url":"https:\/\/secure.gravatar.com\/avatar\/7f2c48bdc33b30088f941fb6082e555f2874c98e20cb159d7b92b50eadfce793?s=96&d=mm&r=g","contentUrl":"https:\/\/secure.gravatar.com\/avatar\/7f2c48bdc33b30088f941fb6082e555f2874c98e20cb159d7b92b50eadfce793?s=96&d=mm&r=g","caption":"ulises"},"sameAs":["http:\/\/www.celttv.com.ar"]}]}},"_links":{"self":[{"href":"https:\/\/www.celttv.com.ar\/index.php\/wp-json\/wp\/v2\/posts\/9501","targetHints":{"allow":["GET"]}}],"collection":[{"href":"https:\/\/www.celttv.com.ar\/index.php\/wp-json\/wp\/v2\/posts"}],"about":[{"href":"https:\/\/www.celttv.com.ar\/index.php\/wp-json\/wp\/v2\/types\/post"}],"author":[{"embeddable":true,"href":"https:\/\/www.celttv.com.ar\/index.php\/wp-json\/wp\/v2\/users\/1"}],"replies":[{"embeddable":true,"href":"https:\/\/www.celttv.com.ar\/index.php\/wp-json\/wp\/v2\/comments?post=9501"}],"version-history":[{"count":0,"href":"https:\/\/www.celttv.com.ar\/index.php\/wp-json\/wp\/v2\/posts\/9501\/revisions"}],"wp:attachment":[{"href":"https:\/\/www.celttv.com.ar\/index.php\/wp-json\/wp\/v2\/media?parent=9501"}],"wp:term":[{"taxonomy":"category","embeddable":true,"href":"https:\/\/www.celttv.com.ar\/index.php\/wp-json\/wp\/v2\/categories?post=9501"},{"taxonomy":"post_tag","embeddable":true,"href":"https:\/\/www.celttv.com.ar\/index.php\/wp-json\/wp\/v2\/tags?post=9501"}],"curies":[{"name":"wp","href":"https:\/\/api.w.org\/{rel}","templated":true}]}}