{"id":9504,"date":"2012-12-25T18:31:43","date_gmt":"2012-12-25T18:31:43","guid":{"rendered":"http:\/\/www.tvcnoticias.com.ar\/?p=9504"},"modified":"2012-12-25T18:31:43","modified_gmt":"2012-12-25T18:31:43","slug":"concejales-se-presentaron-en-parque-norte-y-labraron-un-acta-las-opiniones-de-sergio-bordoni-y-maria-ofelia-skolak","status":"publish","type":"post","link":"https:\/\/www.celttv.com.ar\/index.php\/2012\/12\/25\/concejales-se-presentaron-en-parque-norte-y-labraron-un-acta-las-opiniones-de-sergio-bordoni-y-maria-ofelia-skolak\/","title":{"rendered":"CONCEJALES SE PRESENTARON EN &#8220;PARQUE NORTE&#8221; Y LABRARON UN ACTA (las opiniones de Sergio Bordoni y Mar\u00eda Ofelia Skolak)"},"content":{"rendered":"<p><a href=\"http:\/\/www.youtube.com\/watch?v=5_oDF5ruQtU\">httpv:\/\/www.youtube.com\/watch?v=5_oDF5ruQtU<\/a><br \/>\n<a>httpv:\/\/www.youtube.com\/watch?v=VhLZZt6hwUc<\/a><br \/>\nEn horas de la tarde del pasado \u00a0jueves 20, y conforme al dictamen surgido de la \u00faltima Sesi\u00f3n Ordinaria de fecha 17 de diciembre, un grupo de Concejales se hizo presente en el Complejo &#8220;Parque Norte&#8221; a los fines de recorrer el lugar para constatar si se han realizado las obras que en su momento fueron comprometidas por parte del concesionario, Sr. Juan Carlos Gisler, como as\u00ed tambi\u00e9n verificar el estado general del predio.<br \/>\n\u00a0Se cont\u00f3 adem\u00e1s con la presencia de la Escribana P\u00fablica Yanela Domini, quien procedi\u00f3 a labrar un Acta de Constataci\u00f3n en referencia a lo observado.<br \/>\n\u00a0El concesionario, Juan C. Gisler, con total predisposici\u00f3n acompa\u00f1\u00f3 a los ediles a recorrer el lugar. Se hicieron presentes el Presidente del Concejo Deliberante, Sr. Sergio Bordoni; los Concejales Horacio Buitrago, Gustavo Moroncini y Manuel Picado y las Concejales Mar\u00eda Ester Parmigiani, Patricia V\u00e1zquez y Mar\u00eda Ofelia Skolak.<br \/>\n\u00a0En los pr\u00f3ximos d\u00edas se dar\u00e1 a conocer lo dictaminado por los Concejales al respecto.<br \/>\n\u00a0Detalles<br \/>\n\u00a0Los puntos principales en los que hicieron hincapi\u00e9 algunos ediles fue en la principal obra que no se realiz\u00f3 y figuraba en el contrato de 1995 que se volvi\u00f3 a agregar en 2005, con su renovaci\u00f3n. Se trata de la construcci\u00f3n de un Sal\u00f3n de Usos M\u00faltiples que ten\u00eda como fin ser usado como sal\u00f3n de juegos como as\u00ed tambi\u00e9n de refugio para hospedar acampantes. Las dimensiones que figuran en el contrato son 12 x 7 Mts de paredes de ladrillones con techo de tejas francesas, instalaci\u00f3n de agua fr\u00eda y cielorraso de machimbre a la vista.<br \/>\n\u00a0Adem\u00e1s se pudo saber que observ\u00f3 un serio deterioro en los ba\u00f1os con un cielorraso a punto de colapsar como as\u00ed tambi\u00e9n gran cantidad de fogones destruidos y algunos casi inutilizables.<br \/>\n\u00a0De las obras prometidas se constat\u00f3 la instalaci\u00f3n de algunas especies arb\u00f3reas y la construcci\u00f3n de algunos fogones con sus respectivas parrillas. El estado general de la Cantina en tanto es deficiente como as\u00ed tambi\u00e9n las instalaciones de la cocina.<br \/>\n\u00a0Se anticip\u00f3 que mi\u00e9rcoles o jueves\u00a0el concejo tratar\u00eda nuevamente el aumento de tarifas y hasta habr\u00eda intenci\u00f3n de una propuesta superadora que se le informar\u00eda al concesionario.<\/p>\n","protected":false},"excerpt":{"rendered":"<p>httpv:\/\/www.youtube.com\/watch?v=5_oDF5ruQtU httpv:\/\/www.youtube.com\/watch?v=VhLZZt6hwUc En horas de la tarde del pasado \u00a0jueves 20, y conforme al dictamen surgido de la \u00faltima Sesi\u00f3n Ordinaria de fecha 17 de diciembre, un grupo de Concejales se hizo presente en el Complejo &#8220;Parque Norte&#8221; a los fines de recorrer el lugar para constatar si se han realizado las obras que en [&hellip;]<\/p>\n","protected":false},"author":1,"featured_media":0,"comment_status":"closed","ping_status":"open","sticky":false,"template":"","format":"standard","meta":{"footnotes":""},"categories":[51,52,64],"tags":[],"class_list":["post-9504","post","type-post","status-publish","format-standard","hentry","category-comunidad","category-destacadas","category-videos-destacados"],"yoast_head":"<!-- This site is optimized with the Yoast SEO plugin v19.7.1 - https:\/\/yoast.com\/wordpress\/plugins\/seo\/ -->\n<title>CONCEJALES SE PRESENTARON EN &quot;PARQUE NORTE&quot; Y LABRARON UN ACTA (las opiniones de Sergio Bordoni y Mar\u00eda Ofelia Skolak) - CELTTV<\/title>\n<meta name=\"description\" content=\"Sitio web de noticias de la localidad de Tornquist, provincia de Buenos Aires, Rep\u00fablica Argentina. Contenido propio originado por periodistas de CELTTV, el canal de TV local de la Cooperativa El\u00e9ctrica de Tornquist. Turismo, Pol\u00edtica, Sociedad, Deporte, Cultura y todo el contenido de inter\u00e9s general que la gente del pueblo y la regi\u00f3n debe conocer.\" \/>\n<meta name=\"robots\" content=\"index, follow, max-snippet:-1, max-image-preview:large, max-video-preview:-1\" \/>\n<link rel=\"canonical\" href=\"https:\/\/www.celttv.com.ar\/index.php\/2012\/12\/25\/concejales-se-presentaron-en-parque-norte-y-labraron-un-acta-las-opiniones-de-sergio-bordoni-y-maria-ofelia-skolak\/\" \/>\n<meta property=\"og:locale\" content=\"es_ES\" \/>\n<meta property=\"og:type\" content=\"article\" \/>\n<meta property=\"og:title\" content=\"CONCEJALES SE PRESENTARON EN &quot;PARQUE NORTE&quot; Y LABRARON UN ACTA (las opiniones de Sergio Bordoni y Mar\u00eda Ofelia Skolak) - CELTTV\" \/>\n<meta property=\"og:description\" content=\"Sitio web de noticias de la localidad de Tornquist, provincia de Buenos Aires, Rep\u00fablica Argentina. Contenido propio originado por periodistas de CELTTV, el canal de TV local de la Cooperativa El\u00e9ctrica de Tornquist. Turismo, Pol\u00edtica, Sociedad, Deporte, Cultura y todo el contenido de inter\u00e9s general que la gente del pueblo y la regi\u00f3n debe conocer.\" \/>\n<meta property=\"og:url\" content=\"https:\/\/www.celttv.com.ar\/index.php\/2012\/12\/25\/concejales-se-presentaron-en-parque-norte-y-labraron-un-acta-las-opiniones-de-sergio-bordoni-y-maria-ofelia-skolak\/\" \/>\n<meta property=\"og:site_name\" content=\"CELTTV\" \/>\n<meta property=\"article:publisher\" content=\"https:\/\/www.facebook.com\/celtTV\/\" \/>\n<meta property=\"article:published_time\" content=\"2012-12-25T18:31:43+00:00\" \/>\n<meta name=\"author\" content=\"ulises\" \/>\n<meta name=\"twitter:card\" content=\"summary_large_image\" \/>\n<meta name=\"twitter:label1\" content=\"Escrito por\" \/>\n\t<meta name=\"twitter:data1\" content=\"ulises\" \/>\n\t<meta name=\"twitter:label2\" content=\"Tiempo de lectura\" \/>\n\t<meta name=\"twitter:data2\" content=\"2 minutos\" \/>\n<script type=\"application\/ld+json\" class=\"yoast-schema-graph\">{\"@context\":\"https:\/\/schema.org\",\"@graph\":[{\"@type\":\"NewsArticle\",\"@id\":\"https:\/\/www.celttv.com.ar\/index.php\/2012\/12\/25\/concejales-se-presentaron-en-parque-norte-y-labraron-un-acta-las-opiniones-de-sergio-bordoni-y-maria-ofelia-skolak\/#article\",\"isPartOf\":{\"@id\":\"https:\/\/www.celttv.com.ar\/index.php\/2012\/12\/25\/concejales-se-presentaron-en-parque-norte-y-labraron-un-acta-las-opiniones-de-sergio-bordoni-y-maria-ofelia-skolak\/\"},\"author\":{\"name\":\"ulises\",\"@id\":\"https:\/\/www.celttv.com.ar\/#\/schema\/person\/6d99c072dba59953809c81446e9d0ace\"},\"headline\":\"CONCEJALES SE PRESENTARON EN &#8220;PARQUE NORTE&#8221; Y LABRARON UN ACTA (las opiniones de Sergio Bordoni y Mar\u00eda Ofelia Skolak)\",\"datePublished\":\"2012-12-25T18:31:43+00:00\",\"dateModified\":\"2012-12-25T18:31:43+00:00\",\"mainEntityOfPage\":{\"@id\":\"https:\/\/www.celttv.com.ar\/index.php\/2012\/12\/25\/concejales-se-presentaron-en-parque-norte-y-labraron-un-acta-las-opiniones-de-sergio-bordoni-y-maria-ofelia-skolak\/\"},\"wordCount\":421,\"publisher\":{\"@id\":\"https:\/\/www.celttv.com.ar\/#organization\"},\"articleSection\":[\"Comunidad\",\"Destacadas\",\"Videos Destacados\"],\"inLanguage\":\"es\"},{\"@type\":\"WebPage\",\"@id\":\"https:\/\/www.celttv.com.ar\/index.php\/2012\/12\/25\/concejales-se-presentaron-en-parque-norte-y-labraron-un-acta-las-opiniones-de-sergio-bordoni-y-maria-ofelia-skolak\/\",\"url\":\"https:\/\/www.celttv.com.ar\/index.php\/2012\/12\/25\/concejales-se-presentaron-en-parque-norte-y-labraron-un-acta-las-opiniones-de-sergio-bordoni-y-maria-ofelia-skolak\/\",\"name\":\"CONCEJALES SE PRESENTARON EN \\\"PARQUE NORTE\\\" Y LABRARON UN ACTA (las opiniones de Sergio Bordoni y Mar\u00eda Ofelia Skolak) - CELTTV\",\"isPartOf\":{\"@id\":\"https:\/\/www.celttv.com.ar\/#website\"},\"datePublished\":\"2012-12-25T18:31:43+00:00\",\"dateModified\":\"2012-12-25T18:31:43+00:00\",\"description\":\"Sitio web de noticias de la localidad de Tornquist, provincia de Buenos Aires, Rep\u00fablica Argentina. Contenido propio originado por periodistas de CELTTV, el canal de TV local de la Cooperativa El\u00e9ctrica de Tornquist. Turismo, Pol\u00edtica, Sociedad, Deporte, Cultura y todo el contenido de inter\u00e9s general que la gente del pueblo y la regi\u00f3n debe conocer.\",\"breadcrumb\":{\"@id\":\"https:\/\/www.celttv.com.ar\/index.php\/2012\/12\/25\/concejales-se-presentaron-en-parque-norte-y-labraron-un-acta-las-opiniones-de-sergio-bordoni-y-maria-ofelia-skolak\/#breadcrumb\"},\"inLanguage\":\"es\",\"potentialAction\":[{\"@type\":\"ReadAction\",\"target\":[\"https:\/\/www.celttv.com.ar\/index.php\/2012\/12\/25\/concejales-se-presentaron-en-parque-norte-y-labraron-un-acta-las-opiniones-de-sergio-bordoni-y-maria-ofelia-skolak\/\"]}]},{\"@type\":\"BreadcrumbList\",\"@id\":\"https:\/\/www.celttv.com.ar\/index.php\/2012\/12\/25\/concejales-se-presentaron-en-parque-norte-y-labraron-un-acta-las-opiniones-de-sergio-bordoni-y-maria-ofelia-skolak\/#breadcrumb\",\"itemListElement\":[{\"@type\":\"ListItem\",\"position\":1,\"name\":\"Inicio\",\"item\":\"https:\/\/www.celttv.com.ar\/\"},{\"@type\":\"ListItem\",\"position\":2,\"name\":\"CONCEJALES SE PRESENTARON EN &#8220;PARQUE NORTE&#8221; Y LABRARON UN ACTA (las opiniones de Sergio Bordoni y Mar\u00eda Ofelia Skolak)\"}]},{\"@type\":\"WebSite\",\"@id\":\"https:\/\/www.celttv.com.ar\/#website\",\"url\":\"https:\/\/www.celttv.com.ar\/\",\"name\":\"CELTTV\",\"description\":\"Cooperativa El\u00e9ctrica de Tornquist\",\"publisher\":{\"@id\":\"https:\/\/www.celttv.com.ar\/#organization\"},\"potentialAction\":[{\"@type\":\"SearchAction\",\"target\":{\"@type\":\"EntryPoint\",\"urlTemplate\":\"https:\/\/www.celttv.com.ar\/?s={search_term_string}\"},\"query-input\":\"required name=search_term_string\"}],\"inLanguage\":\"es\"},{\"@type\":\"Organization\",\"@id\":\"https:\/\/www.celttv.com.ar\/#organization\",\"name\":\"CELTTV\",\"url\":\"https:\/\/www.celttv.com.ar\/\",\"sameAs\":[\"https:\/\/www.youtube.com\/channel\/UCz_oIt8Hig64Ub-EmcNPIhg\",\"https:\/\/www.facebook.com\/celtTV\/\"],\"logo\":{\"@type\":\"ImageObject\",\"inLanguage\":\"es\",\"@id\":\"https:\/\/www.celttv.com.ar\/#\/schema\/logo\/image\/\",\"url\":\"http:\/\/www.celttv.com.ar\/wp-content\/uploads\/2022\/08\/logo-1.png\",\"contentUrl\":\"http:\/\/www.celttv.com.ar\/wp-content\/uploads\/2022\/08\/logo-1.png\",\"width\":461,\"height\":159,\"caption\":\"CELTTV\"},\"image\":{\"@id\":\"https:\/\/www.celttv.com.ar\/#\/schema\/logo\/image\/\"}},{\"@type\":\"Person\",\"@id\":\"https:\/\/www.celttv.com.ar\/#\/schema\/person\/6d99c072dba59953809c81446e9d0ace\",\"name\":\"ulises\",\"image\":{\"@type\":\"ImageObject\",\"inLanguage\":\"es\",\"@id\":\"https:\/\/www.celttv.com.ar\/#\/schema\/person\/image\/\",\"url\":\"https:\/\/secure.gravatar.com\/avatar\/7f2c48bdc33b30088f941fb6082e555f2874c98e20cb159d7b92b50eadfce793?s=96&d=mm&r=g\",\"contentUrl\":\"https:\/\/secure.gravatar.com\/avatar\/7f2c48bdc33b30088f941fb6082e555f2874c98e20cb159d7b92b50eadfce793?s=96&d=mm&r=g\",\"caption\":\"ulises\"},\"sameAs\":[\"http:\/\/www.celttv.com.ar\"]}]}<\/script>\n<!-- \/ Yoast SEO plugin. -->","yoast_head_json":{"title":"CONCEJALES SE PRESENTARON EN \"PARQUE NORTE\" Y LABRARON UN ACTA (las opiniones de Sergio Bordoni y Mar\u00eda Ofelia Skolak) - CELTTV","description":"Sitio web de noticias de la localidad de Tornquist, provincia de Buenos Aires, Rep\u00fablica Argentina. Contenido propio originado por periodistas de CELTTV, el canal de TV local de la Cooperativa El\u00e9ctrica de Tornquist. Turismo, Pol\u00edtica, Sociedad, Deporte, Cultura y todo el contenido de inter\u00e9s general que la gente del pueblo y la regi\u00f3n debe conocer.","robots":{"index":"index","follow":"follow","max-snippet":"max-snippet:-1","max-image-preview":"max-image-preview:large","max-video-preview":"max-video-preview:-1"},"canonical":"https:\/\/www.celttv.com.ar\/index.php\/2012\/12\/25\/concejales-se-presentaron-en-parque-norte-y-labraron-un-acta-las-opiniones-de-sergio-bordoni-y-maria-ofelia-skolak\/","og_locale":"es_ES","og_type":"article","og_title":"CONCEJALES SE PRESENTARON EN \"PARQUE NORTE\" Y LABRARON UN ACTA (las opiniones de Sergio Bordoni y Mar\u00eda Ofelia Skolak) - CELTTV","og_description":"Sitio web de noticias de la localidad de Tornquist, provincia de Buenos Aires, Rep\u00fablica Argentina. Contenido propio originado por periodistas de CELTTV, el canal de TV local de la Cooperativa El\u00e9ctrica de Tornquist. Turismo, Pol\u00edtica, Sociedad, Deporte, Cultura y todo el contenido de inter\u00e9s general que la gente del pueblo y la regi\u00f3n debe conocer.","og_url":"https:\/\/www.celttv.com.ar\/index.php\/2012\/12\/25\/concejales-se-presentaron-en-parque-norte-y-labraron-un-acta-las-opiniones-de-sergio-bordoni-y-maria-ofelia-skolak\/","og_site_name":"CELTTV","article_publisher":"https:\/\/www.facebook.com\/celtTV\/","article_published_time":"2012-12-25T18:31:43+00:00","author":"ulises","twitter_card":"summary_large_image","twitter_misc":{"Escrito por":"ulises","Tiempo de lectura":"2 minutos"},"schema":{"@context":"https:\/\/schema.org","@graph":[{"@type":"NewsArticle","@id":"https:\/\/www.celttv.com.ar\/index.php\/2012\/12\/25\/concejales-se-presentaron-en-parque-norte-y-labraron-un-acta-las-opiniones-de-sergio-bordoni-y-maria-ofelia-skolak\/#article","isPartOf":{"@id":"https:\/\/www.celttv.com.ar\/index.php\/2012\/12\/25\/concejales-se-presentaron-en-parque-norte-y-labraron-un-acta-las-opiniones-de-sergio-bordoni-y-maria-ofelia-skolak\/"},"author":{"name":"ulises","@id":"https:\/\/www.celttv.com.ar\/#\/schema\/person\/6d99c072dba59953809c81446e9d0ace"},"headline":"CONCEJALES SE PRESENTARON EN &#8220;PARQUE NORTE&#8221; Y LABRARON UN ACTA (las opiniones de Sergio Bordoni y Mar\u00eda Ofelia Skolak)","datePublished":"2012-12-25T18:31:43+00:00","dateModified":"2012-12-25T18:31:43+00:00","mainEntityOfPage":{"@id":"https:\/\/www.celttv.com.ar\/index.php\/2012\/12\/25\/concejales-se-presentaron-en-parque-norte-y-labraron-un-acta-las-opiniones-de-sergio-bordoni-y-maria-ofelia-skolak\/"},"wordCount":421,"publisher":{"@id":"https:\/\/www.celttv.com.ar\/#organization"},"articleSection":["Comunidad","Destacadas","Videos Destacados"],"inLanguage":"es"},{"@type":"WebPage","@id":"https:\/\/www.celttv.com.ar\/index.php\/2012\/12\/25\/concejales-se-presentaron-en-parque-norte-y-labraron-un-acta-las-opiniones-de-sergio-bordoni-y-maria-ofelia-skolak\/","url":"https:\/\/www.celttv.com.ar\/index.php\/2012\/12\/25\/concejales-se-presentaron-en-parque-norte-y-labraron-un-acta-las-opiniones-de-sergio-bordoni-y-maria-ofelia-skolak\/","name":"CONCEJALES SE PRESENTARON EN \"PARQUE NORTE\" Y LABRARON UN ACTA (las opiniones de Sergio Bordoni y Mar\u00eda Ofelia Skolak) - CELTTV","isPartOf":{"@id":"https:\/\/www.celttv.com.ar\/#website"},"datePublished":"2012-12-25T18:31:43+00:00","dateModified":"2012-12-25T18:31:43+00:00","description":"Sitio web de noticias de la localidad de Tornquist, provincia de Buenos Aires, Rep\u00fablica Argentina. Contenido propio originado por periodistas de CELTTV, el canal de TV local de la Cooperativa El\u00e9ctrica de Tornquist. Turismo, Pol\u00edtica, Sociedad, Deporte, Cultura y todo el contenido de inter\u00e9s general que la gente del pueblo y la regi\u00f3n debe conocer.","breadcrumb":{"@id":"https:\/\/www.celttv.com.ar\/index.php\/2012\/12\/25\/concejales-se-presentaron-en-parque-norte-y-labraron-un-acta-las-opiniones-de-sergio-bordoni-y-maria-ofelia-skolak\/#breadcrumb"},"inLanguage":"es","potentialAction":[{"@type":"ReadAction","target":["https:\/\/www.celttv.com.ar\/index.php\/2012\/12\/25\/concejales-se-presentaron-en-parque-norte-y-labraron-un-acta-las-opiniones-de-sergio-bordoni-y-maria-ofelia-skolak\/"]}]},{"@type":"BreadcrumbList","@id":"https:\/\/www.celttv.com.ar\/index.php\/2012\/12\/25\/concejales-se-presentaron-en-parque-norte-y-labraron-un-acta-las-opiniones-de-sergio-bordoni-y-maria-ofelia-skolak\/#breadcrumb","itemListElement":[{"@type":"ListItem","position":1,"name":"Inicio","item":"https:\/\/www.celttv.com.ar\/"},{"@type":"ListItem","position":2,"name":"CONCEJALES SE PRESENTARON EN &#8220;PARQUE NORTE&#8221; Y LABRARON UN ACTA (las opiniones de Sergio Bordoni y Mar\u00eda Ofelia Skolak)"}]},{"@type":"WebSite","@id":"https:\/\/www.celttv.com.ar\/#website","url":"https:\/\/www.celttv.com.ar\/","name":"CELTTV","description":"Cooperativa El\u00e9ctrica de Tornquist","publisher":{"@id":"https:\/\/www.celttv.com.ar\/#organization"},"potentialAction":[{"@type":"SearchAction","target":{"@type":"EntryPoint","urlTemplate":"https:\/\/www.celttv.com.ar\/?s={search_term_string}"},"query-input":"required name=search_term_string"}],"inLanguage":"es"},{"@type":"Organization","@id":"https:\/\/www.celttv.com.ar\/#organization","name":"CELTTV","url":"https:\/\/www.celttv.com.ar\/","sameAs":["https:\/\/www.youtube.com\/channel\/UCz_oIt8Hig64Ub-EmcNPIhg","https:\/\/www.facebook.com\/celtTV\/"],"logo":{"@type":"ImageObject","inLanguage":"es","@id":"https:\/\/www.celttv.com.ar\/#\/schema\/logo\/image\/","url":"http:\/\/www.celttv.com.ar\/wp-content\/uploads\/2022\/08\/logo-1.png","contentUrl":"http:\/\/www.celttv.com.ar\/wp-content\/uploads\/2022\/08\/logo-1.png","width":461,"height":159,"caption":"CELTTV"},"image":{"@id":"https:\/\/www.celttv.com.ar\/#\/schema\/logo\/image\/"}},{"@type":"Person","@id":"https:\/\/www.celttv.com.ar\/#\/schema\/person\/6d99c072dba59953809c81446e9d0ace","name":"ulises","image":{"@type":"ImageObject","inLanguage":"es","@id":"https:\/\/www.celttv.com.ar\/#\/schema\/person\/image\/","url":"https:\/\/secure.gravatar.com\/avatar\/7f2c48bdc33b30088f941fb6082e555f2874c98e20cb159d7b92b50eadfce793?s=96&d=mm&r=g","contentUrl":"https:\/\/secure.gravatar.com\/avatar\/7f2c48bdc33b30088f941fb6082e555f2874c98e20cb159d7b92b50eadfce793?s=96&d=mm&r=g","caption":"ulises"},"sameAs":["http:\/\/www.celttv.com.ar"]}]}},"_links":{"self":[{"href":"https:\/\/www.celttv.com.ar\/index.php\/wp-json\/wp\/v2\/posts\/9504","targetHints":{"allow":["GET"]}}],"collection":[{"href":"https:\/\/www.celttv.com.ar\/index.php\/wp-json\/wp\/v2\/posts"}],"about":[{"href":"https:\/\/www.celttv.com.ar\/index.php\/wp-json\/wp\/v2\/types\/post"}],"author":[{"embeddable":true,"href":"https:\/\/www.celttv.com.ar\/index.php\/wp-json\/wp\/v2\/users\/1"}],"replies":[{"embeddable":true,"href":"https:\/\/www.celttv.com.ar\/index.php\/wp-json\/wp\/v2\/comments?post=9504"}],"version-history":[{"count":0,"href":"https:\/\/www.celttv.com.ar\/index.php\/wp-json\/wp\/v2\/posts\/9504\/revisions"}],"wp:attachment":[{"href":"https:\/\/www.celttv.com.ar\/index.php\/wp-json\/wp\/v2\/media?parent=9504"}],"wp:term":[{"taxonomy":"category","embeddable":true,"href":"https:\/\/www.celttv.com.ar\/index.php\/wp-json\/wp\/v2\/categories?post=9504"},{"taxonomy":"post_tag","embeddable":true,"href":"https:\/\/www.celttv.com.ar\/index.php\/wp-json\/wp\/v2\/tags?post=9504"}],"curies":[{"name":"wp","href":"https:\/\/api.w.org\/{rel}","templated":true}]}}