{"id":9520,"date":"2012-12-28T00:37:02","date_gmt":"2012-12-28T00:37:02","guid":{"rendered":"http:\/\/www.tvcnoticias.com.ar\/?p=9520"},"modified":"2012-12-28T00:37:02","modified_gmt":"2012-12-28T00:37:02","slug":"el-titular-de-la-afip-ricardo-echagaray-recibio-a-trankels-en-una-importante-gestion-para-la-region","status":"publish","type":"post","link":"https:\/\/www.celttv.com.ar\/index.php\/2012\/12\/28\/el-titular-de-la-afip-ricardo-echagaray-recibio-a-trankels-en-una-importante-gestion-para-la-region\/","title":{"rendered":"EL TITULAR DE LA AFIP. RICARDO ECHEGARAY RECIBIO A TRANKELS EN UNA IMPORTANTE GESTION PARA LA REGION"},"content":{"rendered":"<p><a rel=\"attachment wp-att-9523\" href=\"http:\/\/www.tvcnoticias.com.ar\/?attachment_id=9523\"><img loading=\"lazy\" decoding=\"async\" class=\"aligncenter size-full wp-image-9523\" title=\"Imagen-010 (Small)\" src=\"http:\/\/www.tvcnoticias.com.ar\/wp-content\/uploads\/2012\/12\/Imagen-010-Small.jpg\" alt=\"\" width=\"640\" height=\"427\" \/><\/a><br \/>\n<a rel=\"attachment wp-att-9522\" href=\"http:\/\/www.tvcnoticias.com.ar\/?attachment_id=9522\"><img loading=\"lazy\" decoding=\"async\" class=\"aligncenter size-full wp-image-9522\" title=\"Imagen-006 (Small)\" src=\"http:\/\/www.tvcnoticias.com.ar\/wp-content\/uploads\/2012\/12\/Imagen-006-Small.jpg\" alt=\"\" width=\"640\" height=\"427\" \/><\/a><br \/>\nUna reuni\u00f3n sobre la posible implementaci\u00f3n de nuevas medidas tributarias e impositivas para el sector agropecuario de la provincia de Buenos Aires, y que tendr\u00e1n repercusi\u00f3n en impuestos nacionales, mantuvo hoy el titular de AFIP, Ricardo Echegaray, con funcionarios nacionales y regionales, entre ellos el intendente municipal, licenciado Gustavo Trankels. El encuentro, que fue considerado como muy positivo, cont\u00f3 tambi\u00e9n con la presencia del secretario de Coordinaci\u00f3n Pol\u00edtica Institucional del ministro de Agricultura, Ganader\u00eda y Pesca de la Naci\u00f3n, Haroldo Lebed; la diputada provincial Anal\u00eda Richmond; y los intendentes Patricia Cobello (Villarino) y Jabier Garc\u00e9s (Patagones). Durante el encuentro, el intendente Trankels y los restantes jefes comunales de nuestra zona plantearon la realidad que atraviesa hoy el sudoeste bonaerense, comentaron los alcances del reval\u00fao fiscal y solicitaron la posibilidad de diferir el pago de los impuestos conocidos como Renta M\u00ednima Presunta, Impuesto a las Ganancias y Bienes Personales. \u201cQuiero agradecer la gran predisposici\u00f3n del titular de AFIP y la comprensi\u00f3n de la realidad que atraviesa el sector en cuesti\u00f3n, como tambi\u00e9n el apoyo y el acompa\u00f1amiento del presidente de la C\u00e1mara de Diputados de la Naci\u00f3n, Juli\u00e1n Dom\u00ednguez, y el ministro de Agricultura, Ganader\u00eda y Pesca de la Naci\u00f3n, Norberto Yauhar\u201d, se\u00f1al\u00f3 el intendente Trankels. \u201cEsta gesti\u00f3n es muy importante para seguir acompa\u00f1ando a los productores agr\u00edcolo ganaderos de nuestro distrito, que en estos \u00faltimos a\u00f1os atravesaron muchas dificultades\u201d, a\u00f1adi\u00f3.\ufeff<\/p>\n","protected":false},"excerpt":{"rendered":"<p>Una reuni\u00f3n sobre la posible implementaci\u00f3n de nuevas medidas tributarias e impositivas para el sector agropecuario de la provincia de Buenos Aires, y que tendr\u00e1n repercusi\u00f3n en impuestos nacionales, mantuvo hoy el titular de AFIP, Ricardo Echegaray, con funcionarios nacionales y regionales, entre ellos el intendente municipal, licenciado Gustavo Trankels. El encuentro, que fue considerado [&hellip;]<\/p>\n","protected":false},"author":1,"featured_media":0,"comment_status":"closed","ping_status":"open","sticky":false,"template":"","format":"standard","meta":{"footnotes":""},"categories":[51,52,53],"tags":[],"class_list":["post-9520","post","type-post","status-publish","format-standard","hentry","category-comunidad","category-destacadas","category-politica"],"yoast_head":"<!-- This site is optimized with the Yoast SEO plugin v19.7.1 - https:\/\/yoast.com\/wordpress\/plugins\/seo\/ -->\n<title>EL TITULAR DE LA AFIP. RICARDO ECHEGARAY RECIBIO A TRANKELS EN UNA IMPORTANTE GESTION PARA LA REGION - CELTTV<\/title>\n<meta name=\"description\" content=\"Sitio web de noticias de la localidad de Tornquist, provincia de Buenos Aires, Rep\u00fablica Argentina. Contenido propio originado por periodistas de CELTTV, el canal de TV local de la Cooperativa El\u00e9ctrica de Tornquist. Turismo, Pol\u00edtica, Sociedad, Deporte, Cultura y todo el contenido de inter\u00e9s general que la gente del pueblo y la regi\u00f3n debe conocer.\" \/>\n<meta name=\"robots\" content=\"index, follow, max-snippet:-1, max-image-preview:large, max-video-preview:-1\" \/>\n<link rel=\"canonical\" href=\"https:\/\/www.celttv.com.ar\/index.php\/2012\/12\/28\/el-titular-de-la-afip-ricardo-echagaray-recibio-a-trankels-en-una-importante-gestion-para-la-region\/\" \/>\n<meta property=\"og:locale\" content=\"es_ES\" \/>\n<meta property=\"og:type\" content=\"article\" \/>\n<meta property=\"og:title\" content=\"EL TITULAR DE LA AFIP. RICARDO ECHEGARAY RECIBIO A TRANKELS EN UNA IMPORTANTE GESTION PARA LA REGION - CELTTV\" \/>\n<meta property=\"og:description\" content=\"Sitio web de noticias de la localidad de Tornquist, provincia de Buenos Aires, Rep\u00fablica Argentina. Contenido propio originado por periodistas de CELTTV, el canal de TV local de la Cooperativa El\u00e9ctrica de Tornquist. Turismo, Pol\u00edtica, Sociedad, Deporte, Cultura y todo el contenido de inter\u00e9s general que la gente del pueblo y la regi\u00f3n debe conocer.\" \/>\n<meta property=\"og:url\" content=\"https:\/\/www.celttv.com.ar\/index.php\/2012\/12\/28\/el-titular-de-la-afip-ricardo-echagaray-recibio-a-trankels-en-una-importante-gestion-para-la-region\/\" \/>\n<meta property=\"og:site_name\" content=\"CELTTV\" \/>\n<meta property=\"article:publisher\" content=\"https:\/\/www.facebook.com\/celtTV\/\" \/>\n<meta property=\"article:published_time\" content=\"2012-12-28T00:37:02+00:00\" \/>\n<meta property=\"og:image\" content=\"http:\/\/www.tvcnoticias.com.ar\/wp-content\/uploads\/2012\/12\/Imagen-010-Small.jpg\" \/>\n<meta name=\"author\" content=\"ulises\" \/>\n<meta name=\"twitter:card\" content=\"summary_large_image\" \/>\n<meta name=\"twitter:label1\" content=\"Escrito por\" \/>\n\t<meta name=\"twitter:data1\" content=\"ulises\" \/>\n\t<meta name=\"twitter:label2\" content=\"Tiempo de lectura\" \/>\n\t<meta name=\"twitter:data2\" content=\"1 minuto\" \/>\n<script type=\"application\/ld+json\" class=\"yoast-schema-graph\">{\"@context\":\"https:\/\/schema.org\",\"@graph\":[{\"@type\":\"NewsArticle\",\"@id\":\"https:\/\/www.celttv.com.ar\/index.php\/2012\/12\/28\/el-titular-de-la-afip-ricardo-echagaray-recibio-a-trankels-en-una-importante-gestion-para-la-region\/#article\",\"isPartOf\":{\"@id\":\"https:\/\/www.celttv.com.ar\/index.php\/2012\/12\/28\/el-titular-de-la-afip-ricardo-echagaray-recibio-a-trankels-en-una-importante-gestion-para-la-region\/\"},\"author\":{\"name\":\"ulises\",\"@id\":\"https:\/\/www.celttv.com.ar\/#\/schema\/person\/6d99c072dba59953809c81446e9d0ace\"},\"headline\":\"EL TITULAR DE LA AFIP. RICARDO ECHEGARAY RECIBIO A TRANKELS EN UNA IMPORTANTE GESTION PARA LA REGION\",\"datePublished\":\"2012-12-28T00:37:02+00:00\",\"dateModified\":\"2012-12-28T00:37:02+00:00\",\"mainEntityOfPage\":{\"@id\":\"https:\/\/www.celttv.com.ar\/index.php\/2012\/12\/28\/el-titular-de-la-afip-ricardo-echagaray-recibio-a-trankels-en-una-importante-gestion-para-la-region\/\"},\"wordCount\":277,\"publisher\":{\"@id\":\"https:\/\/www.celttv.com.ar\/#organization\"},\"articleSection\":[\"Comunidad\",\"Destacadas\",\"Pol\u00edtica\"],\"inLanguage\":\"es\"},{\"@type\":\"WebPage\",\"@id\":\"https:\/\/www.celttv.com.ar\/index.php\/2012\/12\/28\/el-titular-de-la-afip-ricardo-echagaray-recibio-a-trankels-en-una-importante-gestion-para-la-region\/\",\"url\":\"https:\/\/www.celttv.com.ar\/index.php\/2012\/12\/28\/el-titular-de-la-afip-ricardo-echagaray-recibio-a-trankels-en-una-importante-gestion-para-la-region\/\",\"name\":\"EL TITULAR DE LA AFIP. RICARDO ECHEGARAY RECIBIO A TRANKELS EN UNA IMPORTANTE GESTION PARA LA REGION - CELTTV\",\"isPartOf\":{\"@id\":\"https:\/\/www.celttv.com.ar\/#website\"},\"datePublished\":\"2012-12-28T00:37:02+00:00\",\"dateModified\":\"2012-12-28T00:37:02+00:00\",\"description\":\"Sitio web de noticias de la localidad de Tornquist, provincia de Buenos Aires, Rep\u00fablica Argentina. Contenido propio originado por periodistas de CELTTV, el canal de TV local de la Cooperativa El\u00e9ctrica de Tornquist. Turismo, Pol\u00edtica, Sociedad, Deporte, Cultura y todo el contenido de inter\u00e9s general que la gente del pueblo y la regi\u00f3n debe conocer.\",\"breadcrumb\":{\"@id\":\"https:\/\/www.celttv.com.ar\/index.php\/2012\/12\/28\/el-titular-de-la-afip-ricardo-echagaray-recibio-a-trankels-en-una-importante-gestion-para-la-region\/#breadcrumb\"},\"inLanguage\":\"es\",\"potentialAction\":[{\"@type\":\"ReadAction\",\"target\":[\"https:\/\/www.celttv.com.ar\/index.php\/2012\/12\/28\/el-titular-de-la-afip-ricardo-echagaray-recibio-a-trankels-en-una-importante-gestion-para-la-region\/\"]}]},{\"@type\":\"BreadcrumbList\",\"@id\":\"https:\/\/www.celttv.com.ar\/index.php\/2012\/12\/28\/el-titular-de-la-afip-ricardo-echagaray-recibio-a-trankels-en-una-importante-gestion-para-la-region\/#breadcrumb\",\"itemListElement\":[{\"@type\":\"ListItem\",\"position\":1,\"name\":\"Inicio\",\"item\":\"https:\/\/www.celttv.com.ar\/\"},{\"@type\":\"ListItem\",\"position\":2,\"name\":\"EL TITULAR DE LA AFIP. RICARDO ECHEGARAY RECIBIO A TRANKELS EN UNA IMPORTANTE GESTION PARA LA REGION\"}]},{\"@type\":\"WebSite\",\"@id\":\"https:\/\/www.celttv.com.ar\/#website\",\"url\":\"https:\/\/www.celttv.com.ar\/\",\"name\":\"CELTTV\",\"description\":\"Cooperativa El\u00e9ctrica de Tornquist\",\"publisher\":{\"@id\":\"https:\/\/www.celttv.com.ar\/#organization\"},\"potentialAction\":[{\"@type\":\"SearchAction\",\"target\":{\"@type\":\"EntryPoint\",\"urlTemplate\":\"https:\/\/www.celttv.com.ar\/?s={search_term_string}\"},\"query-input\":\"required name=search_term_string\"}],\"inLanguage\":\"es\"},{\"@type\":\"Organization\",\"@id\":\"https:\/\/www.celttv.com.ar\/#organization\",\"name\":\"CELTTV\",\"url\":\"https:\/\/www.celttv.com.ar\/\",\"sameAs\":[\"https:\/\/www.youtube.com\/channel\/UCz_oIt8Hig64Ub-EmcNPIhg\",\"https:\/\/www.facebook.com\/celtTV\/\"],\"logo\":{\"@type\":\"ImageObject\",\"inLanguage\":\"es\",\"@id\":\"https:\/\/www.celttv.com.ar\/#\/schema\/logo\/image\/\",\"url\":\"http:\/\/www.celttv.com.ar\/wp-content\/uploads\/2022\/08\/logo-1.png\",\"contentUrl\":\"http:\/\/www.celttv.com.ar\/wp-content\/uploads\/2022\/08\/logo-1.png\",\"width\":461,\"height\":159,\"caption\":\"CELTTV\"},\"image\":{\"@id\":\"https:\/\/www.celttv.com.ar\/#\/schema\/logo\/image\/\"}},{\"@type\":\"Person\",\"@id\":\"https:\/\/www.celttv.com.ar\/#\/schema\/person\/6d99c072dba59953809c81446e9d0ace\",\"name\":\"ulises\",\"image\":{\"@type\":\"ImageObject\",\"inLanguage\":\"es\",\"@id\":\"https:\/\/www.celttv.com.ar\/#\/schema\/person\/image\/\",\"url\":\"https:\/\/secure.gravatar.com\/avatar\/7f2c48bdc33b30088f941fb6082e555f2874c98e20cb159d7b92b50eadfce793?s=96&d=mm&r=g\",\"contentUrl\":\"https:\/\/secure.gravatar.com\/avatar\/7f2c48bdc33b30088f941fb6082e555f2874c98e20cb159d7b92b50eadfce793?s=96&d=mm&r=g\",\"caption\":\"ulises\"},\"sameAs\":[\"http:\/\/www.celttv.com.ar\"]}]}<\/script>\n<!-- \/ Yoast SEO plugin. -->","yoast_head_json":{"title":"EL TITULAR DE LA AFIP. RICARDO ECHEGARAY RECIBIO A TRANKELS EN UNA IMPORTANTE GESTION PARA LA REGION - CELTTV","description":"Sitio web de noticias de la localidad de Tornquist, provincia de Buenos Aires, Rep\u00fablica Argentina. Contenido propio originado por periodistas de CELTTV, el canal de TV local de la Cooperativa El\u00e9ctrica de Tornquist. Turismo, Pol\u00edtica, Sociedad, Deporte, Cultura y todo el contenido de inter\u00e9s general que la gente del pueblo y la regi\u00f3n debe conocer.","robots":{"index":"index","follow":"follow","max-snippet":"max-snippet:-1","max-image-preview":"max-image-preview:large","max-video-preview":"max-video-preview:-1"},"canonical":"https:\/\/www.celttv.com.ar\/index.php\/2012\/12\/28\/el-titular-de-la-afip-ricardo-echagaray-recibio-a-trankels-en-una-importante-gestion-para-la-region\/","og_locale":"es_ES","og_type":"article","og_title":"EL TITULAR DE LA AFIP. RICARDO ECHEGARAY RECIBIO A TRANKELS EN UNA IMPORTANTE GESTION PARA LA REGION - CELTTV","og_description":"Sitio web de noticias de la localidad de Tornquist, provincia de Buenos Aires, Rep\u00fablica Argentina. Contenido propio originado por periodistas de CELTTV, el canal de TV local de la Cooperativa El\u00e9ctrica de Tornquist. Turismo, Pol\u00edtica, Sociedad, Deporte, Cultura y todo el contenido de inter\u00e9s general que la gente del pueblo y la regi\u00f3n debe conocer.","og_url":"https:\/\/www.celttv.com.ar\/index.php\/2012\/12\/28\/el-titular-de-la-afip-ricardo-echagaray-recibio-a-trankels-en-una-importante-gestion-para-la-region\/","og_site_name":"CELTTV","article_publisher":"https:\/\/www.facebook.com\/celtTV\/","article_published_time":"2012-12-28T00:37:02+00:00","og_image":[{"url":"http:\/\/www.tvcnoticias.com.ar\/wp-content\/uploads\/2012\/12\/Imagen-010-Small.jpg"}],"author":"ulises","twitter_card":"summary_large_image","twitter_misc":{"Escrito por":"ulises","Tiempo de lectura":"1 minuto"},"schema":{"@context":"https:\/\/schema.org","@graph":[{"@type":"NewsArticle","@id":"https:\/\/www.celttv.com.ar\/index.php\/2012\/12\/28\/el-titular-de-la-afip-ricardo-echagaray-recibio-a-trankels-en-una-importante-gestion-para-la-region\/#article","isPartOf":{"@id":"https:\/\/www.celttv.com.ar\/index.php\/2012\/12\/28\/el-titular-de-la-afip-ricardo-echagaray-recibio-a-trankels-en-una-importante-gestion-para-la-region\/"},"author":{"name":"ulises","@id":"https:\/\/www.celttv.com.ar\/#\/schema\/person\/6d99c072dba59953809c81446e9d0ace"},"headline":"EL TITULAR DE LA AFIP. RICARDO ECHEGARAY RECIBIO A TRANKELS EN UNA IMPORTANTE GESTION PARA LA REGION","datePublished":"2012-12-28T00:37:02+00:00","dateModified":"2012-12-28T00:37:02+00:00","mainEntityOfPage":{"@id":"https:\/\/www.celttv.com.ar\/index.php\/2012\/12\/28\/el-titular-de-la-afip-ricardo-echagaray-recibio-a-trankels-en-una-importante-gestion-para-la-region\/"},"wordCount":277,"publisher":{"@id":"https:\/\/www.celttv.com.ar\/#organization"},"articleSection":["Comunidad","Destacadas","Pol\u00edtica"],"inLanguage":"es"},{"@type":"WebPage","@id":"https:\/\/www.celttv.com.ar\/index.php\/2012\/12\/28\/el-titular-de-la-afip-ricardo-echagaray-recibio-a-trankels-en-una-importante-gestion-para-la-region\/","url":"https:\/\/www.celttv.com.ar\/index.php\/2012\/12\/28\/el-titular-de-la-afip-ricardo-echagaray-recibio-a-trankels-en-una-importante-gestion-para-la-region\/","name":"EL TITULAR DE LA AFIP. RICARDO ECHEGARAY RECIBIO A TRANKELS EN UNA IMPORTANTE GESTION PARA LA REGION - CELTTV","isPartOf":{"@id":"https:\/\/www.celttv.com.ar\/#website"},"datePublished":"2012-12-28T00:37:02+00:00","dateModified":"2012-12-28T00:37:02+00:00","description":"Sitio web de noticias de la localidad de Tornquist, provincia de Buenos Aires, Rep\u00fablica Argentina. Contenido propio originado por periodistas de CELTTV, el canal de TV local de la Cooperativa El\u00e9ctrica de Tornquist. Turismo, Pol\u00edtica, Sociedad, Deporte, Cultura y todo el contenido de inter\u00e9s general que la gente del pueblo y la regi\u00f3n debe conocer.","breadcrumb":{"@id":"https:\/\/www.celttv.com.ar\/index.php\/2012\/12\/28\/el-titular-de-la-afip-ricardo-echagaray-recibio-a-trankels-en-una-importante-gestion-para-la-region\/#breadcrumb"},"inLanguage":"es","potentialAction":[{"@type":"ReadAction","target":["https:\/\/www.celttv.com.ar\/index.php\/2012\/12\/28\/el-titular-de-la-afip-ricardo-echagaray-recibio-a-trankels-en-una-importante-gestion-para-la-region\/"]}]},{"@type":"BreadcrumbList","@id":"https:\/\/www.celttv.com.ar\/index.php\/2012\/12\/28\/el-titular-de-la-afip-ricardo-echagaray-recibio-a-trankels-en-una-importante-gestion-para-la-region\/#breadcrumb","itemListElement":[{"@type":"ListItem","position":1,"name":"Inicio","item":"https:\/\/www.celttv.com.ar\/"},{"@type":"ListItem","position":2,"name":"EL TITULAR DE LA AFIP. RICARDO ECHEGARAY RECIBIO A TRANKELS EN UNA IMPORTANTE GESTION PARA LA REGION"}]},{"@type":"WebSite","@id":"https:\/\/www.celttv.com.ar\/#website","url":"https:\/\/www.celttv.com.ar\/","name":"CELTTV","description":"Cooperativa El\u00e9ctrica de Tornquist","publisher":{"@id":"https:\/\/www.celttv.com.ar\/#organization"},"potentialAction":[{"@type":"SearchAction","target":{"@type":"EntryPoint","urlTemplate":"https:\/\/www.celttv.com.ar\/?s={search_term_string}"},"query-input":"required name=search_term_string"}],"inLanguage":"es"},{"@type":"Organization","@id":"https:\/\/www.celttv.com.ar\/#organization","name":"CELTTV","url":"https:\/\/www.celttv.com.ar\/","sameAs":["https:\/\/www.youtube.com\/channel\/UCz_oIt8Hig64Ub-EmcNPIhg","https:\/\/www.facebook.com\/celtTV\/"],"logo":{"@type":"ImageObject","inLanguage":"es","@id":"https:\/\/www.celttv.com.ar\/#\/schema\/logo\/image\/","url":"http:\/\/www.celttv.com.ar\/wp-content\/uploads\/2022\/08\/logo-1.png","contentUrl":"http:\/\/www.celttv.com.ar\/wp-content\/uploads\/2022\/08\/logo-1.png","width":461,"height":159,"caption":"CELTTV"},"image":{"@id":"https:\/\/www.celttv.com.ar\/#\/schema\/logo\/image\/"}},{"@type":"Person","@id":"https:\/\/www.celttv.com.ar\/#\/schema\/person\/6d99c072dba59953809c81446e9d0ace","name":"ulises","image":{"@type":"ImageObject","inLanguage":"es","@id":"https:\/\/www.celttv.com.ar\/#\/schema\/person\/image\/","url":"https:\/\/secure.gravatar.com\/avatar\/7f2c48bdc33b30088f941fb6082e555f2874c98e20cb159d7b92b50eadfce793?s=96&d=mm&r=g","contentUrl":"https:\/\/secure.gravatar.com\/avatar\/7f2c48bdc33b30088f941fb6082e555f2874c98e20cb159d7b92b50eadfce793?s=96&d=mm&r=g","caption":"ulises"},"sameAs":["http:\/\/www.celttv.com.ar"]}]}},"_links":{"self":[{"href":"https:\/\/www.celttv.com.ar\/index.php\/wp-json\/wp\/v2\/posts\/9520","targetHints":{"allow":["GET"]}}],"collection":[{"href":"https:\/\/www.celttv.com.ar\/index.php\/wp-json\/wp\/v2\/posts"}],"about":[{"href":"https:\/\/www.celttv.com.ar\/index.php\/wp-json\/wp\/v2\/types\/post"}],"author":[{"embeddable":true,"href":"https:\/\/www.celttv.com.ar\/index.php\/wp-json\/wp\/v2\/users\/1"}],"replies":[{"embeddable":true,"href":"https:\/\/www.celttv.com.ar\/index.php\/wp-json\/wp\/v2\/comments?post=9520"}],"version-history":[{"count":0,"href":"https:\/\/www.celttv.com.ar\/index.php\/wp-json\/wp\/v2\/posts\/9520\/revisions"}],"wp:attachment":[{"href":"https:\/\/www.celttv.com.ar\/index.php\/wp-json\/wp\/v2\/media?parent=9520"}],"wp:term":[{"taxonomy":"category","embeddable":true,"href":"https:\/\/www.celttv.com.ar\/index.php\/wp-json\/wp\/v2\/categories?post=9520"},{"taxonomy":"post_tag","embeddable":true,"href":"https:\/\/www.celttv.com.ar\/index.php\/wp-json\/wp\/v2\/tags?post=9520"}],"curies":[{"name":"wp","href":"https:\/\/api.w.org\/{rel}","templated":true}]}}