{"id":9529,"date":"2012-12-28T00:51:46","date_gmt":"2012-12-28T00:51:46","guid":{"rendered":"http:\/\/www.tvcnoticias.com.ar\/?p=9529"},"modified":"2012-12-28T00:51:46","modified_gmt":"2012-12-28T00:51:46","slug":"varios-accidentes-se-registraron-en-los-ultimos-dias-videos","status":"publish","type":"post","link":"https:\/\/www.celttv.com.ar\/index.php\/2012\/12\/28\/varios-accidentes-se-registraron-en-los-ultimos-dias-videos\/","title":{"rendered":"VARIOS ACCIDENTES SE REGISTRARON EN LOS ULTIMOS DIAS (videos)"},"content":{"rendered":"<p>No menos de cuatro accidentes se registraron en las \u00faltimas horas en la ciudad o la zona inmediata y afortunadamente en todos ellos la mano de Dios estuvo presente, ya que en ninguno se registraron v\u00edctimas fatales; solo algunos golpes y, por supuesto, un gran susto.<br \/>\nhttpv:\/\/www.youtube.com\/watch?v=oXb9HbBvpi4<br \/>\nVUELCO EN LA RUTA 33<br \/>\nOcurri\u00f3 el pasado mi\u00e9rcoles 19 en el Km. 85 donde por causas no establecidas, volc\u00f3 una camioneta Peugeot Partner Patag\u00f3nica (LQT259, ) guiada por EDUARDO FRANCISCO POLACEK domiciliado en Villa Ballester a quien acompa\u00f1aba otra persona de sexo masculino cuyos datos no trascendieron.<br \/>\nEl veh\u00edculo se desplazaba sentido Pig\u00fae-Bah\u00eda Blanca y, seg\u00fan relataba el propio conductor, en un determinado momento mordi\u00f3 la banquina y al intentar retomar fue cuando perdi\u00f3 el control y termin\u00f3 volcada.<br \/>\nSi bien el vehiculo sufri\u00f3 da\u00f1os importantes, sus dos ocupantes, que viajaban con el cintur\u00f3n de seguridad colocados, no sufrieron heridas.<br \/>\nUNA MOTO TERMINO DEBAJO DE UNA CAMIONETA<br \/>\nUn choque entre una camioneta y una moto, se registr\u00f3 el pasado viernes en horas de la ma\u00f1ana en la intersecci\u00f3n de Ameghino y Brown. En ese lugar PEDRO BENITEZ que se encontraba al mando de una camioneta Ford F 100(RBN) 475 y que se dirig\u00eda por Ameghino, colision\u00f3 con una moto Motomel(DLG 289) al mando de SERGIO CACERES(25).<br \/>\nLa moto termin\u00f3 debajo de la camioneta y C\u00e1ceres que circulaba sin casco protector fue derivado m\u00e1s tarde seg\u00fan se supo por una fractura a un nosocomio de Bah\u00eda Blanca. Intervino la polic\u00eda comunal y personal del Hospital Municipal.<br \/>\nhttpv:\/\/www.youtube.com\/watch?v=4F62ZZ7e4Vw<br \/>\nCHOQUE EN PLENO CENTRO<br \/>\nCerca de las once de la ma\u00f1ana del pasado s\u00e1bado se produjo en la intersecci\u00f3n de 9 de Julio y Guemes, una colisi\u00f3n entre un autom\u00f3vil Renault 12(SHR 413) y un Ford Escort (UVN 030).<br \/>\nEl Escort al mando de JOSE ESCUDERO(68), domiciliado en calle San Mart\u00edn, circulaba por Guemes y embisti\u00f3 en la parte delantera izquierda al Renault 12 ocupado por YESICA Y AMILCAR MOLINA que lo hac\u00eda por 9 de Julio.<br \/>\nPor prevenci\u00f3n la mujer fue derivada al hospital municipal por un golpe en la frente que no revisti\u00f3 gravedad.<br \/>\nhttpv:\/\/www.youtube.com\/watch?v=WAP3X3RaRoI<br \/>\nSE ROZARON DOS CAMIONES EN LA RUTA 33<br \/>\nUn accidente que podr\u00eda haber derivado en consecuencias mayores ocurri\u00f3 este mi\u00e9rcoles en el kil\u00f3metro 70 de la ruta 33, a unos mil metros del acceso a Tornquist. En plena recta, se rozaron dos camiones y uno de ellos termin\u00f3 con serios da\u00f1os y el chasis en sentido contrario por el efecto tijera.<br \/>\n\u00a0Desde el cuartel de bomberos voluntarios se inform\u00f3 que los involucrados fueron un Mercedes Benz(Cerealero) 1114 color gris(JPS 441), conducido por LUCAS LUCERO(28), oriundo de Casbas y un Fiat Iveco 330 color blanco(JLB826), al mando de EDUARDO BARAZ(46), domiciliado en Luque(Pcia. De C\u00f3rdoba).<br \/>\nAfortunadamete no hubo que lamentar v\u00edctimas y sus ocupantes recibieron solo algunos rasgu\u00f1os.<\/p>\n","protected":false},"excerpt":{"rendered":"<p>No menos de cuatro accidentes se registraron en las \u00faltimas horas en la ciudad o la zona inmediata y afortunadamente en todos ellos la mano de Dios estuvo presente, ya que en ninguno se registraron v\u00edctimas fatales; solo algunos golpes y, por supuesto, un gran susto. httpv:\/\/www.youtube.com\/watch?v=oXb9HbBvpi4 VUELCO EN LA RUTA 33 Ocurri\u00f3 el pasado [&hellip;]<\/p>\n","protected":false},"author":1,"featured_media":0,"comment_status":"closed","ping_status":"open","sticky":false,"template":"","format":"standard","meta":{"footnotes":""},"categories":[52,61,64],"tags":[],"class_list":["post-9529","post","type-post","status-publish","format-standard","hentry","category-destacadas","category-policiales","category-videos-destacados"],"yoast_head":"<!-- This site is optimized with the Yoast SEO plugin v19.7.1 - https:\/\/yoast.com\/wordpress\/plugins\/seo\/ -->\n<title>VARIOS ACCIDENTES SE REGISTRARON EN LOS ULTIMOS DIAS (videos) - CELTTV<\/title>\n<meta name=\"description\" content=\"Sitio web de noticias de la localidad de Tornquist, provincia de Buenos Aires, Rep\u00fablica Argentina. Contenido propio originado por periodistas de CELTTV, el canal de TV local de la Cooperativa El\u00e9ctrica de Tornquist. Turismo, Pol\u00edtica, Sociedad, Deporte, Cultura y todo el contenido de inter\u00e9s general que la gente del pueblo y la regi\u00f3n debe conocer.\" \/>\n<meta name=\"robots\" content=\"index, follow, max-snippet:-1, max-image-preview:large, max-video-preview:-1\" \/>\n<link rel=\"canonical\" href=\"https:\/\/www.celttv.com.ar\/index.php\/2012\/12\/28\/varios-accidentes-se-registraron-en-los-ultimos-dias-videos\/\" \/>\n<meta property=\"og:locale\" content=\"es_ES\" \/>\n<meta property=\"og:type\" content=\"article\" \/>\n<meta property=\"og:title\" content=\"VARIOS ACCIDENTES SE REGISTRARON EN LOS ULTIMOS DIAS (videos) - CELTTV\" \/>\n<meta property=\"og:description\" content=\"Sitio web de noticias de la localidad de Tornquist, provincia de Buenos Aires, Rep\u00fablica Argentina. Contenido propio originado por periodistas de CELTTV, el canal de TV local de la Cooperativa El\u00e9ctrica de Tornquist. Turismo, Pol\u00edtica, Sociedad, Deporte, Cultura y todo el contenido de inter\u00e9s general que la gente del pueblo y la regi\u00f3n debe conocer.\" \/>\n<meta property=\"og:url\" content=\"https:\/\/www.celttv.com.ar\/index.php\/2012\/12\/28\/varios-accidentes-se-registraron-en-los-ultimos-dias-videos\/\" \/>\n<meta property=\"og:site_name\" content=\"CELTTV\" \/>\n<meta property=\"article:publisher\" content=\"https:\/\/www.facebook.com\/celtTV\/\" \/>\n<meta property=\"article:published_time\" content=\"2012-12-28T00:51:46+00:00\" \/>\n<meta name=\"author\" content=\"ulises\" \/>\n<meta name=\"twitter:card\" content=\"summary_large_image\" \/>\n<meta name=\"twitter:label1\" content=\"Escrito por\" \/>\n\t<meta name=\"twitter:data1\" content=\"ulises\" \/>\n\t<meta name=\"twitter:label2\" content=\"Tiempo de lectura\" \/>\n\t<meta name=\"twitter:data2\" content=\"3 minutos\" \/>\n<script type=\"application\/ld+json\" class=\"yoast-schema-graph\">{\"@context\":\"https:\/\/schema.org\",\"@graph\":[{\"@type\":\"NewsArticle\",\"@id\":\"https:\/\/www.celttv.com.ar\/index.php\/2012\/12\/28\/varios-accidentes-se-registraron-en-los-ultimos-dias-videos\/#article\",\"isPartOf\":{\"@id\":\"https:\/\/www.celttv.com.ar\/index.php\/2012\/12\/28\/varios-accidentes-se-registraron-en-los-ultimos-dias-videos\/\"},\"author\":{\"name\":\"ulises\",\"@id\":\"https:\/\/www.celttv.com.ar\/#\/schema\/person\/6d99c072dba59953809c81446e9d0ace\"},\"headline\":\"VARIOS ACCIDENTES SE REGISTRARON EN LOS ULTIMOS DIAS (videos)\",\"datePublished\":\"2012-12-28T00:51:46+00:00\",\"dateModified\":\"2012-12-28T00:51:46+00:00\",\"mainEntityOfPage\":{\"@id\":\"https:\/\/www.celttv.com.ar\/index.php\/2012\/12\/28\/varios-accidentes-se-registraron-en-los-ultimos-dias-videos\/\"},\"wordCount\":522,\"publisher\":{\"@id\":\"https:\/\/www.celttv.com.ar\/#organization\"},\"articleSection\":[\"Destacadas\",\"Policiales\",\"Videos Destacados\"],\"inLanguage\":\"es\"},{\"@type\":\"WebPage\",\"@id\":\"https:\/\/www.celttv.com.ar\/index.php\/2012\/12\/28\/varios-accidentes-se-registraron-en-los-ultimos-dias-videos\/\",\"url\":\"https:\/\/www.celttv.com.ar\/index.php\/2012\/12\/28\/varios-accidentes-se-registraron-en-los-ultimos-dias-videos\/\",\"name\":\"VARIOS ACCIDENTES SE REGISTRARON EN LOS ULTIMOS DIAS (videos) - CELTTV\",\"isPartOf\":{\"@id\":\"https:\/\/www.celttv.com.ar\/#website\"},\"datePublished\":\"2012-12-28T00:51:46+00:00\",\"dateModified\":\"2012-12-28T00:51:46+00:00\",\"description\":\"Sitio web de noticias de la localidad de Tornquist, provincia de Buenos Aires, Rep\u00fablica Argentina. Contenido propio originado por periodistas de CELTTV, el canal de TV local de la Cooperativa El\u00e9ctrica de Tornquist. Turismo, Pol\u00edtica, Sociedad, Deporte, Cultura y todo el contenido de inter\u00e9s general que la gente del pueblo y la regi\u00f3n debe conocer.\",\"breadcrumb\":{\"@id\":\"https:\/\/www.celttv.com.ar\/index.php\/2012\/12\/28\/varios-accidentes-se-registraron-en-los-ultimos-dias-videos\/#breadcrumb\"},\"inLanguage\":\"es\",\"potentialAction\":[{\"@type\":\"ReadAction\",\"target\":[\"https:\/\/www.celttv.com.ar\/index.php\/2012\/12\/28\/varios-accidentes-se-registraron-en-los-ultimos-dias-videos\/\"]}]},{\"@type\":\"BreadcrumbList\",\"@id\":\"https:\/\/www.celttv.com.ar\/index.php\/2012\/12\/28\/varios-accidentes-se-registraron-en-los-ultimos-dias-videos\/#breadcrumb\",\"itemListElement\":[{\"@type\":\"ListItem\",\"position\":1,\"name\":\"Inicio\",\"item\":\"https:\/\/www.celttv.com.ar\/\"},{\"@type\":\"ListItem\",\"position\":2,\"name\":\"VARIOS ACCIDENTES SE REGISTRARON EN LOS ULTIMOS DIAS (videos)\"}]},{\"@type\":\"WebSite\",\"@id\":\"https:\/\/www.celttv.com.ar\/#website\",\"url\":\"https:\/\/www.celttv.com.ar\/\",\"name\":\"CELTTV\",\"description\":\"Cooperativa El\u00e9ctrica de Tornquist\",\"publisher\":{\"@id\":\"https:\/\/www.celttv.com.ar\/#organization\"},\"potentialAction\":[{\"@type\":\"SearchAction\",\"target\":{\"@type\":\"EntryPoint\",\"urlTemplate\":\"https:\/\/www.celttv.com.ar\/?s={search_term_string}\"},\"query-input\":\"required name=search_term_string\"}],\"inLanguage\":\"es\"},{\"@type\":\"Organization\",\"@id\":\"https:\/\/www.celttv.com.ar\/#organization\",\"name\":\"CELTTV\",\"url\":\"https:\/\/www.celttv.com.ar\/\",\"sameAs\":[\"https:\/\/www.youtube.com\/channel\/UCz_oIt8Hig64Ub-EmcNPIhg\",\"https:\/\/www.facebook.com\/celtTV\/\"],\"logo\":{\"@type\":\"ImageObject\",\"inLanguage\":\"es\",\"@id\":\"https:\/\/www.celttv.com.ar\/#\/schema\/logo\/image\/\",\"url\":\"http:\/\/www.celttv.com.ar\/wp-content\/uploads\/2022\/08\/logo-1.png\",\"contentUrl\":\"http:\/\/www.celttv.com.ar\/wp-content\/uploads\/2022\/08\/logo-1.png\",\"width\":461,\"height\":159,\"caption\":\"CELTTV\"},\"image\":{\"@id\":\"https:\/\/www.celttv.com.ar\/#\/schema\/logo\/image\/\"}},{\"@type\":\"Person\",\"@id\":\"https:\/\/www.celttv.com.ar\/#\/schema\/person\/6d99c072dba59953809c81446e9d0ace\",\"name\":\"ulises\",\"image\":{\"@type\":\"ImageObject\",\"inLanguage\":\"es\",\"@id\":\"https:\/\/www.celttv.com.ar\/#\/schema\/person\/image\/\",\"url\":\"https:\/\/secure.gravatar.com\/avatar\/7f2c48bdc33b30088f941fb6082e555f2874c98e20cb159d7b92b50eadfce793?s=96&d=mm&r=g\",\"contentUrl\":\"https:\/\/secure.gravatar.com\/avatar\/7f2c48bdc33b30088f941fb6082e555f2874c98e20cb159d7b92b50eadfce793?s=96&d=mm&r=g\",\"caption\":\"ulises\"},\"sameAs\":[\"http:\/\/www.celttv.com.ar\"]}]}<\/script>\n<!-- \/ Yoast SEO plugin. -->","yoast_head_json":{"title":"VARIOS ACCIDENTES SE REGISTRARON EN LOS ULTIMOS DIAS (videos) - CELTTV","description":"Sitio web de noticias de la localidad de Tornquist, provincia de Buenos Aires, Rep\u00fablica Argentina. Contenido propio originado por periodistas de CELTTV, el canal de TV local de la Cooperativa El\u00e9ctrica de Tornquist. Turismo, Pol\u00edtica, Sociedad, Deporte, Cultura y todo el contenido de inter\u00e9s general que la gente del pueblo y la regi\u00f3n debe conocer.","robots":{"index":"index","follow":"follow","max-snippet":"max-snippet:-1","max-image-preview":"max-image-preview:large","max-video-preview":"max-video-preview:-1"},"canonical":"https:\/\/www.celttv.com.ar\/index.php\/2012\/12\/28\/varios-accidentes-se-registraron-en-los-ultimos-dias-videos\/","og_locale":"es_ES","og_type":"article","og_title":"VARIOS ACCIDENTES SE REGISTRARON EN LOS ULTIMOS DIAS (videos) - CELTTV","og_description":"Sitio web de noticias de la localidad de Tornquist, provincia de Buenos Aires, Rep\u00fablica Argentina. Contenido propio originado por periodistas de CELTTV, el canal de TV local de la Cooperativa El\u00e9ctrica de Tornquist. Turismo, Pol\u00edtica, Sociedad, Deporte, Cultura y todo el contenido de inter\u00e9s general que la gente del pueblo y la regi\u00f3n debe conocer.","og_url":"https:\/\/www.celttv.com.ar\/index.php\/2012\/12\/28\/varios-accidentes-se-registraron-en-los-ultimos-dias-videos\/","og_site_name":"CELTTV","article_publisher":"https:\/\/www.facebook.com\/celtTV\/","article_published_time":"2012-12-28T00:51:46+00:00","author":"ulises","twitter_card":"summary_large_image","twitter_misc":{"Escrito por":"ulises","Tiempo de lectura":"3 minutos"},"schema":{"@context":"https:\/\/schema.org","@graph":[{"@type":"NewsArticle","@id":"https:\/\/www.celttv.com.ar\/index.php\/2012\/12\/28\/varios-accidentes-se-registraron-en-los-ultimos-dias-videos\/#article","isPartOf":{"@id":"https:\/\/www.celttv.com.ar\/index.php\/2012\/12\/28\/varios-accidentes-se-registraron-en-los-ultimos-dias-videos\/"},"author":{"name":"ulises","@id":"https:\/\/www.celttv.com.ar\/#\/schema\/person\/6d99c072dba59953809c81446e9d0ace"},"headline":"VARIOS ACCIDENTES SE REGISTRARON EN LOS ULTIMOS DIAS (videos)","datePublished":"2012-12-28T00:51:46+00:00","dateModified":"2012-12-28T00:51:46+00:00","mainEntityOfPage":{"@id":"https:\/\/www.celttv.com.ar\/index.php\/2012\/12\/28\/varios-accidentes-se-registraron-en-los-ultimos-dias-videos\/"},"wordCount":522,"publisher":{"@id":"https:\/\/www.celttv.com.ar\/#organization"},"articleSection":["Destacadas","Policiales","Videos Destacados"],"inLanguage":"es"},{"@type":"WebPage","@id":"https:\/\/www.celttv.com.ar\/index.php\/2012\/12\/28\/varios-accidentes-se-registraron-en-los-ultimos-dias-videos\/","url":"https:\/\/www.celttv.com.ar\/index.php\/2012\/12\/28\/varios-accidentes-se-registraron-en-los-ultimos-dias-videos\/","name":"VARIOS ACCIDENTES SE REGISTRARON EN LOS ULTIMOS DIAS (videos) - CELTTV","isPartOf":{"@id":"https:\/\/www.celttv.com.ar\/#website"},"datePublished":"2012-12-28T00:51:46+00:00","dateModified":"2012-12-28T00:51:46+00:00","description":"Sitio web de noticias de la localidad de Tornquist, provincia de Buenos Aires, Rep\u00fablica Argentina. Contenido propio originado por periodistas de CELTTV, el canal de TV local de la Cooperativa El\u00e9ctrica de Tornquist. Turismo, Pol\u00edtica, Sociedad, Deporte, Cultura y todo el contenido de inter\u00e9s general que la gente del pueblo y la regi\u00f3n debe conocer.","breadcrumb":{"@id":"https:\/\/www.celttv.com.ar\/index.php\/2012\/12\/28\/varios-accidentes-se-registraron-en-los-ultimos-dias-videos\/#breadcrumb"},"inLanguage":"es","potentialAction":[{"@type":"ReadAction","target":["https:\/\/www.celttv.com.ar\/index.php\/2012\/12\/28\/varios-accidentes-se-registraron-en-los-ultimos-dias-videos\/"]}]},{"@type":"BreadcrumbList","@id":"https:\/\/www.celttv.com.ar\/index.php\/2012\/12\/28\/varios-accidentes-se-registraron-en-los-ultimos-dias-videos\/#breadcrumb","itemListElement":[{"@type":"ListItem","position":1,"name":"Inicio","item":"https:\/\/www.celttv.com.ar\/"},{"@type":"ListItem","position":2,"name":"VARIOS ACCIDENTES SE REGISTRARON EN LOS ULTIMOS DIAS (videos)"}]},{"@type":"WebSite","@id":"https:\/\/www.celttv.com.ar\/#website","url":"https:\/\/www.celttv.com.ar\/","name":"CELTTV","description":"Cooperativa El\u00e9ctrica de Tornquist","publisher":{"@id":"https:\/\/www.celttv.com.ar\/#organization"},"potentialAction":[{"@type":"SearchAction","target":{"@type":"EntryPoint","urlTemplate":"https:\/\/www.celttv.com.ar\/?s={search_term_string}"},"query-input":"required name=search_term_string"}],"inLanguage":"es"},{"@type":"Organization","@id":"https:\/\/www.celttv.com.ar\/#organization","name":"CELTTV","url":"https:\/\/www.celttv.com.ar\/","sameAs":["https:\/\/www.youtube.com\/channel\/UCz_oIt8Hig64Ub-EmcNPIhg","https:\/\/www.facebook.com\/celtTV\/"],"logo":{"@type":"ImageObject","inLanguage":"es","@id":"https:\/\/www.celttv.com.ar\/#\/schema\/logo\/image\/","url":"http:\/\/www.celttv.com.ar\/wp-content\/uploads\/2022\/08\/logo-1.png","contentUrl":"http:\/\/www.celttv.com.ar\/wp-content\/uploads\/2022\/08\/logo-1.png","width":461,"height":159,"caption":"CELTTV"},"image":{"@id":"https:\/\/www.celttv.com.ar\/#\/schema\/logo\/image\/"}},{"@type":"Person","@id":"https:\/\/www.celttv.com.ar\/#\/schema\/person\/6d99c072dba59953809c81446e9d0ace","name":"ulises","image":{"@type":"ImageObject","inLanguage":"es","@id":"https:\/\/www.celttv.com.ar\/#\/schema\/person\/image\/","url":"https:\/\/secure.gravatar.com\/avatar\/7f2c48bdc33b30088f941fb6082e555f2874c98e20cb159d7b92b50eadfce793?s=96&d=mm&r=g","contentUrl":"https:\/\/secure.gravatar.com\/avatar\/7f2c48bdc33b30088f941fb6082e555f2874c98e20cb159d7b92b50eadfce793?s=96&d=mm&r=g","caption":"ulises"},"sameAs":["http:\/\/www.celttv.com.ar"]}]}},"_links":{"self":[{"href":"https:\/\/www.celttv.com.ar\/index.php\/wp-json\/wp\/v2\/posts\/9529","targetHints":{"allow":["GET"]}}],"collection":[{"href":"https:\/\/www.celttv.com.ar\/index.php\/wp-json\/wp\/v2\/posts"}],"about":[{"href":"https:\/\/www.celttv.com.ar\/index.php\/wp-json\/wp\/v2\/types\/post"}],"author":[{"embeddable":true,"href":"https:\/\/www.celttv.com.ar\/index.php\/wp-json\/wp\/v2\/users\/1"}],"replies":[{"embeddable":true,"href":"https:\/\/www.celttv.com.ar\/index.php\/wp-json\/wp\/v2\/comments?post=9529"}],"version-history":[{"count":0,"href":"https:\/\/www.celttv.com.ar\/index.php\/wp-json\/wp\/v2\/posts\/9529\/revisions"}],"wp:attachment":[{"href":"https:\/\/www.celttv.com.ar\/index.php\/wp-json\/wp\/v2\/media?parent=9529"}],"wp:term":[{"taxonomy":"category","embeddable":true,"href":"https:\/\/www.celttv.com.ar\/index.php\/wp-json\/wp\/v2\/categories?post=9529"},{"taxonomy":"post_tag","embeddable":true,"href":"https:\/\/www.celttv.com.ar\/index.php\/wp-json\/wp\/v2\/tags?post=9529"}],"curies":[{"name":"wp","href":"https:\/\/api.w.org\/{rel}","templated":true}]}}