{"id":9543,"date":"2012-12-28T15:11:37","date_gmt":"2012-12-28T15:11:37","guid":{"rendered":"http:\/\/www.tvcnoticias.com.ar\/?p=9543"},"modified":"2012-12-28T15:11:37","modified_gmt":"2012-12-28T15:11:37","slug":"el-hcd-aprobo-por-mayoria-el-aumento-de-tarifa-en-parque-norte-opinan-concejales-y-el-concesionario-juan-c-gisler","status":"publish","type":"post","link":"https:\/\/www.celttv.com.ar\/index.php\/2012\/12\/28\/el-hcd-aprobo-por-mayoria-el-aumento-de-tarifa-en-parque-norte-opinan-concejales-y-el-concesionario-juan-c-gisler\/","title":{"rendered":"EL HCD. APROBO POR MAYORIA EL AUMENTO DE TARIFA EN PARQUE NORTE (Opinan concejales y el concesionario Juan C. Gisler)"},"content":{"rendered":"<p><a>httpv:\/\/www.youtube.com\/watch?v=OI18MTME4g0<\/a><br \/>\n<a href=\"http:\/\/www.youtube.com\/watch?v=nICSTxakOVU\">httpv:\/\/www.youtube.com\/watch?v=nICSTxakOVU<\/a><br \/>\n<a href=\"http:\/\/www.youtube.com\/watch?v=qupOYjEZhgs\">httpv:\/\/www.youtube.com\/watch?v=qupOYjEZhgs<\/a><br \/>\n<a href=\"http:\/\/www.youtube.com\/watch?v=vUhY-v8Yjrg\">httpv:\/\/www.youtube.com\/watch?v=vUhY-v8Yjrg<\/a><br \/>\n<a href=\"http:\/\/www.youtube.com\/watch?v=1rsOJRUYV7M\">httpv:\/\/www.youtube.com\/watch?v=1rsOJRUYV7M<\/a><br \/>\n<strong><span style=\"text-decoration: underline;\">SESION EXTRAORDINARIA DE FECHA 26\u00a0 DE DICIEMBRE DE 2012<\/span><\/strong><br \/>\nA partir de las 22:46 hs. los Concejales se autoconvocaron en Sesi\u00f3n Extraordinaria, seg\u00fan las facultades otorgadas al Cuerpo por el Art\u00edculo 68 Inciso 5\u00ba de la Ley Org\u00e1nica de las Municipalidades, para tratar el siguiente tema:<strong><\/strong><br \/>\n<span style=\"text-decoration: underline;\">Expte. N\u00ba 353\/12<\/span>: -\u201cJuan Carlos Gisler, contratista del complejo tur\u00edstico, cantina y balneario municipal \u201cParque Norte\u201d solicita aumento de tarifas para la temporada 2012-2013\u201d.<br \/>\nDel an\u00e1lisis de este expedientes surgieron dos dict\u00e1menes:<br \/>\nEl Primer dictamen:<br \/>\nLos Bloques Frente Justicialista para la Victoria, Frente para la Victoria, Uni\u00f3n C\u00edvica Radical, UDESO y Coalici\u00f3n C\u00edvica, reunidos en Sesi\u00f3n Extraordinaria del d\u00eda de la fecha aconsejan aprobar el Proyecto de Ordenanza con la siguiente modificaci\u00f3n en el art\u00edculo 1\u00ba:<br \/>\nDonde dice:<br \/>\nENTRADAS:<br \/>\nMayores de 12 a\u00f1os\u2026\u2026\u2026\u2026\u2026\u2026\u2026\u2026\u2026\u2026\u2026$8,00<br \/>\nMenores de hasta 12 a\u00f1os\u2026\u2026\u2026\u2026\u2026\u2026\u2026\u2026&#8230;$4,00<br \/>\nDeber\u00e1 decir:<br \/>\nENTRADAS:<br \/>\nMayores de 12 a\u00f1os\u2026\u2026\u2026\u2026\u2026\u2026\u2026\u2026\u2026\u2026\u2026$10,00<br \/>\nMenores de hasta 12 a\u00f1os\u2026\u2026\u2026\u2026\u2026\u2026\u2026\u2026&#8230;$\u00a0 5,00<br \/>\nEl segundo dictamen:<br \/>\nEl Bloque Uni\u00f3n Pro reunido en Sesi\u00f3n Extraordinaria del d\u00eda de la fecha aconseja aprobar el Proyecto de Ordenanza original, es decir con las siguientes tarifas:<br \/>\nENTRADAS:<br \/>\nMayores de 12 a\u00f1os\u2026\u2026\u2026\u2026\u2026\u2026\u2026\u2026\u2026\u2026\u2026$8,00<br \/>\nMenores de hasta 12 a\u00f1os\u2026\u2026\u2026\u2026\u2026\u2026\u2026\u2026&#8230;$4,00<br \/>\nSe aprueba por mayor\u00eda (11 a 1) el primer dictamen, bajo la Ordenanza N\u00ba\u00a0 2549\/12, es decir que las tarifas para ingresar a \u201cParque Norte\u201d ser\u00e1n:<br \/>\nENTRADAS:<br \/>\nMayores de 12 a\u00f1os\u2026\u2026\u2026\u2026\u2026\u2026\u2026\u2026\u2026\u2026\u2026$10,00<br \/>\nMenores de hasta 12 a\u00f1os\u2026\u2026\u2026\u2026\u2026\u2026\u2026\u2026&#8230;$\u00a0 5,00<br \/>\nAdem\u00e1s, quedan establecidas por esta Ordenanza las tarifas correspondientes a derecho a Camping:<br \/>\nMayores de 12 a\u00f1os\u2026\u2026\u2026\u2026\u2026\u2026\u2026\u2026\u2026\u2026\u2026. $25,00<br \/>\nMenores de hasta 12 a\u00f1os\u2026\u2026\u2026\u2026\u2026..\u2026\u2026\u2026. $15,00<br \/>\nPrevia a esta Sesi\u00f3n, la jornada para los Concejales hab\u00eda comenzado con una reuni\u00f3n con el Concesionario de \u201cParque Norte\u201d Sr. Juan Carlos Gisler, en la que se le \u00a0propusieron distintas alternativas al Concesionario para poder dar cumplimento a las obras que est\u00e1n establecidas en el pliego de bases y condiciones del contrato de concesi\u00f3n, que a la fecha a\u00fan no se han hecho efectivas, de acuerdo a lo constatado por los Ediles en la visita que realizaron al predio la semana pasada.<br \/>\n<strong>PRENSA HCD<\/strong><strong><\/strong><\/p>\n","protected":false},"excerpt":{"rendered":"<p>httpv:\/\/www.youtube.com\/watch?v=OI18MTME4g0 httpv:\/\/www.youtube.com\/watch?v=nICSTxakOVU httpv:\/\/www.youtube.com\/watch?v=qupOYjEZhgs httpv:\/\/www.youtube.com\/watch?v=vUhY-v8Yjrg httpv:\/\/www.youtube.com\/watch?v=1rsOJRUYV7M SESION EXTRAORDINARIA DE FECHA 26\u00a0 DE DICIEMBRE DE 2012 A partir de las 22:46 hs. los Concejales se autoconvocaron en Sesi\u00f3n Extraordinaria, seg\u00fan las facultades otorgadas al Cuerpo por el Art\u00edculo 68 Inciso 5\u00ba de la Ley Org\u00e1nica de las Municipalidades, para tratar el siguiente tema: Expte. N\u00ba 353\/12: -\u201cJuan [&hellip;]<\/p>\n","protected":false},"author":1,"featured_media":0,"comment_status":"closed","ping_status":"open","sticky":false,"template":"","format":"standard","meta":{"footnotes":""},"categories":[51,52,53,64],"tags":[],"class_list":["post-9543","post","type-post","status-publish","format-standard","hentry","category-comunidad","category-destacadas","category-politica","category-videos-destacados"],"yoast_head":"<!-- This site is optimized with the Yoast SEO plugin v19.7.1 - https:\/\/yoast.com\/wordpress\/plugins\/seo\/ -->\n<title>EL HCD. APROBO POR MAYORIA EL AUMENTO DE TARIFA EN PARQUE NORTE (Opinan concejales y el concesionario Juan C. Gisler) - CELTTV<\/title>\n<meta name=\"description\" content=\"Sitio web de noticias de la localidad de Tornquist, provincia de Buenos Aires, Rep\u00fablica Argentina. Contenido propio originado por periodistas de CELTTV, el canal de TV local de la Cooperativa El\u00e9ctrica de Tornquist. Turismo, Pol\u00edtica, Sociedad, Deporte, Cultura y todo el contenido de inter\u00e9s general que la gente del pueblo y la regi\u00f3n debe conocer.\" \/>\n<meta name=\"robots\" content=\"index, follow, max-snippet:-1, max-image-preview:large, max-video-preview:-1\" \/>\n<link rel=\"canonical\" href=\"https:\/\/www.celttv.com.ar\/index.php\/2012\/12\/28\/el-hcd-aprobo-por-mayoria-el-aumento-de-tarifa-en-parque-norte-opinan-concejales-y-el-concesionario-juan-c-gisler\/\" \/>\n<meta property=\"og:locale\" content=\"es_ES\" \/>\n<meta property=\"og:type\" content=\"article\" \/>\n<meta property=\"og:title\" content=\"EL HCD. APROBO POR MAYORIA EL AUMENTO DE TARIFA EN PARQUE NORTE (Opinan concejales y el concesionario Juan C. Gisler) - CELTTV\" \/>\n<meta property=\"og:description\" content=\"Sitio web de noticias de la localidad de Tornquist, provincia de Buenos Aires, Rep\u00fablica Argentina. Contenido propio originado por periodistas de CELTTV, el canal de TV local de la Cooperativa El\u00e9ctrica de Tornquist. Turismo, Pol\u00edtica, Sociedad, Deporte, Cultura y todo el contenido de inter\u00e9s general que la gente del pueblo y la regi\u00f3n debe conocer.\" \/>\n<meta property=\"og:url\" content=\"https:\/\/www.celttv.com.ar\/index.php\/2012\/12\/28\/el-hcd-aprobo-por-mayoria-el-aumento-de-tarifa-en-parque-norte-opinan-concejales-y-el-concesionario-juan-c-gisler\/\" \/>\n<meta property=\"og:site_name\" content=\"CELTTV\" \/>\n<meta property=\"article:publisher\" content=\"https:\/\/www.facebook.com\/celtTV\/\" \/>\n<meta property=\"article:published_time\" content=\"2012-12-28T15:11:37+00:00\" \/>\n<meta name=\"author\" content=\"ulises\" \/>\n<meta name=\"twitter:card\" content=\"summary_large_image\" \/>\n<meta name=\"twitter:label1\" content=\"Escrito por\" \/>\n\t<meta name=\"twitter:data1\" content=\"ulises\" \/>\n\t<meta name=\"twitter:label2\" content=\"Tiempo de lectura\" \/>\n\t<meta name=\"twitter:data2\" content=\"2 minutos\" \/>\n<script type=\"application\/ld+json\" class=\"yoast-schema-graph\">{\"@context\":\"https:\/\/schema.org\",\"@graph\":[{\"@type\":\"NewsArticle\",\"@id\":\"https:\/\/www.celttv.com.ar\/index.php\/2012\/12\/28\/el-hcd-aprobo-por-mayoria-el-aumento-de-tarifa-en-parque-norte-opinan-concejales-y-el-concesionario-juan-c-gisler\/#article\",\"isPartOf\":{\"@id\":\"https:\/\/www.celttv.com.ar\/index.php\/2012\/12\/28\/el-hcd-aprobo-por-mayoria-el-aumento-de-tarifa-en-parque-norte-opinan-concejales-y-el-concesionario-juan-c-gisler\/\"},\"author\":{\"name\":\"ulises\",\"@id\":\"https:\/\/www.celttv.com.ar\/#\/schema\/person\/6d99c072dba59953809c81446e9d0ace\"},\"headline\":\"EL HCD. APROBO POR MAYORIA EL AUMENTO DE TARIFA EN PARQUE NORTE (Opinan concejales y el concesionario Juan C. Gisler)\",\"datePublished\":\"2012-12-28T15:11:37+00:00\",\"dateModified\":\"2012-12-28T15:11:37+00:00\",\"mainEntityOfPage\":{\"@id\":\"https:\/\/www.celttv.com.ar\/index.php\/2012\/12\/28\/el-hcd-aprobo-por-mayoria-el-aumento-de-tarifa-en-parque-norte-opinan-concejales-y-el-concesionario-juan-c-gisler\/\"},\"wordCount\":405,\"publisher\":{\"@id\":\"https:\/\/www.celttv.com.ar\/#organization\"},\"articleSection\":[\"Comunidad\",\"Destacadas\",\"Pol\u00edtica\",\"Videos Destacados\"],\"inLanguage\":\"es\"},{\"@type\":\"WebPage\",\"@id\":\"https:\/\/www.celttv.com.ar\/index.php\/2012\/12\/28\/el-hcd-aprobo-por-mayoria-el-aumento-de-tarifa-en-parque-norte-opinan-concejales-y-el-concesionario-juan-c-gisler\/\",\"url\":\"https:\/\/www.celttv.com.ar\/index.php\/2012\/12\/28\/el-hcd-aprobo-por-mayoria-el-aumento-de-tarifa-en-parque-norte-opinan-concejales-y-el-concesionario-juan-c-gisler\/\",\"name\":\"EL HCD. APROBO POR MAYORIA EL AUMENTO DE TARIFA EN PARQUE NORTE (Opinan concejales y el concesionario Juan C. Gisler) - CELTTV\",\"isPartOf\":{\"@id\":\"https:\/\/www.celttv.com.ar\/#website\"},\"datePublished\":\"2012-12-28T15:11:37+00:00\",\"dateModified\":\"2012-12-28T15:11:37+00:00\",\"description\":\"Sitio web de noticias de la localidad de Tornquist, provincia de Buenos Aires, Rep\u00fablica Argentina. Contenido propio originado por periodistas de CELTTV, el canal de TV local de la Cooperativa El\u00e9ctrica de Tornquist. Turismo, Pol\u00edtica, Sociedad, Deporte, Cultura y todo el contenido de inter\u00e9s general que la gente del pueblo y la regi\u00f3n debe conocer.\",\"breadcrumb\":{\"@id\":\"https:\/\/www.celttv.com.ar\/index.php\/2012\/12\/28\/el-hcd-aprobo-por-mayoria-el-aumento-de-tarifa-en-parque-norte-opinan-concejales-y-el-concesionario-juan-c-gisler\/#breadcrumb\"},\"inLanguage\":\"es\",\"potentialAction\":[{\"@type\":\"ReadAction\",\"target\":[\"https:\/\/www.celttv.com.ar\/index.php\/2012\/12\/28\/el-hcd-aprobo-por-mayoria-el-aumento-de-tarifa-en-parque-norte-opinan-concejales-y-el-concesionario-juan-c-gisler\/\"]}]},{\"@type\":\"BreadcrumbList\",\"@id\":\"https:\/\/www.celttv.com.ar\/index.php\/2012\/12\/28\/el-hcd-aprobo-por-mayoria-el-aumento-de-tarifa-en-parque-norte-opinan-concejales-y-el-concesionario-juan-c-gisler\/#breadcrumb\",\"itemListElement\":[{\"@type\":\"ListItem\",\"position\":1,\"name\":\"Inicio\",\"item\":\"https:\/\/www.celttv.com.ar\/\"},{\"@type\":\"ListItem\",\"position\":2,\"name\":\"EL HCD. APROBO POR MAYORIA EL AUMENTO DE TARIFA EN PARQUE NORTE (Opinan concejales y el concesionario Juan C. Gisler)\"}]},{\"@type\":\"WebSite\",\"@id\":\"https:\/\/www.celttv.com.ar\/#website\",\"url\":\"https:\/\/www.celttv.com.ar\/\",\"name\":\"CELTTV\",\"description\":\"Cooperativa El\u00e9ctrica de Tornquist\",\"publisher\":{\"@id\":\"https:\/\/www.celttv.com.ar\/#organization\"},\"potentialAction\":[{\"@type\":\"SearchAction\",\"target\":{\"@type\":\"EntryPoint\",\"urlTemplate\":\"https:\/\/www.celttv.com.ar\/?s={search_term_string}\"},\"query-input\":\"required name=search_term_string\"}],\"inLanguage\":\"es\"},{\"@type\":\"Organization\",\"@id\":\"https:\/\/www.celttv.com.ar\/#organization\",\"name\":\"CELTTV\",\"url\":\"https:\/\/www.celttv.com.ar\/\",\"sameAs\":[\"https:\/\/www.youtube.com\/channel\/UCz_oIt8Hig64Ub-EmcNPIhg\",\"https:\/\/www.facebook.com\/celtTV\/\"],\"logo\":{\"@type\":\"ImageObject\",\"inLanguage\":\"es\",\"@id\":\"https:\/\/www.celttv.com.ar\/#\/schema\/logo\/image\/\",\"url\":\"http:\/\/www.celttv.com.ar\/wp-content\/uploads\/2022\/08\/logo-1.png\",\"contentUrl\":\"http:\/\/www.celttv.com.ar\/wp-content\/uploads\/2022\/08\/logo-1.png\",\"width\":461,\"height\":159,\"caption\":\"CELTTV\"},\"image\":{\"@id\":\"https:\/\/www.celttv.com.ar\/#\/schema\/logo\/image\/\"}},{\"@type\":\"Person\",\"@id\":\"https:\/\/www.celttv.com.ar\/#\/schema\/person\/6d99c072dba59953809c81446e9d0ace\",\"name\":\"ulises\",\"image\":{\"@type\":\"ImageObject\",\"inLanguage\":\"es\",\"@id\":\"https:\/\/www.celttv.com.ar\/#\/schema\/person\/image\/\",\"url\":\"https:\/\/secure.gravatar.com\/avatar\/7f2c48bdc33b30088f941fb6082e555f2874c98e20cb159d7b92b50eadfce793?s=96&d=mm&r=g\",\"contentUrl\":\"https:\/\/secure.gravatar.com\/avatar\/7f2c48bdc33b30088f941fb6082e555f2874c98e20cb159d7b92b50eadfce793?s=96&d=mm&r=g\",\"caption\":\"ulises\"},\"sameAs\":[\"http:\/\/www.celttv.com.ar\"]}]}<\/script>\n<!-- \/ Yoast SEO plugin. -->","yoast_head_json":{"title":"EL HCD. APROBO POR MAYORIA EL AUMENTO DE TARIFA EN PARQUE NORTE (Opinan concejales y el concesionario Juan C. Gisler) - CELTTV","description":"Sitio web de noticias de la localidad de Tornquist, provincia de Buenos Aires, Rep\u00fablica Argentina. Contenido propio originado por periodistas de CELTTV, el canal de TV local de la Cooperativa El\u00e9ctrica de Tornquist. Turismo, Pol\u00edtica, Sociedad, Deporte, Cultura y todo el contenido de inter\u00e9s general que la gente del pueblo y la regi\u00f3n debe conocer.","robots":{"index":"index","follow":"follow","max-snippet":"max-snippet:-1","max-image-preview":"max-image-preview:large","max-video-preview":"max-video-preview:-1"},"canonical":"https:\/\/www.celttv.com.ar\/index.php\/2012\/12\/28\/el-hcd-aprobo-por-mayoria-el-aumento-de-tarifa-en-parque-norte-opinan-concejales-y-el-concesionario-juan-c-gisler\/","og_locale":"es_ES","og_type":"article","og_title":"EL HCD. APROBO POR MAYORIA EL AUMENTO DE TARIFA EN PARQUE NORTE (Opinan concejales y el concesionario Juan C. Gisler) - CELTTV","og_description":"Sitio web de noticias de la localidad de Tornquist, provincia de Buenos Aires, Rep\u00fablica Argentina. Contenido propio originado por periodistas de CELTTV, el canal de TV local de la Cooperativa El\u00e9ctrica de Tornquist. Turismo, Pol\u00edtica, Sociedad, Deporte, Cultura y todo el contenido de inter\u00e9s general que la gente del pueblo y la regi\u00f3n debe conocer.","og_url":"https:\/\/www.celttv.com.ar\/index.php\/2012\/12\/28\/el-hcd-aprobo-por-mayoria-el-aumento-de-tarifa-en-parque-norte-opinan-concejales-y-el-concesionario-juan-c-gisler\/","og_site_name":"CELTTV","article_publisher":"https:\/\/www.facebook.com\/celtTV\/","article_published_time":"2012-12-28T15:11:37+00:00","author":"ulises","twitter_card":"summary_large_image","twitter_misc":{"Escrito por":"ulises","Tiempo de lectura":"2 minutos"},"schema":{"@context":"https:\/\/schema.org","@graph":[{"@type":"NewsArticle","@id":"https:\/\/www.celttv.com.ar\/index.php\/2012\/12\/28\/el-hcd-aprobo-por-mayoria-el-aumento-de-tarifa-en-parque-norte-opinan-concejales-y-el-concesionario-juan-c-gisler\/#article","isPartOf":{"@id":"https:\/\/www.celttv.com.ar\/index.php\/2012\/12\/28\/el-hcd-aprobo-por-mayoria-el-aumento-de-tarifa-en-parque-norte-opinan-concejales-y-el-concesionario-juan-c-gisler\/"},"author":{"name":"ulises","@id":"https:\/\/www.celttv.com.ar\/#\/schema\/person\/6d99c072dba59953809c81446e9d0ace"},"headline":"EL HCD. APROBO POR MAYORIA EL AUMENTO DE TARIFA EN PARQUE NORTE (Opinan concejales y el concesionario Juan C. Gisler)","datePublished":"2012-12-28T15:11:37+00:00","dateModified":"2012-12-28T15:11:37+00:00","mainEntityOfPage":{"@id":"https:\/\/www.celttv.com.ar\/index.php\/2012\/12\/28\/el-hcd-aprobo-por-mayoria-el-aumento-de-tarifa-en-parque-norte-opinan-concejales-y-el-concesionario-juan-c-gisler\/"},"wordCount":405,"publisher":{"@id":"https:\/\/www.celttv.com.ar\/#organization"},"articleSection":["Comunidad","Destacadas","Pol\u00edtica","Videos Destacados"],"inLanguage":"es"},{"@type":"WebPage","@id":"https:\/\/www.celttv.com.ar\/index.php\/2012\/12\/28\/el-hcd-aprobo-por-mayoria-el-aumento-de-tarifa-en-parque-norte-opinan-concejales-y-el-concesionario-juan-c-gisler\/","url":"https:\/\/www.celttv.com.ar\/index.php\/2012\/12\/28\/el-hcd-aprobo-por-mayoria-el-aumento-de-tarifa-en-parque-norte-opinan-concejales-y-el-concesionario-juan-c-gisler\/","name":"EL HCD. APROBO POR MAYORIA EL AUMENTO DE TARIFA EN PARQUE NORTE (Opinan concejales y el concesionario Juan C. Gisler) - CELTTV","isPartOf":{"@id":"https:\/\/www.celttv.com.ar\/#website"},"datePublished":"2012-12-28T15:11:37+00:00","dateModified":"2012-12-28T15:11:37+00:00","description":"Sitio web de noticias de la localidad de Tornquist, provincia de Buenos Aires, Rep\u00fablica Argentina. Contenido propio originado por periodistas de CELTTV, el canal de TV local de la Cooperativa El\u00e9ctrica de Tornquist. Turismo, Pol\u00edtica, Sociedad, Deporte, Cultura y todo el contenido de inter\u00e9s general que la gente del pueblo y la regi\u00f3n debe conocer.","breadcrumb":{"@id":"https:\/\/www.celttv.com.ar\/index.php\/2012\/12\/28\/el-hcd-aprobo-por-mayoria-el-aumento-de-tarifa-en-parque-norte-opinan-concejales-y-el-concesionario-juan-c-gisler\/#breadcrumb"},"inLanguage":"es","potentialAction":[{"@type":"ReadAction","target":["https:\/\/www.celttv.com.ar\/index.php\/2012\/12\/28\/el-hcd-aprobo-por-mayoria-el-aumento-de-tarifa-en-parque-norte-opinan-concejales-y-el-concesionario-juan-c-gisler\/"]}]},{"@type":"BreadcrumbList","@id":"https:\/\/www.celttv.com.ar\/index.php\/2012\/12\/28\/el-hcd-aprobo-por-mayoria-el-aumento-de-tarifa-en-parque-norte-opinan-concejales-y-el-concesionario-juan-c-gisler\/#breadcrumb","itemListElement":[{"@type":"ListItem","position":1,"name":"Inicio","item":"https:\/\/www.celttv.com.ar\/"},{"@type":"ListItem","position":2,"name":"EL HCD. APROBO POR MAYORIA EL AUMENTO DE TARIFA EN PARQUE NORTE (Opinan concejales y el concesionario Juan C. Gisler)"}]},{"@type":"WebSite","@id":"https:\/\/www.celttv.com.ar\/#website","url":"https:\/\/www.celttv.com.ar\/","name":"CELTTV","description":"Cooperativa El\u00e9ctrica de Tornquist","publisher":{"@id":"https:\/\/www.celttv.com.ar\/#organization"},"potentialAction":[{"@type":"SearchAction","target":{"@type":"EntryPoint","urlTemplate":"https:\/\/www.celttv.com.ar\/?s={search_term_string}"},"query-input":"required name=search_term_string"}],"inLanguage":"es"},{"@type":"Organization","@id":"https:\/\/www.celttv.com.ar\/#organization","name":"CELTTV","url":"https:\/\/www.celttv.com.ar\/","sameAs":["https:\/\/www.youtube.com\/channel\/UCz_oIt8Hig64Ub-EmcNPIhg","https:\/\/www.facebook.com\/celtTV\/"],"logo":{"@type":"ImageObject","inLanguage":"es","@id":"https:\/\/www.celttv.com.ar\/#\/schema\/logo\/image\/","url":"http:\/\/www.celttv.com.ar\/wp-content\/uploads\/2022\/08\/logo-1.png","contentUrl":"http:\/\/www.celttv.com.ar\/wp-content\/uploads\/2022\/08\/logo-1.png","width":461,"height":159,"caption":"CELTTV"},"image":{"@id":"https:\/\/www.celttv.com.ar\/#\/schema\/logo\/image\/"}},{"@type":"Person","@id":"https:\/\/www.celttv.com.ar\/#\/schema\/person\/6d99c072dba59953809c81446e9d0ace","name":"ulises","image":{"@type":"ImageObject","inLanguage":"es","@id":"https:\/\/www.celttv.com.ar\/#\/schema\/person\/image\/","url":"https:\/\/secure.gravatar.com\/avatar\/7f2c48bdc33b30088f941fb6082e555f2874c98e20cb159d7b92b50eadfce793?s=96&d=mm&r=g","contentUrl":"https:\/\/secure.gravatar.com\/avatar\/7f2c48bdc33b30088f941fb6082e555f2874c98e20cb159d7b92b50eadfce793?s=96&d=mm&r=g","caption":"ulises"},"sameAs":["http:\/\/www.celttv.com.ar"]}]}},"_links":{"self":[{"href":"https:\/\/www.celttv.com.ar\/index.php\/wp-json\/wp\/v2\/posts\/9543","targetHints":{"allow":["GET"]}}],"collection":[{"href":"https:\/\/www.celttv.com.ar\/index.php\/wp-json\/wp\/v2\/posts"}],"about":[{"href":"https:\/\/www.celttv.com.ar\/index.php\/wp-json\/wp\/v2\/types\/post"}],"author":[{"embeddable":true,"href":"https:\/\/www.celttv.com.ar\/index.php\/wp-json\/wp\/v2\/users\/1"}],"replies":[{"embeddable":true,"href":"https:\/\/www.celttv.com.ar\/index.php\/wp-json\/wp\/v2\/comments?post=9543"}],"version-history":[{"count":0,"href":"https:\/\/www.celttv.com.ar\/index.php\/wp-json\/wp\/v2\/posts\/9543\/revisions"}],"wp:attachment":[{"href":"https:\/\/www.celttv.com.ar\/index.php\/wp-json\/wp\/v2\/media?parent=9543"}],"wp:term":[{"taxonomy":"category","embeddable":true,"href":"https:\/\/www.celttv.com.ar\/index.php\/wp-json\/wp\/v2\/categories?post=9543"},{"taxonomy":"post_tag","embeddable":true,"href":"https:\/\/www.celttv.com.ar\/index.php\/wp-json\/wp\/v2\/tags?post=9543"}],"curies":[{"name":"wp","href":"https:\/\/api.w.org\/{rel}","templated":true}]}}