{"id":9557,"date":"2012-12-29T00:14:57","date_gmt":"2012-12-29T00:14:57","guid":{"rendered":"http:\/\/www.tvcnoticias.com.ar\/?p=9557"},"modified":"2012-12-29T00:14:57","modified_gmt":"2012-12-29T00:14:57","slug":"el-intendente-firmo-un-convenio-con-una-ong-medioambiental","status":"publish","type":"post","link":"https:\/\/www.celttv.com.ar\/index.php\/2012\/12\/29\/el-intendente-firmo-un-convenio-con-una-ong-medioambiental\/","title":{"rendered":"EL INTENDENTE FIRMO UN CONVENIO CON UNA ONG MEDIOAMBIENTAL"},"content":{"rendered":"<p><br \/>\n[audio:http:\/\/www.tvcnoticias.com.ar\/wp-content\/uploads\/2012\/12\/NOTA-EN-EL-MUNICIPIO.mp3|titles=NOTA EN EL MUNICIPIO]<br \/>\n\u00a0Un importante convenio marco de colaboraci\u00f3n mutua y prop\u00f3sitos generales\u00a0 firm\u00f3 en la ma\u00f1ana de hoy el intendente municipal, licenciado Gustavo Trankels, con la Asociaci\u00f3n Civil 20 de Agosto de Bah\u00eda Blanca.<br \/>\n\u00a0\u00a0 La r\u00fabrica fue efectuada entre el propio jefe comunal y el presidente de la mencionada entidad, Hern\u00e1n Zerneri, quienes de esta manera formalizaron el acuerdo para la campa\u00f1a permanente de recolecci\u00f3n de residuos y aparatos el\u00e9ctricos y electr\u00f3nicos (RAEE).<br \/>\n\u00a0\u00a0 \u201cEs muy importante la firma de este convenio porque nos permitir\u00e1 amplitud en el trabajo que ya hab\u00edamos comenzado a realizar con la Asociaci\u00f3n Civil Uni\u00f3n 20 de Agosto. Ya iniciamos tareas en las cuales pudimos reciclar y darle otro uso a distintos tipos de equipamientos que antes ten\u00edan como disposici\u00f3n final al basurero municipal\u201d, confi\u00f3 Trankels.<br \/>\n\u00a0\u00a0 \u201cEllos tienen la capacidad y habilidad de darle otro destino, y en caso de aquellos elementos que ya no tiene una reutilizaci\u00f3n, poderle brindar una disposici\u00f3n final adecuada, de acuerdo con las normas medioambientales y un orden de sustentabilidad en el desarrollo. Es importante asociarnos con una entidad civil, que tiene que ver con la decisi\u00f3n pol\u00edtica de avanzar a trav\u00e9s de nuestra Secretar\u00eda de Producci\u00f3n y Medio Ambiente en este tipo de acciones que cuidan nuestra naturaleza y el lugar donde vivimos\u201d, ampli\u00f3.<br \/>\n\u00a0\u00a0 El intendente remarc\u00f3 que esta acci\u00f3n se suma a otras ya emprendidas desde la administraci\u00f3n que lidera, como la eliminaci\u00f3n de las bolsas camiseta, los puntos limpios, el Programa \u201cTu Manzana Recicla\u201d y la construcci\u00f3n de las plantas de tratamiento de residuos s\u00f3lidos urbanos.<br \/>\n\u00a0\u00a0 \u201cEste convenio nos abre las puertas para plasmar, a futuro, otras ideas que ya estuvimos charlando con Hern\u00e1n y su equipo. No vamos a hacer anuncios a esta altura del a\u00f1o, pero nos pondremos a trabajar fuertemente en un proyecto interesante que ellos tienen para ver si juntos podemos avanzar en nuestro distrito y luego ponerlo como una opci\u00f3n para el resto de la provincia\u201d, destac\u00f3 Trankels.<br \/>\n\u00a0\u00a0\u00a0\u00a0 \u201cEste es un paso sumamente importante desde el punto de vista cualitativo en como tratamos nuestro medio ambiente y los desechos que tenemos. La decisi\u00f3n pol\u00edtica y las acciones de gobierno est\u00e1n tomadas, tenemos la suerte de contar con el apoyo de esta asociaci\u00f3n civil y la tercera pata es la comunidad, es decir que el vecino aproveche esta operatoria y se acerque al municipio o a cualquiera de las delegaciones con su computadora vieja o su equipo electrodom\u00e9stico en desuso\u201d, mencion\u00f3.<br \/>\n\u00a0\u00a0 Por su parte, Zerneri relat\u00f3 la forma de trabajo de la asociaci\u00f3n que comanda.<br \/>\n\u00a0\u00a0 \u201cRecibimos los RAEE, los chequeamos para ver si se pueden volver a poner en funcionamiento y aquellos que ya son obsoletos o es muy costosa su reparaci\u00f3n, directamente se desguazan. Esto implica que en el momento del desarme, los materiales que constituyen ese artefacto se clasifiquen seg\u00fan su tipo, es decir, los metales, los pl\u00e1sticos, los cables, los circuitos electr\u00f3nicos, de manera ordenada y de forma diferenciada. Estos materiales luego se env\u00edan a reciclaje. Este es nuestro trabajo, que no lo hacemos solos, sino con el acompa\u00f1amiento de la Municipalidad de Bah\u00eda Blanca y la empresa IPES, que es fundamental en este esquema\u201d, asegur\u00f3.<br \/>\n\u00a0\u00a0 \u201cLe agradecemos mucho a Gustavo y a V\u00edctor (Ant\u00f3n, director de Producci\u00f3n y Medio Ambiente) por este trabajo y la voluntad pol\u00edtica de acompa\u00f1ar este proyecto\u201d, finaliz\u00f3.<\/p>\n","protected":false},"excerpt":{"rendered":"<p>[audio:http:\/\/www.tvcnoticias.com.ar\/wp-content\/uploads\/2012\/12\/NOTA-EN-EL-MUNICIPIO.mp3|titles=NOTA EN EL MUNICIPIO] \u00a0Un importante convenio marco de colaboraci\u00f3n mutua y prop\u00f3sitos generales\u00a0 firm\u00f3 en la ma\u00f1ana de hoy el intendente municipal, licenciado Gustavo Trankels, con la Asociaci\u00f3n Civil 20 de Agosto de Bah\u00eda Blanca. \u00a0\u00a0 La r\u00fabrica fue efectuada entre el propio jefe comunal y el presidente de la mencionada entidad, Hern\u00e1n Zerneri, [&hellip;]<\/p>\n","protected":false},"author":1,"featured_media":0,"comment_status":"closed","ping_status":"open","sticky":false,"template":"","format":"standard","meta":{"footnotes":""},"categories":[52,53],"tags":[],"class_list":["post-9557","post","type-post","status-publish","format-standard","hentry","category-destacadas","category-politica"],"yoast_head":"<!-- This site is optimized with the Yoast SEO plugin v19.7.1 - https:\/\/yoast.com\/wordpress\/plugins\/seo\/ -->\n<title>EL INTENDENTE FIRMO UN CONVENIO CON UNA ONG MEDIOAMBIENTAL - CELTTV<\/title>\n<meta name=\"description\" content=\"Sitio web de noticias de la localidad de Tornquist, provincia de Buenos Aires, Rep\u00fablica Argentina. Contenido propio originado por periodistas de CELTTV, el canal de TV local de la Cooperativa El\u00e9ctrica de Tornquist. Turismo, Pol\u00edtica, Sociedad, Deporte, Cultura y todo el contenido de inter\u00e9s general que la gente del pueblo y la regi\u00f3n debe conocer.\" \/>\n<meta name=\"robots\" content=\"index, follow, max-snippet:-1, max-image-preview:large, max-video-preview:-1\" \/>\n<link rel=\"canonical\" href=\"https:\/\/www.celttv.com.ar\/index.php\/2012\/12\/29\/el-intendente-firmo-un-convenio-con-una-ong-medioambiental\/\" \/>\n<meta property=\"og:locale\" content=\"es_ES\" \/>\n<meta property=\"og:type\" content=\"article\" \/>\n<meta property=\"og:title\" content=\"EL INTENDENTE FIRMO UN CONVENIO CON UNA ONG MEDIOAMBIENTAL - CELTTV\" \/>\n<meta property=\"og:description\" content=\"Sitio web de noticias de la localidad de Tornquist, provincia de Buenos Aires, Rep\u00fablica Argentina. Contenido propio originado por periodistas de CELTTV, el canal de TV local de la Cooperativa El\u00e9ctrica de Tornquist. Turismo, Pol\u00edtica, Sociedad, Deporte, Cultura y todo el contenido de inter\u00e9s general que la gente del pueblo y la regi\u00f3n debe conocer.\" \/>\n<meta property=\"og:url\" content=\"https:\/\/www.celttv.com.ar\/index.php\/2012\/12\/29\/el-intendente-firmo-un-convenio-con-una-ong-medioambiental\/\" \/>\n<meta property=\"og:site_name\" content=\"CELTTV\" \/>\n<meta property=\"article:publisher\" content=\"https:\/\/www.facebook.com\/celtTV\/\" \/>\n<meta property=\"article:published_time\" content=\"2012-12-29T00:14:57+00:00\" \/>\n<meta name=\"author\" content=\"ulises\" \/>\n<meta name=\"twitter:card\" content=\"summary_large_image\" \/>\n<meta name=\"twitter:label1\" content=\"Escrito por\" \/>\n\t<meta name=\"twitter:data1\" content=\"ulises\" \/>\n\t<meta name=\"twitter:label2\" content=\"Tiempo de lectura\" \/>\n\t<meta name=\"twitter:data2\" content=\"3 minutos\" \/>\n<script type=\"application\/ld+json\" class=\"yoast-schema-graph\">{\"@context\":\"https:\/\/schema.org\",\"@graph\":[{\"@type\":\"NewsArticle\",\"@id\":\"https:\/\/www.celttv.com.ar\/index.php\/2012\/12\/29\/el-intendente-firmo-un-convenio-con-una-ong-medioambiental\/#article\",\"isPartOf\":{\"@id\":\"https:\/\/www.celttv.com.ar\/index.php\/2012\/12\/29\/el-intendente-firmo-un-convenio-con-una-ong-medioambiental\/\"},\"author\":{\"name\":\"ulises\",\"@id\":\"https:\/\/www.celttv.com.ar\/#\/schema\/person\/6d99c072dba59953809c81446e9d0ace\"},\"headline\":\"EL INTENDENTE FIRMO UN CONVENIO CON UNA ONG MEDIOAMBIENTAL\",\"datePublished\":\"2012-12-29T00:14:57+00:00\",\"dateModified\":\"2012-12-29T00:14:57+00:00\",\"mainEntityOfPage\":{\"@id\":\"https:\/\/www.celttv.com.ar\/index.php\/2012\/12\/29\/el-intendente-firmo-un-convenio-con-una-ong-medioambiental\/\"},\"wordCount\":625,\"publisher\":{\"@id\":\"https:\/\/www.celttv.com.ar\/#organization\"},\"articleSection\":[\"Destacadas\",\"Pol\u00edtica\"],\"inLanguage\":\"es\"},{\"@type\":\"WebPage\",\"@id\":\"https:\/\/www.celttv.com.ar\/index.php\/2012\/12\/29\/el-intendente-firmo-un-convenio-con-una-ong-medioambiental\/\",\"url\":\"https:\/\/www.celttv.com.ar\/index.php\/2012\/12\/29\/el-intendente-firmo-un-convenio-con-una-ong-medioambiental\/\",\"name\":\"EL INTENDENTE FIRMO UN CONVENIO CON UNA ONG MEDIOAMBIENTAL - CELTTV\",\"isPartOf\":{\"@id\":\"https:\/\/www.celttv.com.ar\/#website\"},\"datePublished\":\"2012-12-29T00:14:57+00:00\",\"dateModified\":\"2012-12-29T00:14:57+00:00\",\"description\":\"Sitio web de noticias de la localidad de Tornquist, provincia de Buenos Aires, Rep\u00fablica Argentina. Contenido propio originado por periodistas de CELTTV, el canal de TV local de la Cooperativa El\u00e9ctrica de Tornquist. Turismo, Pol\u00edtica, Sociedad, Deporte, Cultura y todo el contenido de inter\u00e9s general que la gente del pueblo y la regi\u00f3n debe conocer.\",\"breadcrumb\":{\"@id\":\"https:\/\/www.celttv.com.ar\/index.php\/2012\/12\/29\/el-intendente-firmo-un-convenio-con-una-ong-medioambiental\/#breadcrumb\"},\"inLanguage\":\"es\",\"potentialAction\":[{\"@type\":\"ReadAction\",\"target\":[\"https:\/\/www.celttv.com.ar\/index.php\/2012\/12\/29\/el-intendente-firmo-un-convenio-con-una-ong-medioambiental\/\"]}]},{\"@type\":\"BreadcrumbList\",\"@id\":\"https:\/\/www.celttv.com.ar\/index.php\/2012\/12\/29\/el-intendente-firmo-un-convenio-con-una-ong-medioambiental\/#breadcrumb\",\"itemListElement\":[{\"@type\":\"ListItem\",\"position\":1,\"name\":\"Inicio\",\"item\":\"https:\/\/www.celttv.com.ar\/\"},{\"@type\":\"ListItem\",\"position\":2,\"name\":\"EL INTENDENTE FIRMO UN CONVENIO CON UNA ONG MEDIOAMBIENTAL\"}]},{\"@type\":\"WebSite\",\"@id\":\"https:\/\/www.celttv.com.ar\/#website\",\"url\":\"https:\/\/www.celttv.com.ar\/\",\"name\":\"CELTTV\",\"description\":\"Cooperativa El\u00e9ctrica de Tornquist\",\"publisher\":{\"@id\":\"https:\/\/www.celttv.com.ar\/#organization\"},\"potentialAction\":[{\"@type\":\"SearchAction\",\"target\":{\"@type\":\"EntryPoint\",\"urlTemplate\":\"https:\/\/www.celttv.com.ar\/?s={search_term_string}\"},\"query-input\":\"required name=search_term_string\"}],\"inLanguage\":\"es\"},{\"@type\":\"Organization\",\"@id\":\"https:\/\/www.celttv.com.ar\/#organization\",\"name\":\"CELTTV\",\"url\":\"https:\/\/www.celttv.com.ar\/\",\"sameAs\":[\"https:\/\/www.youtube.com\/channel\/UCz_oIt8Hig64Ub-EmcNPIhg\",\"https:\/\/www.facebook.com\/celtTV\/\"],\"logo\":{\"@type\":\"ImageObject\",\"inLanguage\":\"es\",\"@id\":\"https:\/\/www.celttv.com.ar\/#\/schema\/logo\/image\/\",\"url\":\"http:\/\/www.celttv.com.ar\/wp-content\/uploads\/2022\/08\/logo-1.png\",\"contentUrl\":\"http:\/\/www.celttv.com.ar\/wp-content\/uploads\/2022\/08\/logo-1.png\",\"width\":461,\"height\":159,\"caption\":\"CELTTV\"},\"image\":{\"@id\":\"https:\/\/www.celttv.com.ar\/#\/schema\/logo\/image\/\"}},{\"@type\":\"Person\",\"@id\":\"https:\/\/www.celttv.com.ar\/#\/schema\/person\/6d99c072dba59953809c81446e9d0ace\",\"name\":\"ulises\",\"image\":{\"@type\":\"ImageObject\",\"inLanguage\":\"es\",\"@id\":\"https:\/\/www.celttv.com.ar\/#\/schema\/person\/image\/\",\"url\":\"https:\/\/secure.gravatar.com\/avatar\/7f2c48bdc33b30088f941fb6082e555f2874c98e20cb159d7b92b50eadfce793?s=96&d=mm&r=g\",\"contentUrl\":\"https:\/\/secure.gravatar.com\/avatar\/7f2c48bdc33b30088f941fb6082e555f2874c98e20cb159d7b92b50eadfce793?s=96&d=mm&r=g\",\"caption\":\"ulises\"},\"sameAs\":[\"http:\/\/www.celttv.com.ar\"]}]}<\/script>\n<!-- \/ Yoast SEO plugin. -->","yoast_head_json":{"title":"EL INTENDENTE FIRMO UN CONVENIO CON UNA ONG MEDIOAMBIENTAL - CELTTV","description":"Sitio web de noticias de la localidad de Tornquist, provincia de Buenos Aires, Rep\u00fablica Argentina. Contenido propio originado por periodistas de CELTTV, el canal de TV local de la Cooperativa El\u00e9ctrica de Tornquist. Turismo, Pol\u00edtica, Sociedad, Deporte, Cultura y todo el contenido de inter\u00e9s general que la gente del pueblo y la regi\u00f3n debe conocer.","robots":{"index":"index","follow":"follow","max-snippet":"max-snippet:-1","max-image-preview":"max-image-preview:large","max-video-preview":"max-video-preview:-1"},"canonical":"https:\/\/www.celttv.com.ar\/index.php\/2012\/12\/29\/el-intendente-firmo-un-convenio-con-una-ong-medioambiental\/","og_locale":"es_ES","og_type":"article","og_title":"EL INTENDENTE FIRMO UN CONVENIO CON UNA ONG MEDIOAMBIENTAL - CELTTV","og_description":"Sitio web de noticias de la localidad de Tornquist, provincia de Buenos Aires, Rep\u00fablica Argentina. Contenido propio originado por periodistas de CELTTV, el canal de TV local de la Cooperativa El\u00e9ctrica de Tornquist. Turismo, Pol\u00edtica, Sociedad, Deporte, Cultura y todo el contenido de inter\u00e9s general que la gente del pueblo y la regi\u00f3n debe conocer.","og_url":"https:\/\/www.celttv.com.ar\/index.php\/2012\/12\/29\/el-intendente-firmo-un-convenio-con-una-ong-medioambiental\/","og_site_name":"CELTTV","article_publisher":"https:\/\/www.facebook.com\/celtTV\/","article_published_time":"2012-12-29T00:14:57+00:00","author":"ulises","twitter_card":"summary_large_image","twitter_misc":{"Escrito por":"ulises","Tiempo de lectura":"3 minutos"},"schema":{"@context":"https:\/\/schema.org","@graph":[{"@type":"NewsArticle","@id":"https:\/\/www.celttv.com.ar\/index.php\/2012\/12\/29\/el-intendente-firmo-un-convenio-con-una-ong-medioambiental\/#article","isPartOf":{"@id":"https:\/\/www.celttv.com.ar\/index.php\/2012\/12\/29\/el-intendente-firmo-un-convenio-con-una-ong-medioambiental\/"},"author":{"name":"ulises","@id":"https:\/\/www.celttv.com.ar\/#\/schema\/person\/6d99c072dba59953809c81446e9d0ace"},"headline":"EL INTENDENTE FIRMO UN CONVENIO CON UNA ONG MEDIOAMBIENTAL","datePublished":"2012-12-29T00:14:57+00:00","dateModified":"2012-12-29T00:14:57+00:00","mainEntityOfPage":{"@id":"https:\/\/www.celttv.com.ar\/index.php\/2012\/12\/29\/el-intendente-firmo-un-convenio-con-una-ong-medioambiental\/"},"wordCount":625,"publisher":{"@id":"https:\/\/www.celttv.com.ar\/#organization"},"articleSection":["Destacadas","Pol\u00edtica"],"inLanguage":"es"},{"@type":"WebPage","@id":"https:\/\/www.celttv.com.ar\/index.php\/2012\/12\/29\/el-intendente-firmo-un-convenio-con-una-ong-medioambiental\/","url":"https:\/\/www.celttv.com.ar\/index.php\/2012\/12\/29\/el-intendente-firmo-un-convenio-con-una-ong-medioambiental\/","name":"EL INTENDENTE FIRMO UN CONVENIO CON UNA ONG MEDIOAMBIENTAL - CELTTV","isPartOf":{"@id":"https:\/\/www.celttv.com.ar\/#website"},"datePublished":"2012-12-29T00:14:57+00:00","dateModified":"2012-12-29T00:14:57+00:00","description":"Sitio web de noticias de la localidad de Tornquist, provincia de Buenos Aires, Rep\u00fablica Argentina. Contenido propio originado por periodistas de CELTTV, el canal de TV local de la Cooperativa El\u00e9ctrica de Tornquist. Turismo, Pol\u00edtica, Sociedad, Deporte, Cultura y todo el contenido de inter\u00e9s general que la gente del pueblo y la regi\u00f3n debe conocer.","breadcrumb":{"@id":"https:\/\/www.celttv.com.ar\/index.php\/2012\/12\/29\/el-intendente-firmo-un-convenio-con-una-ong-medioambiental\/#breadcrumb"},"inLanguage":"es","potentialAction":[{"@type":"ReadAction","target":["https:\/\/www.celttv.com.ar\/index.php\/2012\/12\/29\/el-intendente-firmo-un-convenio-con-una-ong-medioambiental\/"]}]},{"@type":"BreadcrumbList","@id":"https:\/\/www.celttv.com.ar\/index.php\/2012\/12\/29\/el-intendente-firmo-un-convenio-con-una-ong-medioambiental\/#breadcrumb","itemListElement":[{"@type":"ListItem","position":1,"name":"Inicio","item":"https:\/\/www.celttv.com.ar\/"},{"@type":"ListItem","position":2,"name":"EL INTENDENTE FIRMO UN CONVENIO CON UNA ONG MEDIOAMBIENTAL"}]},{"@type":"WebSite","@id":"https:\/\/www.celttv.com.ar\/#website","url":"https:\/\/www.celttv.com.ar\/","name":"CELTTV","description":"Cooperativa El\u00e9ctrica de Tornquist","publisher":{"@id":"https:\/\/www.celttv.com.ar\/#organization"},"potentialAction":[{"@type":"SearchAction","target":{"@type":"EntryPoint","urlTemplate":"https:\/\/www.celttv.com.ar\/?s={search_term_string}"},"query-input":"required name=search_term_string"}],"inLanguage":"es"},{"@type":"Organization","@id":"https:\/\/www.celttv.com.ar\/#organization","name":"CELTTV","url":"https:\/\/www.celttv.com.ar\/","sameAs":["https:\/\/www.youtube.com\/channel\/UCz_oIt8Hig64Ub-EmcNPIhg","https:\/\/www.facebook.com\/celtTV\/"],"logo":{"@type":"ImageObject","inLanguage":"es","@id":"https:\/\/www.celttv.com.ar\/#\/schema\/logo\/image\/","url":"http:\/\/www.celttv.com.ar\/wp-content\/uploads\/2022\/08\/logo-1.png","contentUrl":"http:\/\/www.celttv.com.ar\/wp-content\/uploads\/2022\/08\/logo-1.png","width":461,"height":159,"caption":"CELTTV"},"image":{"@id":"https:\/\/www.celttv.com.ar\/#\/schema\/logo\/image\/"}},{"@type":"Person","@id":"https:\/\/www.celttv.com.ar\/#\/schema\/person\/6d99c072dba59953809c81446e9d0ace","name":"ulises","image":{"@type":"ImageObject","inLanguage":"es","@id":"https:\/\/www.celttv.com.ar\/#\/schema\/person\/image\/","url":"https:\/\/secure.gravatar.com\/avatar\/7f2c48bdc33b30088f941fb6082e555f2874c98e20cb159d7b92b50eadfce793?s=96&d=mm&r=g","contentUrl":"https:\/\/secure.gravatar.com\/avatar\/7f2c48bdc33b30088f941fb6082e555f2874c98e20cb159d7b92b50eadfce793?s=96&d=mm&r=g","caption":"ulises"},"sameAs":["http:\/\/www.celttv.com.ar"]}]}},"_links":{"self":[{"href":"https:\/\/www.celttv.com.ar\/index.php\/wp-json\/wp\/v2\/posts\/9557","targetHints":{"allow":["GET"]}}],"collection":[{"href":"https:\/\/www.celttv.com.ar\/index.php\/wp-json\/wp\/v2\/posts"}],"about":[{"href":"https:\/\/www.celttv.com.ar\/index.php\/wp-json\/wp\/v2\/types\/post"}],"author":[{"embeddable":true,"href":"https:\/\/www.celttv.com.ar\/index.php\/wp-json\/wp\/v2\/users\/1"}],"replies":[{"embeddable":true,"href":"https:\/\/www.celttv.com.ar\/index.php\/wp-json\/wp\/v2\/comments?post=9557"}],"version-history":[{"count":0,"href":"https:\/\/www.celttv.com.ar\/index.php\/wp-json\/wp\/v2\/posts\/9557\/revisions"}],"wp:attachment":[{"href":"https:\/\/www.celttv.com.ar\/index.php\/wp-json\/wp\/v2\/media?parent=9557"}],"wp:term":[{"taxonomy":"category","embeddable":true,"href":"https:\/\/www.celttv.com.ar\/index.php\/wp-json\/wp\/v2\/categories?post=9557"},{"taxonomy":"post_tag","embeddable":true,"href":"https:\/\/www.celttv.com.ar\/index.php\/wp-json\/wp\/v2\/tags?post=9557"}],"curies":[{"name":"wp","href":"https:\/\/api.w.org\/{rel}","templated":true}]}}