{"id":9666,"date":"2013-01-15T20:50:15","date_gmt":"2013-01-15T20:50:15","guid":{"rendered":"http:\/\/www.tvcnoticias.com.ar\/?p=9666"},"modified":"2013-01-15T20:50:15","modified_gmt":"2013-01-15T20:50:15","slug":"desde-tornquist-se-puso-en-marcha-el-plan-nacional-de-manejo-del-fuego","status":"publish","type":"post","link":"https:\/\/www.celttv.com.ar\/index.php\/2013\/01\/15\/desde-tornquist-se-puso-en-marcha-el-plan-nacional-de-manejo-del-fuego\/","title":{"rendered":"DESDE TORNQUIST SE PUSO EN MARCHA EL PLAN NACIONAL DE MANEJO DEL FUEGO"},"content":{"rendered":"<p><a href=\"http:\/\/www.youtube.com\/watch?v=HKzSR_UG3nU\">httpv:\/\/www.youtube.com\/watch?v=HKzSR_UG3nU<\/a><br \/>\n<a href=\"http:\/\/www.youtube.com\/watch?v=6Ohqvr0D6a0\">httpv:\/\/www.youtube.com\/watch?v=6Ohqvr0D6a0<\/a><br \/>\n<a href=\"http:\/\/www.youtube.com\/watch?v=Ar-uH8BsjpA\">httpv:\/\/www.youtube.com\/watch?v=Ar-uH8BsjpA<\/a><br \/>\n<a href=\"http:\/\/www.youtube.com\/watch?v=MH5vQLxBFKY\">httpv:\/\/www.youtube.com\/watch?v=MH5vQLxBFKY<\/a><br \/>\n<a href=\"http:\/\/www.youtube.com\/watch?v=5z42jU1k-YA\">httpv:\/\/www.youtube.com\/watch?v=5z42jU1k-YA<\/a><br \/>\nCon la presencia de autoridades nacionales, provinciales y locales del Plan Nacional de Manejo del Fuego (PNMF), se realiz\u00f3 el lanzamiento de la temporada de dicho programa y se presentaron todos los medios a\u00e9reos y terrestres que estar\u00e1n disponibles para el combate de incendios forestales en la provincia de Buenos Aires.<br \/>\n\u00a0\u00a0 El acto se llev\u00f3 a cabo en las instalaciones del Aeroclub de Tornquist y cont\u00f3 con la presencia del intendente Gustavo Trankels;\u00a0 Marcelo Mosiejchuk, coordinador de la Regional Pampeana del PNMF (Secretar\u00eda de Ambiente y Desarrollo Sustentable de la Naci\u00f3n); Francisco Epele, coordinador nacional del PNMF; Leonardo Zaccagnini, jefe de Operaciones del Consejo Provincial de Emergencias (CPE); Luciano Timerman, secretario Ejecutivo de la misma dependencia; autoridades y efectivos de bomberos locales y de toda la regi\u00f3n.<br \/>\n\u00a0\u00a0 La actividad comenz\u00f3 durante la ma\u00f1ana con una importante reuni\u00f3n llevada a cabo en el cuartel de Bombero Voluntarios de Tornquist, encabezada la misma por Marcelo Mosiejchuk y Luciano Timerman, en la que participaron referentes bomberiles locales y de la regi\u00f3n.<br \/>\n\u00a0\u00a0 En tanto, frente al palacio comunal, se exhibieron los veh\u00edculos equipados para combatir incendios forestales que ser\u00e1n distribuidos en diferentes localidades de la provincia de Buenos Aires, de los cuales el distrito contar\u00e1 con dos unidades, una en Sierra de la Ventana y el restante en Tornquist.<br \/>\n\u00a0\u00a0 Luego, la comitiva integrada por Trankels junto a integrantes del programa del PNMF, se dirigi\u00f3 hacia el Aeroclu donde se realiz\u00f3 un acto en el que presentaron el avi\u00f3n hidrante, el helic\u00f3ptero y las cinco autobombas cero kil\u00f3metro.<br \/>\n\u00a0\u00a0 El intendente Gustavo Trankels se mostr\u00f3 muy contento por el permanente apoyo que recibe el municipio y los bomberos del distrito por parte del gobierno nacional y provincial en materia de capacitaci\u00f3n y aporte t\u00e9cnico.<br \/>\n\u00a0\u00a0 \u201cEstamos muy contentos porque nos han elegido para realizar el lanzamiento del programa del PNMF y, a su vez, por el aporte de dos veh\u00edculos especiales junto al avi\u00f3n hidrante que estar\u00e1n ubicados en nuestro distrito\u201d, manifest\u00f3 Trankels.<br \/>\n\u00a0\u00a0 \u201cQu\u00e9 bueno que los frutos de este trabajo se est\u00e9n viendo. Hay much\u00edsima gente que puso el hombro durante much\u00edsimos a\u00f1os, entre ellos, los bomberos voluntarios. Cada uno de nuestros cuarteles, desde la creaci\u00f3n hasta la fecha, nos entregaron vecinos comprometidos que muchas veces hasta sin recursos iban a enfrentar situaciones inesperadas y pon\u00edan en riesgo su propia vida. Eso, para una comunidad, es algo que nos tiene que enorgullecer\u201d, mencion\u00f3 y extendi\u00f3 el agradecimiento a las comisiones y las federaciones.<br \/>\n\u00a0\u00a0 Por su parte, Marcelo Mosiejchuk, se\u00f1al\u00f3 que \u201cno fue casualidad que se elija Tornquist para hacer el lanzamiento del programa, ya que desde un primer momento hemos trabajado aqu\u00ed para lograr lo que hoy tenemos en materia de prevensi\u00f3n\u201d.<br \/>\n\u00a0\u00a0 \u201cTenemos un trabajo muy coordinado entre la naci\u00f3n, la provincia, municipio y bomberos, lo cual nos ha permitido ir creciendo a trav\u00e9s de los a\u00f1os. Comenzamos ideando el programa, seguimos por la capacitaci\u00f3n de los bomberos y hoy, ya contamos con los elementos necesarios para afrontar un siniestro forestal\u201d, agreg\u00f3 Mosiejchuk.<br \/>\n\u00a0\u00a0 \u201cEs un placer para nosotros hacer este lanzamiento en representaci\u00f3n del gobernador Daniel Scioli. Debo agradecerle a la presidenta Cristina Fern\u00e1ndez, al Plan Nacional de Manejo del Fuego por confiar en la Provincia de Buenos Aires, y a los bomberos, tanto voluntarios como de la Polic\u00eda bonaerense. Desde el Consejo Provincial de Emergencia seguiremos trabajando con el intendente para armar los planes de contingencia municipales en Tornquist. Lamentablemente las emergencias van a seguir sucediendo y debemos estar preparados para la ocasi\u00f3n\u201d, asegur\u00f3.<br \/>\n\u00a0\u00a0\u00a0 En relaci\u00f3n a la decisi\u00f3n pol\u00edtica del gobierno actual de trabajar en materia de prevensi\u00f3n en este tipo de siniestros, Luciano Timerman, resalt\u00f3 el acompa\u00f1amiento del gobernador Daniel Scioli de continuar trabajando junto a los municipios y bomberos voluntarios para reducir cada vez m\u00e1s los riesgos de siniestros y proteger a los servidores p\u00fablicos y los vecinos de cada comunidad.<br \/>\n<strong>CARACTER\u00cdSTICAS<\/strong>: Los camiones son marca Ivecam, 4 x 4 de media penetraci\u00f3n, con una capacidad de acopio de 4.500 litros de agua y la posibilidad de transportar a 7 combatientes forestales. Ambas son de \u00faltima generaci\u00f3n y de uso exclusivo para incendios forestales.<br \/>\n\u00a0\u00a0 Otra autobomba de id\u00e9nticas caracter\u00edsticas tendr\u00e1 como destino Monte Hermoso, mientras que al cuartel de bomberos de la Polic\u00eda de Buenos Aires, con sede en Tandil, se le enviar\u00e1 una autobomba URO (espa\u00f1ola) y al de BV de Pinamar un cisterna con capacidad de transporte de 8 mil litros, cabina simple y marca Astra.<\/p>\n","protected":false},"excerpt":{"rendered":"<p>httpv:\/\/www.youtube.com\/watch?v=HKzSR_UG3nU httpv:\/\/www.youtube.com\/watch?v=6Ohqvr0D6a0 httpv:\/\/www.youtube.com\/watch?v=Ar-uH8BsjpA httpv:\/\/www.youtube.com\/watch?v=MH5vQLxBFKY httpv:\/\/www.youtube.com\/watch?v=5z42jU1k-YA Con la presencia de autoridades nacionales, provinciales y locales del Plan Nacional de Manejo del Fuego (PNMF), se realiz\u00f3 el lanzamiento de la temporada de dicho programa y se presentaron todos los medios a\u00e9reos y terrestres que estar\u00e1n disponibles para el combate de incendios forestales en la provincia de Buenos [&hellip;]<\/p>\n","protected":false},"author":1,"featured_media":0,"comment_status":"closed","ping_status":"open","sticky":false,"template":"","format":"standard","meta":{"footnotes":""},"categories":[51,52,53,64],"tags":[],"class_list":["post-9666","post","type-post","status-publish","format-standard","hentry","category-comunidad","category-destacadas","category-politica","category-videos-destacados"],"yoast_head":"<!-- This site is optimized with the Yoast SEO plugin v19.7.1 - https:\/\/yoast.com\/wordpress\/plugins\/seo\/ -->\n<title>DESDE TORNQUIST SE PUSO EN MARCHA EL PLAN NACIONAL DE MANEJO DEL FUEGO - CELTTV<\/title>\n<meta name=\"description\" content=\"Sitio web de noticias de la localidad de Tornquist, provincia de Buenos Aires, Rep\u00fablica Argentina. Contenido propio originado por periodistas de CELTTV, el canal de TV local de la Cooperativa El\u00e9ctrica de Tornquist. Turismo, Pol\u00edtica, Sociedad, Deporte, Cultura y todo el contenido de inter\u00e9s general que la gente del pueblo y la regi\u00f3n debe conocer.\" \/>\n<meta name=\"robots\" content=\"index, follow, max-snippet:-1, max-image-preview:large, max-video-preview:-1\" \/>\n<link rel=\"canonical\" href=\"https:\/\/www.celttv.com.ar\/index.php\/2013\/01\/15\/desde-tornquist-se-puso-en-marcha-el-plan-nacional-de-manejo-del-fuego\/\" \/>\n<meta property=\"og:locale\" content=\"es_ES\" \/>\n<meta property=\"og:type\" content=\"article\" \/>\n<meta property=\"og:title\" content=\"DESDE TORNQUIST SE PUSO EN MARCHA EL PLAN NACIONAL DE MANEJO DEL FUEGO - CELTTV\" \/>\n<meta property=\"og:description\" content=\"Sitio web de noticias de la localidad de Tornquist, provincia de Buenos Aires, Rep\u00fablica Argentina. Contenido propio originado por periodistas de CELTTV, el canal de TV local de la Cooperativa El\u00e9ctrica de Tornquist. Turismo, Pol\u00edtica, Sociedad, Deporte, Cultura y todo el contenido de inter\u00e9s general que la gente del pueblo y la regi\u00f3n debe conocer.\" \/>\n<meta property=\"og:url\" content=\"https:\/\/www.celttv.com.ar\/index.php\/2013\/01\/15\/desde-tornquist-se-puso-en-marcha-el-plan-nacional-de-manejo-del-fuego\/\" \/>\n<meta property=\"og:site_name\" content=\"CELTTV\" \/>\n<meta property=\"article:publisher\" content=\"https:\/\/www.facebook.com\/celtTV\/\" \/>\n<meta property=\"article:published_time\" content=\"2013-01-15T20:50:15+00:00\" \/>\n<meta name=\"author\" content=\"ulises\" \/>\n<meta name=\"twitter:card\" content=\"summary_large_image\" \/>\n<meta name=\"twitter:label1\" content=\"Escrito por\" \/>\n\t<meta name=\"twitter:data1\" content=\"ulises\" \/>\n\t<meta name=\"twitter:label2\" content=\"Tiempo de lectura\" \/>\n\t<meta name=\"twitter:data2\" content=\"4 minutos\" \/>\n<script type=\"application\/ld+json\" class=\"yoast-schema-graph\">{\"@context\":\"https:\/\/schema.org\",\"@graph\":[{\"@type\":\"NewsArticle\",\"@id\":\"https:\/\/www.celttv.com.ar\/index.php\/2013\/01\/15\/desde-tornquist-se-puso-en-marcha-el-plan-nacional-de-manejo-del-fuego\/#article\",\"isPartOf\":{\"@id\":\"https:\/\/www.celttv.com.ar\/index.php\/2013\/01\/15\/desde-tornquist-se-puso-en-marcha-el-plan-nacional-de-manejo-del-fuego\/\"},\"author\":{\"name\":\"ulises\",\"@id\":\"https:\/\/www.celttv.com.ar\/#\/schema\/person\/6d99c072dba59953809c81446e9d0ace\"},\"headline\":\"DESDE TORNQUIST SE PUSO EN MARCHA EL PLAN NACIONAL DE MANEJO DEL FUEGO\",\"datePublished\":\"2013-01-15T20:50:15+00:00\",\"dateModified\":\"2013-01-15T20:50:15+00:00\",\"mainEntityOfPage\":{\"@id\":\"https:\/\/www.celttv.com.ar\/index.php\/2013\/01\/15\/desde-tornquist-se-puso-en-marcha-el-plan-nacional-de-manejo-del-fuego\/\"},\"wordCount\":835,\"publisher\":{\"@id\":\"https:\/\/www.celttv.com.ar\/#organization\"},\"articleSection\":[\"Comunidad\",\"Destacadas\",\"Pol\u00edtica\",\"Videos Destacados\"],\"inLanguage\":\"es\"},{\"@type\":\"WebPage\",\"@id\":\"https:\/\/www.celttv.com.ar\/index.php\/2013\/01\/15\/desde-tornquist-se-puso-en-marcha-el-plan-nacional-de-manejo-del-fuego\/\",\"url\":\"https:\/\/www.celttv.com.ar\/index.php\/2013\/01\/15\/desde-tornquist-se-puso-en-marcha-el-plan-nacional-de-manejo-del-fuego\/\",\"name\":\"DESDE TORNQUIST SE PUSO EN MARCHA EL PLAN NACIONAL DE MANEJO DEL FUEGO - CELTTV\",\"isPartOf\":{\"@id\":\"https:\/\/www.celttv.com.ar\/#website\"},\"datePublished\":\"2013-01-15T20:50:15+00:00\",\"dateModified\":\"2013-01-15T20:50:15+00:00\",\"description\":\"Sitio web de noticias de la localidad de Tornquist, provincia de Buenos Aires, Rep\u00fablica Argentina. Contenido propio originado por periodistas de CELTTV, el canal de TV local de la Cooperativa El\u00e9ctrica de Tornquist. Turismo, Pol\u00edtica, Sociedad, Deporte, Cultura y todo el contenido de inter\u00e9s general que la gente del pueblo y la regi\u00f3n debe conocer.\",\"breadcrumb\":{\"@id\":\"https:\/\/www.celttv.com.ar\/index.php\/2013\/01\/15\/desde-tornquist-se-puso-en-marcha-el-plan-nacional-de-manejo-del-fuego\/#breadcrumb\"},\"inLanguage\":\"es\",\"potentialAction\":[{\"@type\":\"ReadAction\",\"target\":[\"https:\/\/www.celttv.com.ar\/index.php\/2013\/01\/15\/desde-tornquist-se-puso-en-marcha-el-plan-nacional-de-manejo-del-fuego\/\"]}]},{\"@type\":\"BreadcrumbList\",\"@id\":\"https:\/\/www.celttv.com.ar\/index.php\/2013\/01\/15\/desde-tornquist-se-puso-en-marcha-el-plan-nacional-de-manejo-del-fuego\/#breadcrumb\",\"itemListElement\":[{\"@type\":\"ListItem\",\"position\":1,\"name\":\"Inicio\",\"item\":\"https:\/\/www.celttv.com.ar\/\"},{\"@type\":\"ListItem\",\"position\":2,\"name\":\"DESDE TORNQUIST SE PUSO EN MARCHA EL PLAN NACIONAL DE MANEJO DEL FUEGO\"}]},{\"@type\":\"WebSite\",\"@id\":\"https:\/\/www.celttv.com.ar\/#website\",\"url\":\"https:\/\/www.celttv.com.ar\/\",\"name\":\"CELTTV\",\"description\":\"Cooperativa El\u00e9ctrica de Tornquist\",\"publisher\":{\"@id\":\"https:\/\/www.celttv.com.ar\/#organization\"},\"potentialAction\":[{\"@type\":\"SearchAction\",\"target\":{\"@type\":\"EntryPoint\",\"urlTemplate\":\"https:\/\/www.celttv.com.ar\/?s={search_term_string}\"},\"query-input\":\"required name=search_term_string\"}],\"inLanguage\":\"es\"},{\"@type\":\"Organization\",\"@id\":\"https:\/\/www.celttv.com.ar\/#organization\",\"name\":\"CELTTV\",\"url\":\"https:\/\/www.celttv.com.ar\/\",\"sameAs\":[\"https:\/\/www.youtube.com\/channel\/UCz_oIt8Hig64Ub-EmcNPIhg\",\"https:\/\/www.facebook.com\/celtTV\/\"],\"logo\":{\"@type\":\"ImageObject\",\"inLanguage\":\"es\",\"@id\":\"https:\/\/www.celttv.com.ar\/#\/schema\/logo\/image\/\",\"url\":\"http:\/\/www.celttv.com.ar\/wp-content\/uploads\/2022\/08\/logo-1.png\",\"contentUrl\":\"http:\/\/www.celttv.com.ar\/wp-content\/uploads\/2022\/08\/logo-1.png\",\"width\":461,\"height\":159,\"caption\":\"CELTTV\"},\"image\":{\"@id\":\"https:\/\/www.celttv.com.ar\/#\/schema\/logo\/image\/\"}},{\"@type\":\"Person\",\"@id\":\"https:\/\/www.celttv.com.ar\/#\/schema\/person\/6d99c072dba59953809c81446e9d0ace\",\"name\":\"ulises\",\"image\":{\"@type\":\"ImageObject\",\"inLanguage\":\"es\",\"@id\":\"https:\/\/www.celttv.com.ar\/#\/schema\/person\/image\/\",\"url\":\"https:\/\/secure.gravatar.com\/avatar\/7f2c48bdc33b30088f941fb6082e555f2874c98e20cb159d7b92b50eadfce793?s=96&d=mm&r=g\",\"contentUrl\":\"https:\/\/secure.gravatar.com\/avatar\/7f2c48bdc33b30088f941fb6082e555f2874c98e20cb159d7b92b50eadfce793?s=96&d=mm&r=g\",\"caption\":\"ulises\"},\"sameAs\":[\"http:\/\/www.celttv.com.ar\"]}]}<\/script>\n<!-- \/ Yoast SEO plugin. -->","yoast_head_json":{"title":"DESDE TORNQUIST SE PUSO EN MARCHA EL PLAN NACIONAL DE MANEJO DEL FUEGO - CELTTV","description":"Sitio web de noticias de la localidad de Tornquist, provincia de Buenos Aires, Rep\u00fablica Argentina. Contenido propio originado por periodistas de CELTTV, el canal de TV local de la Cooperativa El\u00e9ctrica de Tornquist. Turismo, Pol\u00edtica, Sociedad, Deporte, Cultura y todo el contenido de inter\u00e9s general que la gente del pueblo y la regi\u00f3n debe conocer.","robots":{"index":"index","follow":"follow","max-snippet":"max-snippet:-1","max-image-preview":"max-image-preview:large","max-video-preview":"max-video-preview:-1"},"canonical":"https:\/\/www.celttv.com.ar\/index.php\/2013\/01\/15\/desde-tornquist-se-puso-en-marcha-el-plan-nacional-de-manejo-del-fuego\/","og_locale":"es_ES","og_type":"article","og_title":"DESDE TORNQUIST SE PUSO EN MARCHA EL PLAN NACIONAL DE MANEJO DEL FUEGO - CELTTV","og_description":"Sitio web de noticias de la localidad de Tornquist, provincia de Buenos Aires, Rep\u00fablica Argentina. Contenido propio originado por periodistas de CELTTV, el canal de TV local de la Cooperativa El\u00e9ctrica de Tornquist. Turismo, Pol\u00edtica, Sociedad, Deporte, Cultura y todo el contenido de inter\u00e9s general que la gente del pueblo y la regi\u00f3n debe conocer.","og_url":"https:\/\/www.celttv.com.ar\/index.php\/2013\/01\/15\/desde-tornquist-se-puso-en-marcha-el-plan-nacional-de-manejo-del-fuego\/","og_site_name":"CELTTV","article_publisher":"https:\/\/www.facebook.com\/celtTV\/","article_published_time":"2013-01-15T20:50:15+00:00","author":"ulises","twitter_card":"summary_large_image","twitter_misc":{"Escrito por":"ulises","Tiempo de lectura":"4 minutos"},"schema":{"@context":"https:\/\/schema.org","@graph":[{"@type":"NewsArticle","@id":"https:\/\/www.celttv.com.ar\/index.php\/2013\/01\/15\/desde-tornquist-se-puso-en-marcha-el-plan-nacional-de-manejo-del-fuego\/#article","isPartOf":{"@id":"https:\/\/www.celttv.com.ar\/index.php\/2013\/01\/15\/desde-tornquist-se-puso-en-marcha-el-plan-nacional-de-manejo-del-fuego\/"},"author":{"name":"ulises","@id":"https:\/\/www.celttv.com.ar\/#\/schema\/person\/6d99c072dba59953809c81446e9d0ace"},"headline":"DESDE TORNQUIST SE PUSO EN MARCHA EL PLAN NACIONAL DE MANEJO DEL FUEGO","datePublished":"2013-01-15T20:50:15+00:00","dateModified":"2013-01-15T20:50:15+00:00","mainEntityOfPage":{"@id":"https:\/\/www.celttv.com.ar\/index.php\/2013\/01\/15\/desde-tornquist-se-puso-en-marcha-el-plan-nacional-de-manejo-del-fuego\/"},"wordCount":835,"publisher":{"@id":"https:\/\/www.celttv.com.ar\/#organization"},"articleSection":["Comunidad","Destacadas","Pol\u00edtica","Videos Destacados"],"inLanguage":"es"},{"@type":"WebPage","@id":"https:\/\/www.celttv.com.ar\/index.php\/2013\/01\/15\/desde-tornquist-se-puso-en-marcha-el-plan-nacional-de-manejo-del-fuego\/","url":"https:\/\/www.celttv.com.ar\/index.php\/2013\/01\/15\/desde-tornquist-se-puso-en-marcha-el-plan-nacional-de-manejo-del-fuego\/","name":"DESDE TORNQUIST SE PUSO EN MARCHA EL PLAN NACIONAL DE MANEJO DEL FUEGO - CELTTV","isPartOf":{"@id":"https:\/\/www.celttv.com.ar\/#website"},"datePublished":"2013-01-15T20:50:15+00:00","dateModified":"2013-01-15T20:50:15+00:00","description":"Sitio web de noticias de la localidad de Tornquist, provincia de Buenos Aires, Rep\u00fablica Argentina. Contenido propio originado por periodistas de CELTTV, el canal de TV local de la Cooperativa El\u00e9ctrica de Tornquist. Turismo, Pol\u00edtica, Sociedad, Deporte, Cultura y todo el contenido de inter\u00e9s general que la gente del pueblo y la regi\u00f3n debe conocer.","breadcrumb":{"@id":"https:\/\/www.celttv.com.ar\/index.php\/2013\/01\/15\/desde-tornquist-se-puso-en-marcha-el-plan-nacional-de-manejo-del-fuego\/#breadcrumb"},"inLanguage":"es","potentialAction":[{"@type":"ReadAction","target":["https:\/\/www.celttv.com.ar\/index.php\/2013\/01\/15\/desde-tornquist-se-puso-en-marcha-el-plan-nacional-de-manejo-del-fuego\/"]}]},{"@type":"BreadcrumbList","@id":"https:\/\/www.celttv.com.ar\/index.php\/2013\/01\/15\/desde-tornquist-se-puso-en-marcha-el-plan-nacional-de-manejo-del-fuego\/#breadcrumb","itemListElement":[{"@type":"ListItem","position":1,"name":"Inicio","item":"https:\/\/www.celttv.com.ar\/"},{"@type":"ListItem","position":2,"name":"DESDE TORNQUIST SE PUSO EN MARCHA EL PLAN NACIONAL DE MANEJO DEL FUEGO"}]},{"@type":"WebSite","@id":"https:\/\/www.celttv.com.ar\/#website","url":"https:\/\/www.celttv.com.ar\/","name":"CELTTV","description":"Cooperativa El\u00e9ctrica de Tornquist","publisher":{"@id":"https:\/\/www.celttv.com.ar\/#organization"},"potentialAction":[{"@type":"SearchAction","target":{"@type":"EntryPoint","urlTemplate":"https:\/\/www.celttv.com.ar\/?s={search_term_string}"},"query-input":"required name=search_term_string"}],"inLanguage":"es"},{"@type":"Organization","@id":"https:\/\/www.celttv.com.ar\/#organization","name":"CELTTV","url":"https:\/\/www.celttv.com.ar\/","sameAs":["https:\/\/www.youtube.com\/channel\/UCz_oIt8Hig64Ub-EmcNPIhg","https:\/\/www.facebook.com\/celtTV\/"],"logo":{"@type":"ImageObject","inLanguage":"es","@id":"https:\/\/www.celttv.com.ar\/#\/schema\/logo\/image\/","url":"http:\/\/www.celttv.com.ar\/wp-content\/uploads\/2022\/08\/logo-1.png","contentUrl":"http:\/\/www.celttv.com.ar\/wp-content\/uploads\/2022\/08\/logo-1.png","width":461,"height":159,"caption":"CELTTV"},"image":{"@id":"https:\/\/www.celttv.com.ar\/#\/schema\/logo\/image\/"}},{"@type":"Person","@id":"https:\/\/www.celttv.com.ar\/#\/schema\/person\/6d99c072dba59953809c81446e9d0ace","name":"ulises","image":{"@type":"ImageObject","inLanguage":"es","@id":"https:\/\/www.celttv.com.ar\/#\/schema\/person\/image\/","url":"https:\/\/secure.gravatar.com\/avatar\/7f2c48bdc33b30088f941fb6082e555f2874c98e20cb159d7b92b50eadfce793?s=96&d=mm&r=g","contentUrl":"https:\/\/secure.gravatar.com\/avatar\/7f2c48bdc33b30088f941fb6082e555f2874c98e20cb159d7b92b50eadfce793?s=96&d=mm&r=g","caption":"ulises"},"sameAs":["http:\/\/www.celttv.com.ar"]}]}},"_links":{"self":[{"href":"https:\/\/www.celttv.com.ar\/index.php\/wp-json\/wp\/v2\/posts\/9666","targetHints":{"allow":["GET"]}}],"collection":[{"href":"https:\/\/www.celttv.com.ar\/index.php\/wp-json\/wp\/v2\/posts"}],"about":[{"href":"https:\/\/www.celttv.com.ar\/index.php\/wp-json\/wp\/v2\/types\/post"}],"author":[{"embeddable":true,"href":"https:\/\/www.celttv.com.ar\/index.php\/wp-json\/wp\/v2\/users\/1"}],"replies":[{"embeddable":true,"href":"https:\/\/www.celttv.com.ar\/index.php\/wp-json\/wp\/v2\/comments?post=9666"}],"version-history":[{"count":0,"href":"https:\/\/www.celttv.com.ar\/index.php\/wp-json\/wp\/v2\/posts\/9666\/revisions"}],"wp:attachment":[{"href":"https:\/\/www.celttv.com.ar\/index.php\/wp-json\/wp\/v2\/media?parent=9666"}],"wp:term":[{"taxonomy":"category","embeddable":true,"href":"https:\/\/www.celttv.com.ar\/index.php\/wp-json\/wp\/v2\/categories?post=9666"},{"taxonomy":"post_tag","embeddable":true,"href":"https:\/\/www.celttv.com.ar\/index.php\/wp-json\/wp\/v2\/tags?post=9666"}],"curies":[{"name":"wp","href":"https:\/\/api.w.org\/{rel}","templated":true}]}}