{"id":9669,"date":"2013-01-15T21:36:23","date_gmt":"2013-01-15T21:36:23","guid":{"rendered":"http:\/\/www.tvcnoticias.com.ar\/?p=9669"},"modified":"2013-01-15T21:36:23","modified_gmt":"2013-01-15T21:36:23","slug":"fiesta-de-la-golondrina-exitoso-cierre-de-una-fiesta-que-gana-en-jerarquia","status":"publish","type":"post","link":"https:\/\/www.celttv.com.ar\/index.php\/2013\/01\/15\/fiesta-de-la-golondrina-exitoso-cierre-de-una-fiesta-que-gana-en-jerarquia\/","title":{"rendered":"FIESTA DE LA GOLONDRINA: EXITOSO CIERRE DE UNA FIESTA QUE GANA EN JERARQUIA"},"content":{"rendered":"<p><a href=\"http:\/\/www.youtube.com\/watch?v=SCgosY2EuT8\">httpv:\/\/www.youtube.com\/watch?v=SCgosY2EuT8<\/a><br \/>\n<a href=\"http:\/\/www.youtube.com\/watch?v=cOR-2W3J1bM\">httpv:\/\/www.youtube.com\/watch?v=cOR-2W3J1bM<\/a><br \/>\n<a href=\"http:\/\/www.youtube.com\/watch?v=0szYzHIvNP0\">httpv:\/\/www.youtube.com\/watch?v=0szYzHIvNP0<\/a><br \/>\n<a>httpv:\/\/www.youtube.com\/watch?v=rbmjQuFEq_c<\/a><br \/>\nCon otra noche de brillo desde el punto de vista de los espect\u00e1culos, se cerr\u00f3 el pasado domingo una exitosa Fiesta Provincial de la Golondrina, que tuvo como escenario la Plaza Salerno de Villa Ventana. La 21\u00b0 edici\u00f3n de la celebraci\u00f3n fue organizada por la Asociaci\u00f3n de Fomento de la localidad, con la colaboraci\u00f3n y el auspicio de la Municipalidad de Tornquist.<br \/>\nTanto s\u00e1bado como domingo, el principal espacio p\u00fablico villaventanense apareci\u00f3 colmado de gente, que no s\u00f3lo disfrut\u00f3 de los muy buenos shows musicales, sino que aprovech\u00f3 para recorrer los puestos de artesanos o disfrutar del patio de comidas.<br \/>\nResult\u00f3 otra jornada a pura m\u00fasica, que se inici\u00f3 con la banda de rock Expejo. Fue una muy buena presentaci\u00f3n, de calidad, reconocida por quienes colmaron el sector del escenario.<br \/>\nPosteriormente cantaron el folklorista Omar Araya y el joven Nahuel Escobar, quien como no estaba previsto en el cronograma de actividades, solicit\u00f3 permiso para subir al escenario y entonar temas rom\u00e1nticos.<br \/>\nLa segunda jornada continu\u00f3 con el grupo de danzas \u00e1rabes de Villa Ventana, que presentaron coreograf\u00edas; el villalonguense Vladimir, revelaci\u00f3n en Cosqu\u00edn; y Emilce Segheta, que conquist\u00f3 al p\u00fablico con su encanto y su voz y tambi\u00e9n invit\u00f3 e hizo bailar a los entusiastas de la noche.<br \/>\nPara el broche final se cont\u00f3 con el grupo Latidos y Vita Set, banda tributo a Soda St\u00e9reo, que revivi\u00f3 los mejores temas de la emblem\u00e1tica banda del rock argentino.<br \/>\nEl intendente municipal, licenciado Gustavo Trankels, felicit\u00f3 a los organizadores de la fiesta y agradeci\u00f3 el compromiso y el apoyo recibido de parte de la Secretar\u00eda de Cultura de la Naci\u00f3n, el Instituto de Cultura provincial, la Secretar\u00eda de Turismo bonaerense, el gobernador Daniel Scioli y todos los auspiciantes, entre ellos, el Banco de la Provincia de Buenos Aires.<br \/>\nLa Fiesta Provincial de la Golondrina en su primer jornada<br \/>\nCon shows de alta calidad art\u00edstica, variadas propuestas musicales y el acompa\u00f1amiento de una multitud, se desarroll\u00f3 el pasado s\u00e1bado la primera jornada de la 21\u00b0 Fiesta Provincial de la Golondrina en la Plaza Salerno de Villa Ventana, bajo la organizaci\u00f3n de la Asociaci\u00f3n de Fomento de la localidad y la colaboraci\u00f3n y el auspicio de la Municipalidad de Tornquist.<br \/>\nEn medio de un espectacular marco paisaj\u00edstico y con una noche envidiable desde el punto de vista clim\u00e1tico, los artistas generaron el deleite de los presentes, que no se movieron hasta altas horas de la madrugada (la jornada se extendi\u00f3 hasta despu\u00e9s de las 4 de la ma\u00f1ana de hoy).<br \/>\nPara la apertura oficial de la celebraci\u00f3n estuvo presente el intendente municipal, licenciado Gustavo Trankels, que recibi\u00f3 con benepl\u00e1cito la presencia del subsecretario de Turismo de la Provincia de Buenos Aires, licenciado Roberto D\u00edaz.<br \/>\n&#8220;Esto se concreta, como siempre, gracias al esfuerzo de todos, como la gente de la Asociaci\u00f3n de Fomento de Villa Ventana, muchos auspiciantes que nos dieron una mano y el apoyo del gobierno nacional y provincial&#8221;, destac\u00f3 el jefe comunal, quien se mostr\u00f3 muy contento con el p\u00fablico que se dio cita a la jornada.<br \/>\n&#8220;El municipio no s\u00f3lo realiz\u00f3 un aporte econ\u00f3mico, sino tambi\u00e9n el trabajo de la Secretar\u00eda de Turismo, Cultura y Deportes, encabezado por Rub\u00e9n Testa, la delegaci\u00f3n comunal, el \u00e1rea de Salud y la Polic\u00eda Comunal. Todo el esfuerzo vale la pena, porque es importante la cantidad de gente que se acerc\u00f3&#8221;, resalt\u00f3.<br \/>\n&#8220;Este no es s\u00f3lo un acontecimiento cultural que tenemos que mantener y fortalecer en el tiempo, sino que adem\u00e1s es un recurso tur\u00edstico de trascendencia, porque genera trabajo para las instituciones, los artesanos y todos los comerciantes del distrito. El turismo es una rueda que genera recursos amplios para todos y eso es muy importante, por eso le ponemos la dedicaci\u00f3n y la inversi\u00f3n que corresponde&#8221;, complet\u00f3.<br \/>\nEl jefe comunal tambi\u00e9n agradeci\u00f3 el compromiso y el apoyo recibido por la Secretar\u00eda de Cultura de la Naci\u00f3n, el Instituto de Cultura provincial, la Secretar\u00eda de Turismo bonaerense, el gobernador Daniel Scioli y todos los auspiciantes, entre ellos, el Banco de la Provincia de Buenos Aires.<br \/>\nPor su parte, Roberto D\u00edaz tambi\u00e9n destac\u00f3 el trabajo del municipio y la comisi\u00f3n organizadora, a la vez que se mostr\u00f3 complacido con la fiesta en general.<br \/>\n&#8220;Muchas veces vinimos a acompa\u00f1arlos, porque hay much\u00edsimas cuestiones que se est\u00e1n llevando a cabo para el desarrollo tur\u00edstico. De esta manera vamos viendo c\u00f3mo van evolucionando las diferentes localidades. Estoy muy contento por estar por primera vez en esta fiesta, con un marco muy familiar y en un parque espectacular. Disfrutamos mucho de ver la familia reunida. Siempre hago lo imposible para poder venir y acompa\u00f1ar a Gustavo, porque sabemos el trabajo que est\u00e1n haciendo y que necesitan del acompa\u00f1amiento de la Provincia&#8221;, afirm\u00f3.<br \/>\nLas palabras tambi\u00e9n se extendieron al secretario Rub\u00e9n Testa, al delegado Alberto Bustriazo y al vicepresidente de la Asociaci\u00f3n de Fomento de Villa Ventana, Eduardo Clair. Todos destacaron y agradecieron el apoyo de diferentes sectores.<br \/>\nPosteriormente se dio paso a los shows, que arrancaron en la sensual voz de Evangelina Montes de Oca (pop latino). Luego pasaron por el escenario la Camerata Argentina, dirigida por el maestro Jos\u00e9 Mar\u00eda Ulla, Sur Adentro (folklore), Cabeza de Turco (banda scout-rock), Kaiser Carabela (ska) y Dr. Queen (banda tributo a Queen).<br \/>\nEstas dos \u00faltimas bandas generaron la reacci\u00f3n del p\u00fablico, que bail\u00f3 y cant\u00f3 al ritmo de ambas.<br \/>\nLa Fiesta Provincial de la Golondrina continuar\u00e1 hoy, con el siguiente cronograma:<br \/>\n&#8211; Expejos (rock).<br \/>\n&#8211; Omar Araya (folklore).<br \/>\n&#8211; Nour Al Halialima.<br \/>\n&#8211; Vladimir (folklore).<br \/>\n&#8211; Emilce Seghetta (mel\u00f3dico).<br \/>\n&#8211; Grupo Latidos (folk latino).<br \/>\n&#8211; VITA-SET (banda tributo a Soda Stereo).<\/p>\n","protected":false},"excerpt":{"rendered":"<p>httpv:\/\/www.youtube.com\/watch?v=SCgosY2EuT8 httpv:\/\/www.youtube.com\/watch?v=cOR-2W3J1bM httpv:\/\/www.youtube.com\/watch?v=0szYzHIvNP0 httpv:\/\/www.youtube.com\/watch?v=rbmjQuFEq_c Con otra noche de brillo desde el punto de vista de los espect\u00e1culos, se cerr\u00f3 el pasado domingo una exitosa Fiesta Provincial de la Golondrina, que tuvo como escenario la Plaza Salerno de Villa Ventana. La 21\u00b0 edici\u00f3n de la celebraci\u00f3n fue organizada por la Asociaci\u00f3n de Fomento de la localidad, [&hellip;]<\/p>\n","protected":false},"author":1,"featured_media":0,"comment_status":"closed","ping_status":"open","sticky":false,"template":"","format":"standard","meta":{"footnotes":""},"categories":[51,52,56,53],"tags":[],"class_list":["post-9669","post","type-post","status-publish","format-standard","hentry","category-comunidad","category-destacadas","category-espectaculos","category-politica"],"yoast_head":"<!-- This site is optimized with the Yoast SEO plugin v19.7.1 - https:\/\/yoast.com\/wordpress\/plugins\/seo\/ -->\n<title>FIESTA DE LA GOLONDRINA: EXITOSO CIERRE DE UNA FIESTA QUE GANA EN JERARQUIA - CELTTV<\/title>\n<meta name=\"description\" content=\"Sitio web de noticias de la localidad de Tornquist, provincia de Buenos Aires, Rep\u00fablica Argentina. Contenido propio originado por periodistas de CELTTV, el canal de TV local de la Cooperativa El\u00e9ctrica de Tornquist. Turismo, Pol\u00edtica, Sociedad, Deporte, Cultura y todo el contenido de inter\u00e9s general que la gente del pueblo y la regi\u00f3n debe conocer.\" \/>\n<meta name=\"robots\" content=\"index, follow, max-snippet:-1, max-image-preview:large, max-video-preview:-1\" \/>\n<link rel=\"canonical\" href=\"https:\/\/www.celttv.com.ar\/index.php\/2013\/01\/15\/fiesta-de-la-golondrina-exitoso-cierre-de-una-fiesta-que-gana-en-jerarquia\/\" \/>\n<meta property=\"og:locale\" content=\"es_ES\" \/>\n<meta property=\"og:type\" content=\"article\" \/>\n<meta property=\"og:title\" content=\"FIESTA DE LA GOLONDRINA: EXITOSO CIERRE DE UNA FIESTA QUE GANA EN JERARQUIA - CELTTV\" \/>\n<meta property=\"og:description\" content=\"Sitio web de noticias de la localidad de Tornquist, provincia de Buenos Aires, Rep\u00fablica Argentina. Contenido propio originado por periodistas de CELTTV, el canal de TV local de la Cooperativa El\u00e9ctrica de Tornquist. Turismo, Pol\u00edtica, Sociedad, Deporte, Cultura y todo el contenido de inter\u00e9s general que la gente del pueblo y la regi\u00f3n debe conocer.\" \/>\n<meta property=\"og:url\" content=\"https:\/\/www.celttv.com.ar\/index.php\/2013\/01\/15\/fiesta-de-la-golondrina-exitoso-cierre-de-una-fiesta-que-gana-en-jerarquia\/\" \/>\n<meta property=\"og:site_name\" content=\"CELTTV\" \/>\n<meta property=\"article:publisher\" content=\"https:\/\/www.facebook.com\/celtTV\/\" \/>\n<meta property=\"article:published_time\" content=\"2013-01-15T21:36:23+00:00\" \/>\n<meta name=\"author\" content=\"ulises\" \/>\n<meta name=\"twitter:card\" content=\"summary_large_image\" \/>\n<meta name=\"twitter:label1\" content=\"Escrito por\" \/>\n\t<meta name=\"twitter:data1\" content=\"ulises\" \/>\n\t<meta name=\"twitter:label2\" content=\"Tiempo de lectura\" \/>\n\t<meta name=\"twitter:data2\" content=\"5 minutos\" \/>\n<script type=\"application\/ld+json\" class=\"yoast-schema-graph\">{\"@context\":\"https:\/\/schema.org\",\"@graph\":[{\"@type\":\"NewsArticle\",\"@id\":\"https:\/\/www.celttv.com.ar\/index.php\/2013\/01\/15\/fiesta-de-la-golondrina-exitoso-cierre-de-una-fiesta-que-gana-en-jerarquia\/#article\",\"isPartOf\":{\"@id\":\"https:\/\/www.celttv.com.ar\/index.php\/2013\/01\/15\/fiesta-de-la-golondrina-exitoso-cierre-de-una-fiesta-que-gana-en-jerarquia\/\"},\"author\":{\"name\":\"ulises\",\"@id\":\"https:\/\/www.celttv.com.ar\/#\/schema\/person\/6d99c072dba59953809c81446e9d0ace\"},\"headline\":\"FIESTA DE LA GOLONDRINA: EXITOSO CIERRE DE UNA FIESTA QUE GANA EN JERARQUIA\",\"datePublished\":\"2013-01-15T21:36:23+00:00\",\"dateModified\":\"2013-01-15T21:36:23+00:00\",\"mainEntityOfPage\":{\"@id\":\"https:\/\/www.celttv.com.ar\/index.php\/2013\/01\/15\/fiesta-de-la-golondrina-exitoso-cierre-de-una-fiesta-que-gana-en-jerarquia\/\"},\"wordCount\":1044,\"publisher\":{\"@id\":\"https:\/\/www.celttv.com.ar\/#organization\"},\"articleSection\":[\"Comunidad\",\"Destacadas\",\"Espect\u00e1culos\",\"Pol\u00edtica\"],\"inLanguage\":\"es\"},{\"@type\":\"WebPage\",\"@id\":\"https:\/\/www.celttv.com.ar\/index.php\/2013\/01\/15\/fiesta-de-la-golondrina-exitoso-cierre-de-una-fiesta-que-gana-en-jerarquia\/\",\"url\":\"https:\/\/www.celttv.com.ar\/index.php\/2013\/01\/15\/fiesta-de-la-golondrina-exitoso-cierre-de-una-fiesta-que-gana-en-jerarquia\/\",\"name\":\"FIESTA DE LA GOLONDRINA: EXITOSO CIERRE DE UNA FIESTA QUE GANA EN JERARQUIA - CELTTV\",\"isPartOf\":{\"@id\":\"https:\/\/www.celttv.com.ar\/#website\"},\"datePublished\":\"2013-01-15T21:36:23+00:00\",\"dateModified\":\"2013-01-15T21:36:23+00:00\",\"description\":\"Sitio web de noticias de la localidad de Tornquist, provincia de Buenos Aires, Rep\u00fablica Argentina. Contenido propio originado por periodistas de CELTTV, el canal de TV local de la Cooperativa El\u00e9ctrica de Tornquist. Turismo, Pol\u00edtica, Sociedad, Deporte, Cultura y todo el contenido de inter\u00e9s general que la gente del pueblo y la regi\u00f3n debe conocer.\",\"breadcrumb\":{\"@id\":\"https:\/\/www.celttv.com.ar\/index.php\/2013\/01\/15\/fiesta-de-la-golondrina-exitoso-cierre-de-una-fiesta-que-gana-en-jerarquia\/#breadcrumb\"},\"inLanguage\":\"es\",\"potentialAction\":[{\"@type\":\"ReadAction\",\"target\":[\"https:\/\/www.celttv.com.ar\/index.php\/2013\/01\/15\/fiesta-de-la-golondrina-exitoso-cierre-de-una-fiesta-que-gana-en-jerarquia\/\"]}]},{\"@type\":\"BreadcrumbList\",\"@id\":\"https:\/\/www.celttv.com.ar\/index.php\/2013\/01\/15\/fiesta-de-la-golondrina-exitoso-cierre-de-una-fiesta-que-gana-en-jerarquia\/#breadcrumb\",\"itemListElement\":[{\"@type\":\"ListItem\",\"position\":1,\"name\":\"Inicio\",\"item\":\"https:\/\/www.celttv.com.ar\/\"},{\"@type\":\"ListItem\",\"position\":2,\"name\":\"FIESTA DE LA GOLONDRINA: EXITOSO CIERRE DE UNA FIESTA QUE GANA EN JERARQUIA\"}]},{\"@type\":\"WebSite\",\"@id\":\"https:\/\/www.celttv.com.ar\/#website\",\"url\":\"https:\/\/www.celttv.com.ar\/\",\"name\":\"CELTTV\",\"description\":\"Cooperativa El\u00e9ctrica de Tornquist\",\"publisher\":{\"@id\":\"https:\/\/www.celttv.com.ar\/#organization\"},\"potentialAction\":[{\"@type\":\"SearchAction\",\"target\":{\"@type\":\"EntryPoint\",\"urlTemplate\":\"https:\/\/www.celttv.com.ar\/?s={search_term_string}\"},\"query-input\":\"required name=search_term_string\"}],\"inLanguage\":\"es\"},{\"@type\":\"Organization\",\"@id\":\"https:\/\/www.celttv.com.ar\/#organization\",\"name\":\"CELTTV\",\"url\":\"https:\/\/www.celttv.com.ar\/\",\"sameAs\":[\"https:\/\/www.youtube.com\/channel\/UCz_oIt8Hig64Ub-EmcNPIhg\",\"https:\/\/www.facebook.com\/celtTV\/\"],\"logo\":{\"@type\":\"ImageObject\",\"inLanguage\":\"es\",\"@id\":\"https:\/\/www.celttv.com.ar\/#\/schema\/logo\/image\/\",\"url\":\"http:\/\/www.celttv.com.ar\/wp-content\/uploads\/2022\/08\/logo-1.png\",\"contentUrl\":\"http:\/\/www.celttv.com.ar\/wp-content\/uploads\/2022\/08\/logo-1.png\",\"width\":461,\"height\":159,\"caption\":\"CELTTV\"},\"image\":{\"@id\":\"https:\/\/www.celttv.com.ar\/#\/schema\/logo\/image\/\"}},{\"@type\":\"Person\",\"@id\":\"https:\/\/www.celttv.com.ar\/#\/schema\/person\/6d99c072dba59953809c81446e9d0ace\",\"name\":\"ulises\",\"image\":{\"@type\":\"ImageObject\",\"inLanguage\":\"es\",\"@id\":\"https:\/\/www.celttv.com.ar\/#\/schema\/person\/image\/\",\"url\":\"https:\/\/secure.gravatar.com\/avatar\/7f2c48bdc33b30088f941fb6082e555f2874c98e20cb159d7b92b50eadfce793?s=96&d=mm&r=g\",\"contentUrl\":\"https:\/\/secure.gravatar.com\/avatar\/7f2c48bdc33b30088f941fb6082e555f2874c98e20cb159d7b92b50eadfce793?s=96&d=mm&r=g\",\"caption\":\"ulises\"},\"sameAs\":[\"http:\/\/www.celttv.com.ar\"]}]}<\/script>\n<!-- \/ Yoast SEO plugin. -->","yoast_head_json":{"title":"FIESTA DE LA GOLONDRINA: EXITOSO CIERRE DE UNA FIESTA QUE GANA EN JERARQUIA - CELTTV","description":"Sitio web de noticias de la localidad de Tornquist, provincia de Buenos Aires, Rep\u00fablica Argentina. Contenido propio originado por periodistas de CELTTV, el canal de TV local de la Cooperativa El\u00e9ctrica de Tornquist. Turismo, Pol\u00edtica, Sociedad, Deporte, Cultura y todo el contenido de inter\u00e9s general que la gente del pueblo y la regi\u00f3n debe conocer.","robots":{"index":"index","follow":"follow","max-snippet":"max-snippet:-1","max-image-preview":"max-image-preview:large","max-video-preview":"max-video-preview:-1"},"canonical":"https:\/\/www.celttv.com.ar\/index.php\/2013\/01\/15\/fiesta-de-la-golondrina-exitoso-cierre-de-una-fiesta-que-gana-en-jerarquia\/","og_locale":"es_ES","og_type":"article","og_title":"FIESTA DE LA GOLONDRINA: EXITOSO CIERRE DE UNA FIESTA QUE GANA EN JERARQUIA - CELTTV","og_description":"Sitio web de noticias de la localidad de Tornquist, provincia de Buenos Aires, Rep\u00fablica Argentina. Contenido propio originado por periodistas de CELTTV, el canal de TV local de la Cooperativa El\u00e9ctrica de Tornquist. Turismo, Pol\u00edtica, Sociedad, Deporte, Cultura y todo el contenido de inter\u00e9s general que la gente del pueblo y la regi\u00f3n debe conocer.","og_url":"https:\/\/www.celttv.com.ar\/index.php\/2013\/01\/15\/fiesta-de-la-golondrina-exitoso-cierre-de-una-fiesta-que-gana-en-jerarquia\/","og_site_name":"CELTTV","article_publisher":"https:\/\/www.facebook.com\/celtTV\/","article_published_time":"2013-01-15T21:36:23+00:00","author":"ulises","twitter_card":"summary_large_image","twitter_misc":{"Escrito por":"ulises","Tiempo de lectura":"5 minutos"},"schema":{"@context":"https:\/\/schema.org","@graph":[{"@type":"NewsArticle","@id":"https:\/\/www.celttv.com.ar\/index.php\/2013\/01\/15\/fiesta-de-la-golondrina-exitoso-cierre-de-una-fiesta-que-gana-en-jerarquia\/#article","isPartOf":{"@id":"https:\/\/www.celttv.com.ar\/index.php\/2013\/01\/15\/fiesta-de-la-golondrina-exitoso-cierre-de-una-fiesta-que-gana-en-jerarquia\/"},"author":{"name":"ulises","@id":"https:\/\/www.celttv.com.ar\/#\/schema\/person\/6d99c072dba59953809c81446e9d0ace"},"headline":"FIESTA DE LA GOLONDRINA: EXITOSO CIERRE DE UNA FIESTA QUE GANA EN JERARQUIA","datePublished":"2013-01-15T21:36:23+00:00","dateModified":"2013-01-15T21:36:23+00:00","mainEntityOfPage":{"@id":"https:\/\/www.celttv.com.ar\/index.php\/2013\/01\/15\/fiesta-de-la-golondrina-exitoso-cierre-de-una-fiesta-que-gana-en-jerarquia\/"},"wordCount":1044,"publisher":{"@id":"https:\/\/www.celttv.com.ar\/#organization"},"articleSection":["Comunidad","Destacadas","Espect\u00e1culos","Pol\u00edtica"],"inLanguage":"es"},{"@type":"WebPage","@id":"https:\/\/www.celttv.com.ar\/index.php\/2013\/01\/15\/fiesta-de-la-golondrina-exitoso-cierre-de-una-fiesta-que-gana-en-jerarquia\/","url":"https:\/\/www.celttv.com.ar\/index.php\/2013\/01\/15\/fiesta-de-la-golondrina-exitoso-cierre-de-una-fiesta-que-gana-en-jerarquia\/","name":"FIESTA DE LA GOLONDRINA: EXITOSO CIERRE DE UNA FIESTA QUE GANA EN JERARQUIA - CELTTV","isPartOf":{"@id":"https:\/\/www.celttv.com.ar\/#website"},"datePublished":"2013-01-15T21:36:23+00:00","dateModified":"2013-01-15T21:36:23+00:00","description":"Sitio web de noticias de la localidad de Tornquist, provincia de Buenos Aires, Rep\u00fablica Argentina. Contenido propio originado por periodistas de CELTTV, el canal de TV local de la Cooperativa El\u00e9ctrica de Tornquist. Turismo, Pol\u00edtica, Sociedad, Deporte, Cultura y todo el contenido de inter\u00e9s general que la gente del pueblo y la regi\u00f3n debe conocer.","breadcrumb":{"@id":"https:\/\/www.celttv.com.ar\/index.php\/2013\/01\/15\/fiesta-de-la-golondrina-exitoso-cierre-de-una-fiesta-que-gana-en-jerarquia\/#breadcrumb"},"inLanguage":"es","potentialAction":[{"@type":"ReadAction","target":["https:\/\/www.celttv.com.ar\/index.php\/2013\/01\/15\/fiesta-de-la-golondrina-exitoso-cierre-de-una-fiesta-que-gana-en-jerarquia\/"]}]},{"@type":"BreadcrumbList","@id":"https:\/\/www.celttv.com.ar\/index.php\/2013\/01\/15\/fiesta-de-la-golondrina-exitoso-cierre-de-una-fiesta-que-gana-en-jerarquia\/#breadcrumb","itemListElement":[{"@type":"ListItem","position":1,"name":"Inicio","item":"https:\/\/www.celttv.com.ar\/"},{"@type":"ListItem","position":2,"name":"FIESTA DE LA GOLONDRINA: EXITOSO CIERRE DE UNA FIESTA QUE GANA EN JERARQUIA"}]},{"@type":"WebSite","@id":"https:\/\/www.celttv.com.ar\/#website","url":"https:\/\/www.celttv.com.ar\/","name":"CELTTV","description":"Cooperativa El\u00e9ctrica de Tornquist","publisher":{"@id":"https:\/\/www.celttv.com.ar\/#organization"},"potentialAction":[{"@type":"SearchAction","target":{"@type":"EntryPoint","urlTemplate":"https:\/\/www.celttv.com.ar\/?s={search_term_string}"},"query-input":"required name=search_term_string"}],"inLanguage":"es"},{"@type":"Organization","@id":"https:\/\/www.celttv.com.ar\/#organization","name":"CELTTV","url":"https:\/\/www.celttv.com.ar\/","sameAs":["https:\/\/www.youtube.com\/channel\/UCz_oIt8Hig64Ub-EmcNPIhg","https:\/\/www.facebook.com\/celtTV\/"],"logo":{"@type":"ImageObject","inLanguage":"es","@id":"https:\/\/www.celttv.com.ar\/#\/schema\/logo\/image\/","url":"http:\/\/www.celttv.com.ar\/wp-content\/uploads\/2022\/08\/logo-1.png","contentUrl":"http:\/\/www.celttv.com.ar\/wp-content\/uploads\/2022\/08\/logo-1.png","width":461,"height":159,"caption":"CELTTV"},"image":{"@id":"https:\/\/www.celttv.com.ar\/#\/schema\/logo\/image\/"}},{"@type":"Person","@id":"https:\/\/www.celttv.com.ar\/#\/schema\/person\/6d99c072dba59953809c81446e9d0ace","name":"ulises","image":{"@type":"ImageObject","inLanguage":"es","@id":"https:\/\/www.celttv.com.ar\/#\/schema\/person\/image\/","url":"https:\/\/secure.gravatar.com\/avatar\/7f2c48bdc33b30088f941fb6082e555f2874c98e20cb159d7b92b50eadfce793?s=96&d=mm&r=g","contentUrl":"https:\/\/secure.gravatar.com\/avatar\/7f2c48bdc33b30088f941fb6082e555f2874c98e20cb159d7b92b50eadfce793?s=96&d=mm&r=g","caption":"ulises"},"sameAs":["http:\/\/www.celttv.com.ar"]}]}},"_links":{"self":[{"href":"https:\/\/www.celttv.com.ar\/index.php\/wp-json\/wp\/v2\/posts\/9669","targetHints":{"allow":["GET"]}}],"collection":[{"href":"https:\/\/www.celttv.com.ar\/index.php\/wp-json\/wp\/v2\/posts"}],"about":[{"href":"https:\/\/www.celttv.com.ar\/index.php\/wp-json\/wp\/v2\/types\/post"}],"author":[{"embeddable":true,"href":"https:\/\/www.celttv.com.ar\/index.php\/wp-json\/wp\/v2\/users\/1"}],"replies":[{"embeddable":true,"href":"https:\/\/www.celttv.com.ar\/index.php\/wp-json\/wp\/v2\/comments?post=9669"}],"version-history":[{"count":0,"href":"https:\/\/www.celttv.com.ar\/index.php\/wp-json\/wp\/v2\/posts\/9669\/revisions"}],"wp:attachment":[{"href":"https:\/\/www.celttv.com.ar\/index.php\/wp-json\/wp\/v2\/media?parent=9669"}],"wp:term":[{"taxonomy":"category","embeddable":true,"href":"https:\/\/www.celttv.com.ar\/index.php\/wp-json\/wp\/v2\/categories?post=9669"},{"taxonomy":"post_tag","embeddable":true,"href":"https:\/\/www.celttv.com.ar\/index.php\/wp-json\/wp\/v2\/tags?post=9669"}],"curies":[{"name":"wp","href":"https:\/\/api.w.org\/{rel}","templated":true}]}}