{"id":9732,"date":"2013-01-21T20:16:34","date_gmt":"2013-01-21T20:16:34","guid":{"rendered":"http:\/\/www.tvcnoticias.com.ar\/?p=9732"},"modified":"2013-01-21T20:16:34","modified_gmt":"2013-01-21T20:16:34","slug":"sierra-de-la-ventana-todos-los-videos-de-la-inauguracion-de-la-ampliacion-de-la-sala","status":"publish","type":"post","link":"https:\/\/www.celttv.com.ar\/index.php\/2013\/01\/21\/sierra-de-la-ventana-todos-los-videos-de-la-inauguracion-de-la-ampliacion-de-la-sala\/","title":{"rendered":"SIERRA DE LA VENTANA: TODOS LOS VIDEOS DE LA INAUGURACION DE LA AMPLIACION DE LA SALA"},"content":{"rendered":"<p><a>httpv:\/\/www.youtube.com\/watch?v=0-dJXS_bpG8<\/a><br \/>\n<a href=\"http:\/\/www.youtube.com\/watch?v=7bjCVPMrjvY\">httpv:\/\/www.youtube.com\/watch?v=7bjCVPMrjvY<\/a><br \/>\n<a href=\"http:\/\/www.youtube.com\/watch?v=D5-6ObST3X4\">httpv:\/\/www.youtube.com\/watch?v=D5-6ObST3X4<\/a><br \/>\n<a href=\"http:\/\/www.youtube.com\/watch?v=H5FgyHMjoqs\">httpv:\/\/www.youtube.com\/watch?v=H5FgyHMjoqs<\/a><\/p>\n<div><span style=\"font-size: xx-small;\">Con la inauguraci\u00f3n de la ampliaci\u00f3n de la Unidad Sanitaria &#8220;Doctor Emilio Aldaya&#8221; como aspecto saliente, se desarroll\u00f3 en el atardecer del pasado jueves el acto protocolar por el 105\u00b0 aniversario de la localidad de Sierra de la Ventana.<\/span><\/div>\n<div><span style=\"font-size: xx-small;\">La cita cont\u00f3 con la presencia del intendente municipal, licenciado Gustavo Trankels, quien recibi\u00f3 la visita del director de la Regi\u00f3n Sanitaria I, doctor Jorge Gabbarini, en representaci\u00f3n del ministro de Salud provincial, doctor Alejandro Collia.<\/span><\/div>\n<div><span style=\"font-size: xx-small;\">Del acto tambi\u00e9n participaron los secretarios Guillermo L\u00f6ffler (Gobierno y Hacienda); Anabella Madue\u00f1a (Obras y Servicios P\u00fablicos), Guillermo Beck (Gabinete y Recursos Humanos), Ricardo Valentini (Producci\u00f3n y Medio Ambiente), Mirta Avila (Salud y Bromatolog\u00eda), Rub\u00e9n Testa (Turismo, Cultura y Deportes) y Carlos Carriquiry (Seguridad); los subsecretarios Christian Trankels (Obras y Servicio P\u00fablicos), Ignacio Bechthold (Legal y T\u00e9cnico) y Ver\u00f3nica Castro (Salud y Bromatolog\u00eda); los directores V\u00edctor Ant\u00f3n (Producci\u00f3n y Medio Ambiente) y Luciano Fontanes (Bromatolog\u00eda); y el delegado Daniel Lagos y sus pares de Tres Picos, Graciela Berth; Villa Serrana La Gruta, Fabi\u00e1n Medrano, y Villa Ventana, Alberto Bustriazo.<\/span><\/div>\n<p><span style=\"font-size: xx-small;\">A todos ellos se agregaron los concejales Adriana Nielsen, Mar\u00eda Ofelia Skolak, Patricia V\u00e1zquez, Daniel Etcheber y Alberto Cleppe, y representantes de instituciones y vecinos.<br \/>\nLa especial jornada result\u00f3 el momento ideal para poner en funcionamiento a las nuevas instalaciones del centro de atenci\u00f3n primaria del lugar, que fue ampliado, remodelado y refuncionalizado.<br \/>\n&#8220;Este era un gran anhelo de los vecinos y la cooperadora. Les agradezco que hayan confiado en esta administraci\u00f3n para conseguir una necesidad que ven\u00edan reclamando desde hace mucho tiempo. Como toda obra de importancia tuvo sus dificultades. Un tema fundamental fue conseguir el apoyo econ\u00f3mico y financiero para poder cristalizarla&#8221;, destac\u00f3 el jefe comunal, despu\u00e9s de escuchar la bendici\u00f3n del di\u00e1cono parroquial de Saldungaray, Juan Carlos De Piaza.<br \/>\n&#8220;Hay un motivo para que la gente de nuestro distrito se pueda sentir orgullosa, porque el dise\u00f1o y la mano de obra de todos los rubros fue completamente de nuestro distrito. Eso es algo que quiero valorar&#8221;, asegur\u00f3.<br \/>\nAdem\u00e1s, el intendente agradeci\u00f3 el empe\u00f1o de la secretaria de Obras y Servicios P\u00fablicos, Anabella Madue\u00f1a, y su equipo; el trabajo de la cooperadora de la sala; y el apoyo de a las gestiones que acompa\u00f1an a la presidenta Cristina Fern\u00e1ndez, al gobernador Daniel Scioli y al ministro de Salud bonaerense, Alejandro Collia.<br \/>\nAprovechando su presencia en el lugar, el doctor Gabbarini tambi\u00e9n dej\u00f3 sus sensaciones.<br \/>\n&#8220;Los felicito por esta obra, que significa mucho y necesit\u00f3 de mucho esfuerzo para poder concretarse. Esperemos que esto que luce tan lindo y tan amplio, lo usemos lo menos posible para la enfermedad. La salud no es una cuesti\u00f3n de los m\u00e9dicos o los enfermeros, sino de cada uno de nosotros. Esto, a veces, no lo resaltamos como deber\u00edamos. Considero que estos espacios deben ser aprovechados para producir salud&#8221;, resalt\u00f3.<br \/>\nAdem\u00e1s, el delegado Daniel Lagos destac\u00f3 el crecimiento que viene experimentando Sierra de la Ventana.<br \/>\n&#8220;Este es un d\u00eda muy especial, m\u00e1s all\u00e1 del aniversario, porque se cumple un objetivo por el cual luchamos mucho. Quiero agradecerle al intendente, que trabaj\u00f3 impecablemente y much\u00edsimo para que hoy podamos inaugurar la ampliaci\u00f3n de la sala. Estamos avanzando. Obviamente quedan cosas en el tintero, pero estamos logrando de a poco el crecimiento y la mejora esperada&#8221;, asegur\u00f3.<br \/>\nEl doctor Fernando Aldaya, a cargo de la Unidad Sanitaria, rescat\u00f3 la figura de su padre, uno de los precursores del lugar.<br \/>\n&#8220;Mis emociones se conjugan, ya que no s\u00f3lo estamos reunidos para asistir a la inauguraci\u00f3n de la sala, sino para recordar a mi padre, de quien estoy sumamente orgulloso. Era un ser excepcional, sencillo, humilde, honesto y visionario&#8221;, destac\u00f3.<br \/>\nEl cl\u00e1sico corte de cinta y el descubrimiento de una placa alusiva ubicada en el interior de la construcci\u00f3n estuvo a cargo del intendente Trankels, Gabbarini, Madue\u00f1a, Aldaya y Lagos.<br \/>\nPara el cierre qued\u00f3 la actuaci\u00f3n del grupo de baile de la Escuela Folkl\u00f3rica Municipal y un brindis compartido entre los presentes.<br \/>\nUna vez concluido el acto protocolar, la atenci\u00f3n se concentr\u00f3 en la Plazoleta Central, donde la agrupaci\u00f3n Ventana Fest organiz\u00f3 un festival de rock, que se extender\u00e1 hasta el s\u00e1bado y contendr\u00e1, adem\u00e1s, la elecci\u00f3n de la reina.<br \/>\nLa obra<br \/>\nLas necesidades surgieron luego de reuniones realizadas con m\u00e9dicos, integrantes de la cooperadora y t\u00e9cnicos.<br \/>\nComo primer requerimiento, se detect\u00f3 la importancia de llevar a cabo la ampliaci\u00f3n de la sala de espera y el \u00e1rea administrativa, adem\u00e1s de la incorporaci\u00f3n de un bloque de sanitarios y la centralizaci\u00f3n de la atenci\u00f3n de pacientes de todo el centro de salud.<br \/>\nDebido a que se trat\u00f3 de la ampliaci\u00f3n de una construcci\u00f3n existente, la intervenci\u00f3n realizada requiri\u00f3 la ejecuci\u00f3n de importantes modificaciones en la vieja estructura, adem\u00e1s de la adaptaci\u00f3n de las principales dependencias a las medidas adecuadas para personas en sillas de ruedas.<br \/>\nLa nueva obra consiste en la ampliaci\u00f3n de la sala de espera y del \u00e1rea de informes, la construcci\u00f3n de un paso de conexi\u00f3n entre las distintas \u00e1reas, la incorporaci\u00f3n de un consultorio y la ejecuci\u00f3n de un bloque sanitario, con uno de los ba\u00f1os adaptados a los conceptos de accesibilidad (medias aptas para sillas de ruedas).<br \/>\nTal como podr\u00e1n apreciar y disfrutar los vecinos, la obra se concret\u00f3 con materiales de primera calidad. En el caso de las aberturas, se utiliz\u00f3 aluminio semipesado, con doble vidrio y c\u00e1mara de aire intermedia, para permitir una mayor aislaci\u00f3n t\u00e9rmica y ac\u00fastica del edificio.<br \/>\nAprovechando que se estaba ejecutando la red de gas en la nueva estructura, se decidi\u00f3 realizar el recambio de toda la ca\u00f1er\u00eda existente, extraer los calefactores e incorporar calefacci\u00f3n central.<br \/>\nLa obra se complementa con una impronta de modernidad y un tratamiento exterior acorde con el estrat\u00e9gico lugar en el cual se encuentra emplazada.<br \/>\n<\/span><\/p>\n","protected":false},"excerpt":{"rendered":"<p>httpv:\/\/www.youtube.com\/watch?v=0-dJXS_bpG8 httpv:\/\/www.youtube.com\/watch?v=7bjCVPMrjvY httpv:\/\/www.youtube.com\/watch?v=D5-6ObST3X4 httpv:\/\/www.youtube.com\/watch?v=H5FgyHMjoqs Con la inauguraci\u00f3n de la ampliaci\u00f3n de la Unidad Sanitaria &#8220;Doctor Emilio Aldaya&#8221; como aspecto saliente, se desarroll\u00f3 en el atardecer del pasado jueves el acto protocolar por el 105\u00b0 aniversario de la localidad de Sierra de la Ventana. La cita cont\u00f3 con la presencia del intendente municipal, licenciado Gustavo Trankels, [&hellip;]<\/p>\n","protected":false},"author":1,"featured_media":0,"comment_status":"closed","ping_status":"open","sticky":false,"template":"","format":"standard","meta":{"footnotes":""},"categories":[51,52,53,64],"tags":[],"class_list":["post-9732","post","type-post","status-publish","format-standard","hentry","category-comunidad","category-destacadas","category-politica","category-videos-destacados"],"yoast_head":"<!-- This site is optimized with the Yoast SEO plugin v19.7.1 - https:\/\/yoast.com\/wordpress\/plugins\/seo\/ -->\n<title>SIERRA DE LA VENTANA: TODOS LOS VIDEOS DE LA INAUGURACION DE LA AMPLIACION DE LA SALA - CELTTV<\/title>\n<meta name=\"description\" content=\"Sitio web de noticias de la localidad de Tornquist, provincia de Buenos Aires, Rep\u00fablica Argentina. Contenido propio originado por periodistas de CELTTV, el canal de TV local de la Cooperativa El\u00e9ctrica de Tornquist. Turismo, Pol\u00edtica, Sociedad, Deporte, Cultura y todo el contenido de inter\u00e9s general que la gente del pueblo y la regi\u00f3n debe conocer.\" \/>\n<meta name=\"robots\" content=\"index, follow, max-snippet:-1, max-image-preview:large, max-video-preview:-1\" \/>\n<link rel=\"canonical\" href=\"https:\/\/www.celttv.com.ar\/index.php\/2013\/01\/21\/sierra-de-la-ventana-todos-los-videos-de-la-inauguracion-de-la-ampliacion-de-la-sala\/\" \/>\n<meta property=\"og:locale\" content=\"es_ES\" \/>\n<meta property=\"og:type\" content=\"article\" \/>\n<meta property=\"og:title\" content=\"SIERRA DE LA VENTANA: TODOS LOS VIDEOS DE LA INAUGURACION DE LA AMPLIACION DE LA SALA - CELTTV\" \/>\n<meta property=\"og:description\" content=\"Sitio web de noticias de la localidad de Tornquist, provincia de Buenos Aires, Rep\u00fablica Argentina. Contenido propio originado por periodistas de CELTTV, el canal de TV local de la Cooperativa El\u00e9ctrica de Tornquist. Turismo, Pol\u00edtica, Sociedad, Deporte, Cultura y todo el contenido de inter\u00e9s general que la gente del pueblo y la regi\u00f3n debe conocer.\" \/>\n<meta property=\"og:url\" content=\"https:\/\/www.celttv.com.ar\/index.php\/2013\/01\/21\/sierra-de-la-ventana-todos-los-videos-de-la-inauguracion-de-la-ampliacion-de-la-sala\/\" \/>\n<meta property=\"og:site_name\" content=\"CELTTV\" \/>\n<meta property=\"article:publisher\" content=\"https:\/\/www.facebook.com\/celtTV\/\" \/>\n<meta property=\"article:published_time\" content=\"2013-01-21T20:16:34+00:00\" \/>\n<meta name=\"author\" content=\"ulises\" \/>\n<meta name=\"twitter:card\" content=\"summary_large_image\" \/>\n<meta name=\"twitter:label1\" content=\"Escrito por\" \/>\n\t<meta name=\"twitter:data1\" content=\"ulises\" \/>\n\t<meta name=\"twitter:label2\" content=\"Tiempo de lectura\" \/>\n\t<meta name=\"twitter:data2\" content=\"5 minutos\" \/>\n<script type=\"application\/ld+json\" class=\"yoast-schema-graph\">{\"@context\":\"https:\/\/schema.org\",\"@graph\":[{\"@type\":\"NewsArticle\",\"@id\":\"https:\/\/www.celttv.com.ar\/index.php\/2013\/01\/21\/sierra-de-la-ventana-todos-los-videos-de-la-inauguracion-de-la-ampliacion-de-la-sala\/#article\",\"isPartOf\":{\"@id\":\"https:\/\/www.celttv.com.ar\/index.php\/2013\/01\/21\/sierra-de-la-ventana-todos-los-videos-de-la-inauguracion-de-la-ampliacion-de-la-sala\/\"},\"author\":{\"name\":\"ulises\",\"@id\":\"https:\/\/www.celttv.com.ar\/#\/schema\/person\/6d99c072dba59953809c81446e9d0ace\"},\"headline\":\"SIERRA DE LA VENTANA: TODOS LOS VIDEOS DE LA INAUGURACION DE LA AMPLIACION DE LA SALA\",\"datePublished\":\"2013-01-21T20:16:34+00:00\",\"dateModified\":\"2013-01-21T20:16:34+00:00\",\"mainEntityOfPage\":{\"@id\":\"https:\/\/www.celttv.com.ar\/index.php\/2013\/01\/21\/sierra-de-la-ventana-todos-los-videos-de-la-inauguracion-de-la-ampliacion-de-la-sala\/\"},\"wordCount\":1091,\"publisher\":{\"@id\":\"https:\/\/www.celttv.com.ar\/#organization\"},\"articleSection\":[\"Comunidad\",\"Destacadas\",\"Pol\u00edtica\",\"Videos Destacados\"],\"inLanguage\":\"es\"},{\"@type\":\"WebPage\",\"@id\":\"https:\/\/www.celttv.com.ar\/index.php\/2013\/01\/21\/sierra-de-la-ventana-todos-los-videos-de-la-inauguracion-de-la-ampliacion-de-la-sala\/\",\"url\":\"https:\/\/www.celttv.com.ar\/index.php\/2013\/01\/21\/sierra-de-la-ventana-todos-los-videos-de-la-inauguracion-de-la-ampliacion-de-la-sala\/\",\"name\":\"SIERRA DE LA VENTANA: TODOS LOS VIDEOS DE LA INAUGURACION DE LA AMPLIACION DE LA SALA - CELTTV\",\"isPartOf\":{\"@id\":\"https:\/\/www.celttv.com.ar\/#website\"},\"datePublished\":\"2013-01-21T20:16:34+00:00\",\"dateModified\":\"2013-01-21T20:16:34+00:00\",\"description\":\"Sitio web de noticias de la localidad de Tornquist, provincia de Buenos Aires, Rep\u00fablica Argentina. Contenido propio originado por periodistas de CELTTV, el canal de TV local de la Cooperativa El\u00e9ctrica de Tornquist. Turismo, Pol\u00edtica, Sociedad, Deporte, Cultura y todo el contenido de inter\u00e9s general que la gente del pueblo y la regi\u00f3n debe conocer.\",\"breadcrumb\":{\"@id\":\"https:\/\/www.celttv.com.ar\/index.php\/2013\/01\/21\/sierra-de-la-ventana-todos-los-videos-de-la-inauguracion-de-la-ampliacion-de-la-sala\/#breadcrumb\"},\"inLanguage\":\"es\",\"potentialAction\":[{\"@type\":\"ReadAction\",\"target\":[\"https:\/\/www.celttv.com.ar\/index.php\/2013\/01\/21\/sierra-de-la-ventana-todos-los-videos-de-la-inauguracion-de-la-ampliacion-de-la-sala\/\"]}]},{\"@type\":\"BreadcrumbList\",\"@id\":\"https:\/\/www.celttv.com.ar\/index.php\/2013\/01\/21\/sierra-de-la-ventana-todos-los-videos-de-la-inauguracion-de-la-ampliacion-de-la-sala\/#breadcrumb\",\"itemListElement\":[{\"@type\":\"ListItem\",\"position\":1,\"name\":\"Inicio\",\"item\":\"https:\/\/www.celttv.com.ar\/\"},{\"@type\":\"ListItem\",\"position\":2,\"name\":\"SIERRA DE LA VENTANA: TODOS LOS VIDEOS DE LA INAUGURACION DE LA AMPLIACION DE LA SALA\"}]},{\"@type\":\"WebSite\",\"@id\":\"https:\/\/www.celttv.com.ar\/#website\",\"url\":\"https:\/\/www.celttv.com.ar\/\",\"name\":\"CELTTV\",\"description\":\"Cooperativa El\u00e9ctrica de Tornquist\",\"publisher\":{\"@id\":\"https:\/\/www.celttv.com.ar\/#organization\"},\"potentialAction\":[{\"@type\":\"SearchAction\",\"target\":{\"@type\":\"EntryPoint\",\"urlTemplate\":\"https:\/\/www.celttv.com.ar\/?s={search_term_string}\"},\"query-input\":\"required name=search_term_string\"}],\"inLanguage\":\"es\"},{\"@type\":\"Organization\",\"@id\":\"https:\/\/www.celttv.com.ar\/#organization\",\"name\":\"CELTTV\",\"url\":\"https:\/\/www.celttv.com.ar\/\",\"sameAs\":[\"https:\/\/www.youtube.com\/channel\/UCz_oIt8Hig64Ub-EmcNPIhg\",\"https:\/\/www.facebook.com\/celtTV\/\"],\"logo\":{\"@type\":\"ImageObject\",\"inLanguage\":\"es\",\"@id\":\"https:\/\/www.celttv.com.ar\/#\/schema\/logo\/image\/\",\"url\":\"http:\/\/www.celttv.com.ar\/wp-content\/uploads\/2022\/08\/logo-1.png\",\"contentUrl\":\"http:\/\/www.celttv.com.ar\/wp-content\/uploads\/2022\/08\/logo-1.png\",\"width\":461,\"height\":159,\"caption\":\"CELTTV\"},\"image\":{\"@id\":\"https:\/\/www.celttv.com.ar\/#\/schema\/logo\/image\/\"}},{\"@type\":\"Person\",\"@id\":\"https:\/\/www.celttv.com.ar\/#\/schema\/person\/6d99c072dba59953809c81446e9d0ace\",\"name\":\"ulises\",\"image\":{\"@type\":\"ImageObject\",\"inLanguage\":\"es\",\"@id\":\"https:\/\/www.celttv.com.ar\/#\/schema\/person\/image\/\",\"url\":\"https:\/\/secure.gravatar.com\/avatar\/7f2c48bdc33b30088f941fb6082e555f2874c98e20cb159d7b92b50eadfce793?s=96&d=mm&r=g\",\"contentUrl\":\"https:\/\/secure.gravatar.com\/avatar\/7f2c48bdc33b30088f941fb6082e555f2874c98e20cb159d7b92b50eadfce793?s=96&d=mm&r=g\",\"caption\":\"ulises\"},\"sameAs\":[\"http:\/\/www.celttv.com.ar\"]}]}<\/script>\n<!-- \/ Yoast SEO plugin. -->","yoast_head_json":{"title":"SIERRA DE LA VENTANA: TODOS LOS VIDEOS DE LA INAUGURACION DE LA AMPLIACION DE LA SALA - CELTTV","description":"Sitio web de noticias de la localidad de Tornquist, provincia de Buenos Aires, Rep\u00fablica Argentina. Contenido propio originado por periodistas de CELTTV, el canal de TV local de la Cooperativa El\u00e9ctrica de Tornquist. Turismo, Pol\u00edtica, Sociedad, Deporte, Cultura y todo el contenido de inter\u00e9s general que la gente del pueblo y la regi\u00f3n debe conocer.","robots":{"index":"index","follow":"follow","max-snippet":"max-snippet:-1","max-image-preview":"max-image-preview:large","max-video-preview":"max-video-preview:-1"},"canonical":"https:\/\/www.celttv.com.ar\/index.php\/2013\/01\/21\/sierra-de-la-ventana-todos-los-videos-de-la-inauguracion-de-la-ampliacion-de-la-sala\/","og_locale":"es_ES","og_type":"article","og_title":"SIERRA DE LA VENTANA: TODOS LOS VIDEOS DE LA INAUGURACION DE LA AMPLIACION DE LA SALA - CELTTV","og_description":"Sitio web de noticias de la localidad de Tornquist, provincia de Buenos Aires, Rep\u00fablica Argentina. Contenido propio originado por periodistas de CELTTV, el canal de TV local de la Cooperativa El\u00e9ctrica de Tornquist. Turismo, Pol\u00edtica, Sociedad, Deporte, Cultura y todo el contenido de inter\u00e9s general que la gente del pueblo y la regi\u00f3n debe conocer.","og_url":"https:\/\/www.celttv.com.ar\/index.php\/2013\/01\/21\/sierra-de-la-ventana-todos-los-videos-de-la-inauguracion-de-la-ampliacion-de-la-sala\/","og_site_name":"CELTTV","article_publisher":"https:\/\/www.facebook.com\/celtTV\/","article_published_time":"2013-01-21T20:16:34+00:00","author":"ulises","twitter_card":"summary_large_image","twitter_misc":{"Escrito por":"ulises","Tiempo de lectura":"5 minutos"},"schema":{"@context":"https:\/\/schema.org","@graph":[{"@type":"NewsArticle","@id":"https:\/\/www.celttv.com.ar\/index.php\/2013\/01\/21\/sierra-de-la-ventana-todos-los-videos-de-la-inauguracion-de-la-ampliacion-de-la-sala\/#article","isPartOf":{"@id":"https:\/\/www.celttv.com.ar\/index.php\/2013\/01\/21\/sierra-de-la-ventana-todos-los-videos-de-la-inauguracion-de-la-ampliacion-de-la-sala\/"},"author":{"name":"ulises","@id":"https:\/\/www.celttv.com.ar\/#\/schema\/person\/6d99c072dba59953809c81446e9d0ace"},"headline":"SIERRA DE LA VENTANA: TODOS LOS VIDEOS DE LA INAUGURACION DE LA AMPLIACION DE LA SALA","datePublished":"2013-01-21T20:16:34+00:00","dateModified":"2013-01-21T20:16:34+00:00","mainEntityOfPage":{"@id":"https:\/\/www.celttv.com.ar\/index.php\/2013\/01\/21\/sierra-de-la-ventana-todos-los-videos-de-la-inauguracion-de-la-ampliacion-de-la-sala\/"},"wordCount":1091,"publisher":{"@id":"https:\/\/www.celttv.com.ar\/#organization"},"articleSection":["Comunidad","Destacadas","Pol\u00edtica","Videos Destacados"],"inLanguage":"es"},{"@type":"WebPage","@id":"https:\/\/www.celttv.com.ar\/index.php\/2013\/01\/21\/sierra-de-la-ventana-todos-los-videos-de-la-inauguracion-de-la-ampliacion-de-la-sala\/","url":"https:\/\/www.celttv.com.ar\/index.php\/2013\/01\/21\/sierra-de-la-ventana-todos-los-videos-de-la-inauguracion-de-la-ampliacion-de-la-sala\/","name":"SIERRA DE LA VENTANA: TODOS LOS VIDEOS DE LA INAUGURACION DE LA AMPLIACION DE LA SALA - CELTTV","isPartOf":{"@id":"https:\/\/www.celttv.com.ar\/#website"},"datePublished":"2013-01-21T20:16:34+00:00","dateModified":"2013-01-21T20:16:34+00:00","description":"Sitio web de noticias de la localidad de Tornquist, provincia de Buenos Aires, Rep\u00fablica Argentina. Contenido propio originado por periodistas de CELTTV, el canal de TV local de la Cooperativa El\u00e9ctrica de Tornquist. Turismo, Pol\u00edtica, Sociedad, Deporte, Cultura y todo el contenido de inter\u00e9s general que la gente del pueblo y la regi\u00f3n debe conocer.","breadcrumb":{"@id":"https:\/\/www.celttv.com.ar\/index.php\/2013\/01\/21\/sierra-de-la-ventana-todos-los-videos-de-la-inauguracion-de-la-ampliacion-de-la-sala\/#breadcrumb"},"inLanguage":"es","potentialAction":[{"@type":"ReadAction","target":["https:\/\/www.celttv.com.ar\/index.php\/2013\/01\/21\/sierra-de-la-ventana-todos-los-videos-de-la-inauguracion-de-la-ampliacion-de-la-sala\/"]}]},{"@type":"BreadcrumbList","@id":"https:\/\/www.celttv.com.ar\/index.php\/2013\/01\/21\/sierra-de-la-ventana-todos-los-videos-de-la-inauguracion-de-la-ampliacion-de-la-sala\/#breadcrumb","itemListElement":[{"@type":"ListItem","position":1,"name":"Inicio","item":"https:\/\/www.celttv.com.ar\/"},{"@type":"ListItem","position":2,"name":"SIERRA DE LA VENTANA: TODOS LOS VIDEOS DE LA INAUGURACION DE LA AMPLIACION DE LA SALA"}]},{"@type":"WebSite","@id":"https:\/\/www.celttv.com.ar\/#website","url":"https:\/\/www.celttv.com.ar\/","name":"CELTTV","description":"Cooperativa El\u00e9ctrica de Tornquist","publisher":{"@id":"https:\/\/www.celttv.com.ar\/#organization"},"potentialAction":[{"@type":"SearchAction","target":{"@type":"EntryPoint","urlTemplate":"https:\/\/www.celttv.com.ar\/?s={search_term_string}"},"query-input":"required name=search_term_string"}],"inLanguage":"es"},{"@type":"Organization","@id":"https:\/\/www.celttv.com.ar\/#organization","name":"CELTTV","url":"https:\/\/www.celttv.com.ar\/","sameAs":["https:\/\/www.youtube.com\/channel\/UCz_oIt8Hig64Ub-EmcNPIhg","https:\/\/www.facebook.com\/celtTV\/"],"logo":{"@type":"ImageObject","inLanguage":"es","@id":"https:\/\/www.celttv.com.ar\/#\/schema\/logo\/image\/","url":"http:\/\/www.celttv.com.ar\/wp-content\/uploads\/2022\/08\/logo-1.png","contentUrl":"http:\/\/www.celttv.com.ar\/wp-content\/uploads\/2022\/08\/logo-1.png","width":461,"height":159,"caption":"CELTTV"},"image":{"@id":"https:\/\/www.celttv.com.ar\/#\/schema\/logo\/image\/"}},{"@type":"Person","@id":"https:\/\/www.celttv.com.ar\/#\/schema\/person\/6d99c072dba59953809c81446e9d0ace","name":"ulises","image":{"@type":"ImageObject","inLanguage":"es","@id":"https:\/\/www.celttv.com.ar\/#\/schema\/person\/image\/","url":"https:\/\/secure.gravatar.com\/avatar\/7f2c48bdc33b30088f941fb6082e555f2874c98e20cb159d7b92b50eadfce793?s=96&d=mm&r=g","contentUrl":"https:\/\/secure.gravatar.com\/avatar\/7f2c48bdc33b30088f941fb6082e555f2874c98e20cb159d7b92b50eadfce793?s=96&d=mm&r=g","caption":"ulises"},"sameAs":["http:\/\/www.celttv.com.ar"]}]}},"_links":{"self":[{"href":"https:\/\/www.celttv.com.ar\/index.php\/wp-json\/wp\/v2\/posts\/9732","targetHints":{"allow":["GET"]}}],"collection":[{"href":"https:\/\/www.celttv.com.ar\/index.php\/wp-json\/wp\/v2\/posts"}],"about":[{"href":"https:\/\/www.celttv.com.ar\/index.php\/wp-json\/wp\/v2\/types\/post"}],"author":[{"embeddable":true,"href":"https:\/\/www.celttv.com.ar\/index.php\/wp-json\/wp\/v2\/users\/1"}],"replies":[{"embeddable":true,"href":"https:\/\/www.celttv.com.ar\/index.php\/wp-json\/wp\/v2\/comments?post=9732"}],"version-history":[{"count":0,"href":"https:\/\/www.celttv.com.ar\/index.php\/wp-json\/wp\/v2\/posts\/9732\/revisions"}],"wp:attachment":[{"href":"https:\/\/www.celttv.com.ar\/index.php\/wp-json\/wp\/v2\/media?parent=9732"}],"wp:term":[{"taxonomy":"category","embeddable":true,"href":"https:\/\/www.celttv.com.ar\/index.php\/wp-json\/wp\/v2\/categories?post=9732"},{"taxonomy":"post_tag","embeddable":true,"href":"https:\/\/www.celttv.com.ar\/index.php\/wp-json\/wp\/v2\/tags?post=9732"}],"curies":[{"name":"wp","href":"https:\/\/api.w.org\/{rel}","templated":true}]}}