{"id":9789,"date":"2013-01-24T22:58:13","date_gmt":"2013-01-24T22:58:13","guid":{"rendered":"http:\/\/www.tvcnoticias.com.ar\/?p=9789"},"modified":"2013-01-24T22:58:13","modified_gmt":"2013-01-24T22:58:13","slug":"facundo-saravia-se-presenta-este-viernes-en-parque-lineal","status":"publish","type":"post","link":"https:\/\/www.celttv.com.ar\/index.php\/2013\/01\/24\/facundo-saravia-se-presenta-este-viernes-en-parque-lineal\/","title":{"rendered":"FACUNDO SARAVIA SE PRESENTA ESTE VIERNES EN PARQUE LINEAL"},"content":{"rendered":"<p><a href=\"http:\/\/www.youtube.com\/watch?v=8PRuLhXeM-Y\">httpv:\/\/www.youtube.com\/watch?v=8PRuLhXeM-Y<\/a><br \/>\n<strong>Cuenta regresiva para la presentaci\u00f3n de Facundo Saravia<\/strong><br \/>\n\u00a0Cada vez falta menos. El Parque Lineal de Tornquist vivir\u00e1, este viernes, la cita m\u00e1s importante desde su recuperaci\u00f3n y puesta en valor: albergar\u00e1 la presentaci\u00f3n del reconocido folklorista nacional Facundo Saravia.<br \/>\n\u00a0\u00a0\u00a0 El artista, de extensa trayectoria en Los Chalchaleros, se subir\u00e1 al escenario armado en el espacio p\u00fablico, en una jornada que comenzar\u00e1 a las 19, contar\u00e1 con otros atractivos y ser\u00e1 con entrada libre y gratuita, merced al aporte efectuado por el gobierno de la Provincia de Buenos Aires.<br \/>\n\u00a0\u00a0 La puesta en escena se completar\u00e1 con la voz de la cantante local Corina Borelli, el grupo de danzas de la Escuela Folkl\u00f3rica Municipal y Alejandro Carrara, cantante marplatense que suele acompa\u00f1ar a figuras de la m\u00fasica nacional.<br \/>\n\u00a0\u00a0\u00a0 \u201cPara nosotros es una alegr\u00eda y un orgullo poder tener en la ciudad cabecera a tama\u00f1o artista\u201d, se\u00f1al\u00f3 el intendente municipal, licenciado Gustavo Trankels,\u00a0 respecto de la iniciativa.<br \/>\n\u00a0\u00a0 \u201cEn sus venas corre sangre de los Chalchaleros, grupo legendario que nos represent\u00f3 durante muchos a\u00f1os a nivel internacional. Por eso, tenerlo en Tornquist es un motivo de orgullo y un momento para aprovechar. Tambi\u00e9n es una buena oportunidad para escuchar a un talento local como Corina Borelli y ver a los bailarines de nuestra Escuela Folkl\u00f3rica municipal, que son un orgullo para nuestro distrito\u201d, confi\u00f3.<br \/>\n\u00a0\u00a0 El jefe comunal agradeci\u00f3 a quienes posibilitaron la llegada de Saravia a nuestro distrito.<br \/>\n\u00a0\u00a0 \u201cEsta presentaci\u00f3n de jerarqu\u00eda hubiese sido imposible tenerla si no fuera por la decisi\u00f3n pol\u00edtica del gobernador Dnaiel Scioli de aportar, a trav\u00e9s del Consejo Federal de Inversiones y la Secretar\u00eda de Turismo de la Provincia, el dinero necesario para que Facundo llegue con todo su staff. El secretario Ignacio Crotto nos acompa\u00f1\u00f3 una vez m\u00e1s en esta gesti\u00f3n\u201d, coment\u00f3.<br \/>\n\u00a0\u00a0 \u201cDe este tipo de presentaciones se realizar\u00e1n tres durante el verano en la Provincia y una de esas tenemos la suerte de tenerla en el distrito y en un lugar que es muy representativo, porque el Parque Lineal es un espacio p\u00fablico que fue recuperado para la comunidad\u201d, ampli\u00f3.<br \/>\n\u00a0\u00a0 \u201cEst\u00e1 claro que hubiese sido imposible afrontar este espect\u00e1culo desde el presupuesto municipal. Es muy importante este apoyo de la Provincia. Es para que lo disfrutemos todos los tornquistenses y una buena carta de presentaci\u00f3n para que disfruten los turistas\u201d, resalt\u00f3.<br \/>\n\u00a0\u00a0 Saravia presentar\u00e1 su \u00faltimo material discogr\u00e1fico, denominado \u201cRasgos Naturales\u201d, su octavo disco como solista. En esta producci\u00f3n sigue llevando a viva voz la m\u00fasica folkl\u00f3rica argentina. Muy bien acompa\u00f1ado y con arreglos bien criollos, da forma a este nuevo disco que incluye zambas, chacareras, cueca, huayno, chamarrita, bailecito, milonga y chamam\u00e9. No obstante, el artista porte\u00f1o tambi\u00e9n repasar\u00e1 los principales temas de sus discos anteriores.<br \/>\n\u00a0\u00a0 \u201cEstamos viviendo un mes de enero muy movido, con muchos eventos, y eso genera un atractivo no s\u00f3lo para los turistas sino tambi\u00e9n para toda la comunidad de nuestro distrito. Como extra a la presentaci\u00f3n de Saravia y los dem\u00e1s artistas, contaremos con los gacebos del municipio, en los cuales diferentes instituciones pondr\u00e1n puestos gastron\u00f3micos. Adem\u00e1s, dispondremos un patio de comida y tendremos artesanos mostrando sus producciones\u201d, cont\u00f3 la licenciada Yanina Torres, directora de Turismo de la Municipalidad de Tornquist.<\/p>\n","protected":false},"excerpt":{"rendered":"<p>httpv:\/\/www.youtube.com\/watch?v=8PRuLhXeM-Y Cuenta regresiva para la presentaci\u00f3n de Facundo Saravia \u00a0Cada vez falta menos. El Parque Lineal de Tornquist vivir\u00e1, este viernes, la cita m\u00e1s importante desde su recuperaci\u00f3n y puesta en valor: albergar\u00e1 la presentaci\u00f3n del reconocido folklorista nacional Facundo Saravia. \u00a0\u00a0\u00a0 El artista, de extensa trayectoria en Los Chalchaleros, se subir\u00e1 al escenario armado [&hellip;]<\/p>\n","protected":false},"author":1,"featured_media":0,"comment_status":"closed","ping_status":"open","sticky":false,"template":"","format":"standard","meta":{"footnotes":""},"categories":[52,56,53,64],"tags":[],"class_list":["post-9789","post","type-post","status-publish","format-standard","hentry","category-destacadas","category-espectaculos","category-politica","category-videos-destacados"],"yoast_head":"<!-- This site is optimized with the Yoast SEO plugin v19.7.1 - https:\/\/yoast.com\/wordpress\/plugins\/seo\/ -->\n<title>FACUNDO SARAVIA SE PRESENTA ESTE VIERNES EN PARQUE LINEAL - CELTTV<\/title>\n<meta name=\"description\" content=\"Sitio web de noticias de la localidad de Tornquist, provincia de Buenos Aires, Rep\u00fablica Argentina. Contenido propio originado por periodistas de CELTTV, el canal de TV local de la Cooperativa El\u00e9ctrica de Tornquist. Turismo, Pol\u00edtica, Sociedad, Deporte, Cultura y todo el contenido de inter\u00e9s general que la gente del pueblo y la regi\u00f3n debe conocer.\" \/>\n<meta name=\"robots\" content=\"index, follow, max-snippet:-1, max-image-preview:large, max-video-preview:-1\" \/>\n<link rel=\"canonical\" href=\"https:\/\/www.celttv.com.ar\/index.php\/2013\/01\/24\/facundo-saravia-se-presenta-este-viernes-en-parque-lineal\/\" \/>\n<meta property=\"og:locale\" content=\"es_ES\" \/>\n<meta property=\"og:type\" content=\"article\" \/>\n<meta property=\"og:title\" content=\"FACUNDO SARAVIA SE PRESENTA ESTE VIERNES EN PARQUE LINEAL - CELTTV\" \/>\n<meta property=\"og:description\" content=\"Sitio web de noticias de la localidad de Tornquist, provincia de Buenos Aires, Rep\u00fablica Argentina. Contenido propio originado por periodistas de CELTTV, el canal de TV local de la Cooperativa El\u00e9ctrica de Tornquist. Turismo, Pol\u00edtica, Sociedad, Deporte, Cultura y todo el contenido de inter\u00e9s general que la gente del pueblo y la regi\u00f3n debe conocer.\" \/>\n<meta property=\"og:url\" content=\"https:\/\/www.celttv.com.ar\/index.php\/2013\/01\/24\/facundo-saravia-se-presenta-este-viernes-en-parque-lineal\/\" \/>\n<meta property=\"og:site_name\" content=\"CELTTV\" \/>\n<meta property=\"article:publisher\" content=\"https:\/\/www.facebook.com\/celtTV\/\" \/>\n<meta property=\"article:published_time\" content=\"2013-01-24T22:58:13+00:00\" \/>\n<meta name=\"author\" content=\"ulises\" \/>\n<meta name=\"twitter:card\" content=\"summary_large_image\" \/>\n<meta name=\"twitter:label1\" content=\"Escrito por\" \/>\n\t<meta name=\"twitter:data1\" content=\"ulises\" \/>\n\t<meta name=\"twitter:label2\" content=\"Tiempo de lectura\" \/>\n\t<meta name=\"twitter:data2\" content=\"3 minutos\" \/>\n<script type=\"application\/ld+json\" class=\"yoast-schema-graph\">{\"@context\":\"https:\/\/schema.org\",\"@graph\":[{\"@type\":\"NewsArticle\",\"@id\":\"https:\/\/www.celttv.com.ar\/index.php\/2013\/01\/24\/facundo-saravia-se-presenta-este-viernes-en-parque-lineal\/#article\",\"isPartOf\":{\"@id\":\"https:\/\/www.celttv.com.ar\/index.php\/2013\/01\/24\/facundo-saravia-se-presenta-este-viernes-en-parque-lineal\/\"},\"author\":{\"name\":\"ulises\",\"@id\":\"https:\/\/www.celttv.com.ar\/#\/schema\/person\/6d99c072dba59953809c81446e9d0ace\"},\"headline\":\"FACUNDO SARAVIA SE PRESENTA ESTE VIERNES EN PARQUE LINEAL\",\"datePublished\":\"2013-01-24T22:58:13+00:00\",\"dateModified\":\"2013-01-24T22:58:13+00:00\",\"mainEntityOfPage\":{\"@id\":\"https:\/\/www.celttv.com.ar\/index.php\/2013\/01\/24\/facundo-saravia-se-presenta-este-viernes-en-parque-lineal\/\"},\"wordCount\":585,\"publisher\":{\"@id\":\"https:\/\/www.celttv.com.ar\/#organization\"},\"articleSection\":[\"Destacadas\",\"Espect\u00e1culos\",\"Pol\u00edtica\",\"Videos Destacados\"],\"inLanguage\":\"es\"},{\"@type\":\"WebPage\",\"@id\":\"https:\/\/www.celttv.com.ar\/index.php\/2013\/01\/24\/facundo-saravia-se-presenta-este-viernes-en-parque-lineal\/\",\"url\":\"https:\/\/www.celttv.com.ar\/index.php\/2013\/01\/24\/facundo-saravia-se-presenta-este-viernes-en-parque-lineal\/\",\"name\":\"FACUNDO SARAVIA SE PRESENTA ESTE VIERNES EN PARQUE LINEAL - CELTTV\",\"isPartOf\":{\"@id\":\"https:\/\/www.celttv.com.ar\/#website\"},\"datePublished\":\"2013-01-24T22:58:13+00:00\",\"dateModified\":\"2013-01-24T22:58:13+00:00\",\"description\":\"Sitio web de noticias de la localidad de Tornquist, provincia de Buenos Aires, Rep\u00fablica Argentina. Contenido propio originado por periodistas de CELTTV, el canal de TV local de la Cooperativa El\u00e9ctrica de Tornquist. Turismo, Pol\u00edtica, Sociedad, Deporte, Cultura y todo el contenido de inter\u00e9s general que la gente del pueblo y la regi\u00f3n debe conocer.\",\"breadcrumb\":{\"@id\":\"https:\/\/www.celttv.com.ar\/index.php\/2013\/01\/24\/facundo-saravia-se-presenta-este-viernes-en-parque-lineal\/#breadcrumb\"},\"inLanguage\":\"es\",\"potentialAction\":[{\"@type\":\"ReadAction\",\"target\":[\"https:\/\/www.celttv.com.ar\/index.php\/2013\/01\/24\/facundo-saravia-se-presenta-este-viernes-en-parque-lineal\/\"]}]},{\"@type\":\"BreadcrumbList\",\"@id\":\"https:\/\/www.celttv.com.ar\/index.php\/2013\/01\/24\/facundo-saravia-se-presenta-este-viernes-en-parque-lineal\/#breadcrumb\",\"itemListElement\":[{\"@type\":\"ListItem\",\"position\":1,\"name\":\"Inicio\",\"item\":\"https:\/\/www.celttv.com.ar\/\"},{\"@type\":\"ListItem\",\"position\":2,\"name\":\"FACUNDO SARAVIA SE PRESENTA ESTE VIERNES EN PARQUE LINEAL\"}]},{\"@type\":\"WebSite\",\"@id\":\"https:\/\/www.celttv.com.ar\/#website\",\"url\":\"https:\/\/www.celttv.com.ar\/\",\"name\":\"CELTTV\",\"description\":\"Cooperativa El\u00e9ctrica de Tornquist\",\"publisher\":{\"@id\":\"https:\/\/www.celttv.com.ar\/#organization\"},\"potentialAction\":[{\"@type\":\"SearchAction\",\"target\":{\"@type\":\"EntryPoint\",\"urlTemplate\":\"https:\/\/www.celttv.com.ar\/?s={search_term_string}\"},\"query-input\":\"required name=search_term_string\"}],\"inLanguage\":\"es\"},{\"@type\":\"Organization\",\"@id\":\"https:\/\/www.celttv.com.ar\/#organization\",\"name\":\"CELTTV\",\"url\":\"https:\/\/www.celttv.com.ar\/\",\"sameAs\":[\"https:\/\/www.youtube.com\/channel\/UCz_oIt8Hig64Ub-EmcNPIhg\",\"https:\/\/www.facebook.com\/celtTV\/\"],\"logo\":{\"@type\":\"ImageObject\",\"inLanguage\":\"es\",\"@id\":\"https:\/\/www.celttv.com.ar\/#\/schema\/logo\/image\/\",\"url\":\"http:\/\/www.celttv.com.ar\/wp-content\/uploads\/2022\/08\/logo-1.png\",\"contentUrl\":\"http:\/\/www.celttv.com.ar\/wp-content\/uploads\/2022\/08\/logo-1.png\",\"width\":461,\"height\":159,\"caption\":\"CELTTV\"},\"image\":{\"@id\":\"https:\/\/www.celttv.com.ar\/#\/schema\/logo\/image\/\"}},{\"@type\":\"Person\",\"@id\":\"https:\/\/www.celttv.com.ar\/#\/schema\/person\/6d99c072dba59953809c81446e9d0ace\",\"name\":\"ulises\",\"image\":{\"@type\":\"ImageObject\",\"inLanguage\":\"es\",\"@id\":\"https:\/\/www.celttv.com.ar\/#\/schema\/person\/image\/\",\"url\":\"https:\/\/secure.gravatar.com\/avatar\/7f2c48bdc33b30088f941fb6082e555f2874c98e20cb159d7b92b50eadfce793?s=96&d=mm&r=g\",\"contentUrl\":\"https:\/\/secure.gravatar.com\/avatar\/7f2c48bdc33b30088f941fb6082e555f2874c98e20cb159d7b92b50eadfce793?s=96&d=mm&r=g\",\"caption\":\"ulises\"},\"sameAs\":[\"http:\/\/www.celttv.com.ar\"]}]}<\/script>\n<!-- \/ Yoast SEO plugin. -->","yoast_head_json":{"title":"FACUNDO SARAVIA SE PRESENTA ESTE VIERNES EN PARQUE LINEAL - CELTTV","description":"Sitio web de noticias de la localidad de Tornquist, provincia de Buenos Aires, Rep\u00fablica Argentina. Contenido propio originado por periodistas de CELTTV, el canal de TV local de la Cooperativa El\u00e9ctrica de Tornquist. Turismo, Pol\u00edtica, Sociedad, Deporte, Cultura y todo el contenido de inter\u00e9s general que la gente del pueblo y la regi\u00f3n debe conocer.","robots":{"index":"index","follow":"follow","max-snippet":"max-snippet:-1","max-image-preview":"max-image-preview:large","max-video-preview":"max-video-preview:-1"},"canonical":"https:\/\/www.celttv.com.ar\/index.php\/2013\/01\/24\/facundo-saravia-se-presenta-este-viernes-en-parque-lineal\/","og_locale":"es_ES","og_type":"article","og_title":"FACUNDO SARAVIA SE PRESENTA ESTE VIERNES EN PARQUE LINEAL - CELTTV","og_description":"Sitio web de noticias de la localidad de Tornquist, provincia de Buenos Aires, Rep\u00fablica Argentina. Contenido propio originado por periodistas de CELTTV, el canal de TV local de la Cooperativa El\u00e9ctrica de Tornquist. Turismo, Pol\u00edtica, Sociedad, Deporte, Cultura y todo el contenido de inter\u00e9s general que la gente del pueblo y la regi\u00f3n debe conocer.","og_url":"https:\/\/www.celttv.com.ar\/index.php\/2013\/01\/24\/facundo-saravia-se-presenta-este-viernes-en-parque-lineal\/","og_site_name":"CELTTV","article_publisher":"https:\/\/www.facebook.com\/celtTV\/","article_published_time":"2013-01-24T22:58:13+00:00","author":"ulises","twitter_card":"summary_large_image","twitter_misc":{"Escrito por":"ulises","Tiempo de lectura":"3 minutos"},"schema":{"@context":"https:\/\/schema.org","@graph":[{"@type":"NewsArticle","@id":"https:\/\/www.celttv.com.ar\/index.php\/2013\/01\/24\/facundo-saravia-se-presenta-este-viernes-en-parque-lineal\/#article","isPartOf":{"@id":"https:\/\/www.celttv.com.ar\/index.php\/2013\/01\/24\/facundo-saravia-se-presenta-este-viernes-en-parque-lineal\/"},"author":{"name":"ulises","@id":"https:\/\/www.celttv.com.ar\/#\/schema\/person\/6d99c072dba59953809c81446e9d0ace"},"headline":"FACUNDO SARAVIA SE PRESENTA ESTE VIERNES EN PARQUE LINEAL","datePublished":"2013-01-24T22:58:13+00:00","dateModified":"2013-01-24T22:58:13+00:00","mainEntityOfPage":{"@id":"https:\/\/www.celttv.com.ar\/index.php\/2013\/01\/24\/facundo-saravia-se-presenta-este-viernes-en-parque-lineal\/"},"wordCount":585,"publisher":{"@id":"https:\/\/www.celttv.com.ar\/#organization"},"articleSection":["Destacadas","Espect\u00e1culos","Pol\u00edtica","Videos Destacados"],"inLanguage":"es"},{"@type":"WebPage","@id":"https:\/\/www.celttv.com.ar\/index.php\/2013\/01\/24\/facundo-saravia-se-presenta-este-viernes-en-parque-lineal\/","url":"https:\/\/www.celttv.com.ar\/index.php\/2013\/01\/24\/facundo-saravia-se-presenta-este-viernes-en-parque-lineal\/","name":"FACUNDO SARAVIA SE PRESENTA ESTE VIERNES EN PARQUE LINEAL - CELTTV","isPartOf":{"@id":"https:\/\/www.celttv.com.ar\/#website"},"datePublished":"2013-01-24T22:58:13+00:00","dateModified":"2013-01-24T22:58:13+00:00","description":"Sitio web de noticias de la localidad de Tornquist, provincia de Buenos Aires, Rep\u00fablica Argentina. Contenido propio originado por periodistas de CELTTV, el canal de TV local de la Cooperativa El\u00e9ctrica de Tornquist. Turismo, Pol\u00edtica, Sociedad, Deporte, Cultura y todo el contenido de inter\u00e9s general que la gente del pueblo y la regi\u00f3n debe conocer.","breadcrumb":{"@id":"https:\/\/www.celttv.com.ar\/index.php\/2013\/01\/24\/facundo-saravia-se-presenta-este-viernes-en-parque-lineal\/#breadcrumb"},"inLanguage":"es","potentialAction":[{"@type":"ReadAction","target":["https:\/\/www.celttv.com.ar\/index.php\/2013\/01\/24\/facundo-saravia-se-presenta-este-viernes-en-parque-lineal\/"]}]},{"@type":"BreadcrumbList","@id":"https:\/\/www.celttv.com.ar\/index.php\/2013\/01\/24\/facundo-saravia-se-presenta-este-viernes-en-parque-lineal\/#breadcrumb","itemListElement":[{"@type":"ListItem","position":1,"name":"Inicio","item":"https:\/\/www.celttv.com.ar\/"},{"@type":"ListItem","position":2,"name":"FACUNDO SARAVIA SE PRESENTA ESTE VIERNES EN PARQUE LINEAL"}]},{"@type":"WebSite","@id":"https:\/\/www.celttv.com.ar\/#website","url":"https:\/\/www.celttv.com.ar\/","name":"CELTTV","description":"Cooperativa El\u00e9ctrica de Tornquist","publisher":{"@id":"https:\/\/www.celttv.com.ar\/#organization"},"potentialAction":[{"@type":"SearchAction","target":{"@type":"EntryPoint","urlTemplate":"https:\/\/www.celttv.com.ar\/?s={search_term_string}"},"query-input":"required name=search_term_string"}],"inLanguage":"es"},{"@type":"Organization","@id":"https:\/\/www.celttv.com.ar\/#organization","name":"CELTTV","url":"https:\/\/www.celttv.com.ar\/","sameAs":["https:\/\/www.youtube.com\/channel\/UCz_oIt8Hig64Ub-EmcNPIhg","https:\/\/www.facebook.com\/celtTV\/"],"logo":{"@type":"ImageObject","inLanguage":"es","@id":"https:\/\/www.celttv.com.ar\/#\/schema\/logo\/image\/","url":"http:\/\/www.celttv.com.ar\/wp-content\/uploads\/2022\/08\/logo-1.png","contentUrl":"http:\/\/www.celttv.com.ar\/wp-content\/uploads\/2022\/08\/logo-1.png","width":461,"height":159,"caption":"CELTTV"},"image":{"@id":"https:\/\/www.celttv.com.ar\/#\/schema\/logo\/image\/"}},{"@type":"Person","@id":"https:\/\/www.celttv.com.ar\/#\/schema\/person\/6d99c072dba59953809c81446e9d0ace","name":"ulises","image":{"@type":"ImageObject","inLanguage":"es","@id":"https:\/\/www.celttv.com.ar\/#\/schema\/person\/image\/","url":"https:\/\/secure.gravatar.com\/avatar\/7f2c48bdc33b30088f941fb6082e555f2874c98e20cb159d7b92b50eadfce793?s=96&d=mm&r=g","contentUrl":"https:\/\/secure.gravatar.com\/avatar\/7f2c48bdc33b30088f941fb6082e555f2874c98e20cb159d7b92b50eadfce793?s=96&d=mm&r=g","caption":"ulises"},"sameAs":["http:\/\/www.celttv.com.ar"]}]}},"_links":{"self":[{"href":"https:\/\/www.celttv.com.ar\/index.php\/wp-json\/wp\/v2\/posts\/9789","targetHints":{"allow":["GET"]}}],"collection":[{"href":"https:\/\/www.celttv.com.ar\/index.php\/wp-json\/wp\/v2\/posts"}],"about":[{"href":"https:\/\/www.celttv.com.ar\/index.php\/wp-json\/wp\/v2\/types\/post"}],"author":[{"embeddable":true,"href":"https:\/\/www.celttv.com.ar\/index.php\/wp-json\/wp\/v2\/users\/1"}],"replies":[{"embeddable":true,"href":"https:\/\/www.celttv.com.ar\/index.php\/wp-json\/wp\/v2\/comments?post=9789"}],"version-history":[{"count":0,"href":"https:\/\/www.celttv.com.ar\/index.php\/wp-json\/wp\/v2\/posts\/9789\/revisions"}],"wp:attachment":[{"href":"https:\/\/www.celttv.com.ar\/index.php\/wp-json\/wp\/v2\/media?parent=9789"}],"wp:term":[{"taxonomy":"category","embeddable":true,"href":"https:\/\/www.celttv.com.ar\/index.php\/wp-json\/wp\/v2\/categories?post=9789"},{"taxonomy":"post_tag","embeddable":true,"href":"https:\/\/www.celttv.com.ar\/index.php\/wp-json\/wp\/v2\/tags?post=9789"}],"curies":[{"name":"wp","href":"https:\/\/api.w.org\/{rel}","templated":true}]}}