{"id":9792,"date":"2013-01-24T23:54:03","date_gmt":"2013-01-24T23:54:03","guid":{"rendered":"http:\/\/www.tvcnoticias.com.ar\/?p=9792"},"modified":"2013-01-24T23:54:03","modified_gmt":"2013-01-24T23:54:03","slug":"la-morocha-el-epecuen-rock-la-actualidad-y-el-nuevo-cd-charla-musicalizada-con-los-integrantes-de-la-banda","status":"publish","type":"post","link":"https:\/\/www.celttv.com.ar\/index.php\/2013\/01\/24\/la-morocha-el-epecuen-rock-la-actualidad-y-el-nuevo-cd-charla-musicalizada-con-los-integrantes-de-la-banda\/","title":{"rendered":"LA MOROCHA, EL EPECUEN ROCK, LA ACTUALIDAD Y EL NUEVO CD. (charla musicalizada con los integrantes de la banda)"},"content":{"rendered":"<p><a href=\"http:\/\/www.youtube.com\/watch?v=6Eg5vICWvHA\">httpv:\/\/www.youtube.com\/watch?v=6Eg5vICWvHA<\/a><br \/>\n<a href=\"http:\/\/www.youtube.com\/watch?v=VRPlTnfs7dc\">httpv:\/\/www.youtube.com\/watch?v=VRPlTnfs7dc<\/a><br \/>\n<a href=\"http:\/\/www.youtube.com\/watch?v=HajKCqohhek\">httpv:\/\/www.youtube.com\/watch?v=HajKCqohhek<\/a><br \/>\nLos integrantes de la banda La Morocha nos cuentan sobre los proyectos inmediatos, un a\u00f1o 2012 con mucho escenario y el inminente lanzamiento del nuevo CD. que podr\u00eda presentarse a fines de abril o principios de mayo en el Teatro Municipal Rodolfo Funke.<\/p>\n","protected":false},"excerpt":{"rendered":"<p>httpv:\/\/www.youtube.com\/watch?v=6Eg5vICWvHA httpv:\/\/www.youtube.com\/watch?v=VRPlTnfs7dc httpv:\/\/www.youtube.com\/watch?v=HajKCqohhek Los integrantes de la banda La Morocha nos cuentan sobre los proyectos inmediatos, un a\u00f1o 2012 con mucho escenario y el inminente lanzamiento del nuevo CD. que podr\u00eda presentarse a fines de abril o principios de mayo en el Teatro Municipal Rodolfo Funke.<\/p>\n","protected":false},"author":1,"featured_media":0,"comment_status":"closed","ping_status":"open","sticky":false,"template":"","format":"standard","meta":{"footnotes":""},"categories":[52,56,64],"tags":[],"class_list":["post-9792","post","type-post","status-publish","format-standard","hentry","category-destacadas","category-espectaculos","category-videos-destacados"],"yoast_head":"<!-- This site is optimized with the Yoast SEO plugin v19.7.1 - https:\/\/yoast.com\/wordpress\/plugins\/seo\/ -->\n<title>LA MOROCHA, EL EPECUEN ROCK, LA ACTUALIDAD Y EL NUEVO CD. (charla musicalizada con los integrantes de la banda) - CELTTV<\/title>\n<meta name=\"description\" content=\"Sitio web de noticias de la localidad de Tornquist, provincia de Buenos Aires, Rep\u00fablica Argentina. Contenido propio originado por periodistas de CELTTV, el canal de TV local de la Cooperativa El\u00e9ctrica de Tornquist. Turismo, Pol\u00edtica, Sociedad, Deporte, Cultura y todo el contenido de inter\u00e9s general que la gente del pueblo y la regi\u00f3n debe conocer.\" \/>\n<meta name=\"robots\" content=\"index, follow, max-snippet:-1, max-image-preview:large, max-video-preview:-1\" \/>\n<link rel=\"canonical\" href=\"https:\/\/www.celttv.com.ar\/index.php\/2013\/01\/24\/la-morocha-el-epecuen-rock-la-actualidad-y-el-nuevo-cd-charla-musicalizada-con-los-integrantes-de-la-banda\/\" \/>\n<meta property=\"og:locale\" content=\"es_ES\" \/>\n<meta property=\"og:type\" content=\"article\" \/>\n<meta property=\"og:title\" content=\"LA MOROCHA, EL EPECUEN ROCK, LA ACTUALIDAD Y EL NUEVO CD. (charla musicalizada con los integrantes de la banda) - CELTTV\" \/>\n<meta property=\"og:description\" content=\"Sitio web de noticias de la localidad de Tornquist, provincia de Buenos Aires, Rep\u00fablica Argentina. Contenido propio originado por periodistas de CELTTV, el canal de TV local de la Cooperativa El\u00e9ctrica de Tornquist. Turismo, Pol\u00edtica, Sociedad, Deporte, Cultura y todo el contenido de inter\u00e9s general que la gente del pueblo y la regi\u00f3n debe conocer.\" \/>\n<meta property=\"og:url\" content=\"https:\/\/www.celttv.com.ar\/index.php\/2013\/01\/24\/la-morocha-el-epecuen-rock-la-actualidad-y-el-nuevo-cd-charla-musicalizada-con-los-integrantes-de-la-banda\/\" \/>\n<meta property=\"og:site_name\" content=\"CELTTV\" \/>\n<meta property=\"article:publisher\" content=\"https:\/\/www.facebook.com\/celtTV\/\" \/>\n<meta property=\"article:published_time\" content=\"2013-01-24T23:54:03+00:00\" \/>\n<meta name=\"author\" content=\"ulises\" \/>\n<meta name=\"twitter:card\" content=\"summary_large_image\" \/>\n<meta name=\"twitter:label1\" content=\"Escrito por\" \/>\n\t<meta name=\"twitter:data1\" content=\"ulises\" \/>\n<script type=\"application\/ld+json\" class=\"yoast-schema-graph\">{\"@context\":\"https:\/\/schema.org\",\"@graph\":[{\"@type\":\"NewsArticle\",\"@id\":\"https:\/\/www.celttv.com.ar\/index.php\/2013\/01\/24\/la-morocha-el-epecuen-rock-la-actualidad-y-el-nuevo-cd-charla-musicalizada-con-los-integrantes-de-la-banda\/#article\",\"isPartOf\":{\"@id\":\"https:\/\/www.celttv.com.ar\/index.php\/2013\/01\/24\/la-morocha-el-epecuen-rock-la-actualidad-y-el-nuevo-cd-charla-musicalizada-con-los-integrantes-de-la-banda\/\"},\"author\":{\"name\":\"ulises\",\"@id\":\"https:\/\/www.celttv.com.ar\/#\/schema\/person\/6d99c072dba59953809c81446e9d0ace\"},\"headline\":\"LA MOROCHA, EL EPECUEN ROCK, LA ACTUALIDAD Y EL NUEVO CD. (charla musicalizada con los integrantes de la banda)\",\"datePublished\":\"2013-01-24T23:54:03+00:00\",\"dateModified\":\"2013-01-24T23:54:03+00:00\",\"mainEntityOfPage\":{\"@id\":\"https:\/\/www.celttv.com.ar\/index.php\/2013\/01\/24\/la-morocha-el-epecuen-rock-la-actualidad-y-el-nuevo-cd-charla-musicalizada-con-los-integrantes-de-la-banda\/\"},\"wordCount\":86,\"publisher\":{\"@id\":\"https:\/\/www.celttv.com.ar\/#organization\"},\"articleSection\":[\"Destacadas\",\"Espect\u00e1culos\",\"Videos Destacados\"],\"inLanguage\":\"es\"},{\"@type\":\"WebPage\",\"@id\":\"https:\/\/www.celttv.com.ar\/index.php\/2013\/01\/24\/la-morocha-el-epecuen-rock-la-actualidad-y-el-nuevo-cd-charla-musicalizada-con-los-integrantes-de-la-banda\/\",\"url\":\"https:\/\/www.celttv.com.ar\/index.php\/2013\/01\/24\/la-morocha-el-epecuen-rock-la-actualidad-y-el-nuevo-cd-charla-musicalizada-con-los-integrantes-de-la-banda\/\",\"name\":\"LA MOROCHA, EL EPECUEN ROCK, LA ACTUALIDAD Y EL NUEVO CD. (charla musicalizada con los integrantes de la banda) - CELTTV\",\"isPartOf\":{\"@id\":\"https:\/\/www.celttv.com.ar\/#website\"},\"datePublished\":\"2013-01-24T23:54:03+00:00\",\"dateModified\":\"2013-01-24T23:54:03+00:00\",\"description\":\"Sitio web de noticias de la localidad de Tornquist, provincia de Buenos Aires, Rep\u00fablica Argentina. Contenido propio originado por periodistas de CELTTV, el canal de TV local de la Cooperativa El\u00e9ctrica de Tornquist. Turismo, Pol\u00edtica, Sociedad, Deporte, Cultura y todo el contenido de inter\u00e9s general que la gente del pueblo y la regi\u00f3n debe conocer.\",\"breadcrumb\":{\"@id\":\"https:\/\/www.celttv.com.ar\/index.php\/2013\/01\/24\/la-morocha-el-epecuen-rock-la-actualidad-y-el-nuevo-cd-charla-musicalizada-con-los-integrantes-de-la-banda\/#breadcrumb\"},\"inLanguage\":\"es\",\"potentialAction\":[{\"@type\":\"ReadAction\",\"target\":[\"https:\/\/www.celttv.com.ar\/index.php\/2013\/01\/24\/la-morocha-el-epecuen-rock-la-actualidad-y-el-nuevo-cd-charla-musicalizada-con-los-integrantes-de-la-banda\/\"]}]},{\"@type\":\"BreadcrumbList\",\"@id\":\"https:\/\/www.celttv.com.ar\/index.php\/2013\/01\/24\/la-morocha-el-epecuen-rock-la-actualidad-y-el-nuevo-cd-charla-musicalizada-con-los-integrantes-de-la-banda\/#breadcrumb\",\"itemListElement\":[{\"@type\":\"ListItem\",\"position\":1,\"name\":\"Inicio\",\"item\":\"https:\/\/www.celttv.com.ar\/\"},{\"@type\":\"ListItem\",\"position\":2,\"name\":\"LA MOROCHA, EL EPECUEN ROCK, LA ACTUALIDAD Y EL NUEVO CD. (charla musicalizada con los integrantes de la banda)\"}]},{\"@type\":\"WebSite\",\"@id\":\"https:\/\/www.celttv.com.ar\/#website\",\"url\":\"https:\/\/www.celttv.com.ar\/\",\"name\":\"CELTTV\",\"description\":\"Cooperativa El\u00e9ctrica de Tornquist\",\"publisher\":{\"@id\":\"https:\/\/www.celttv.com.ar\/#organization\"},\"potentialAction\":[{\"@type\":\"SearchAction\",\"target\":{\"@type\":\"EntryPoint\",\"urlTemplate\":\"https:\/\/www.celttv.com.ar\/?s={search_term_string}\"},\"query-input\":\"required name=search_term_string\"}],\"inLanguage\":\"es\"},{\"@type\":\"Organization\",\"@id\":\"https:\/\/www.celttv.com.ar\/#organization\",\"name\":\"CELTTV\",\"url\":\"https:\/\/www.celttv.com.ar\/\",\"sameAs\":[\"https:\/\/www.youtube.com\/channel\/UCz_oIt8Hig64Ub-EmcNPIhg\",\"https:\/\/www.facebook.com\/celtTV\/\"],\"logo\":{\"@type\":\"ImageObject\",\"inLanguage\":\"es\",\"@id\":\"https:\/\/www.celttv.com.ar\/#\/schema\/logo\/image\/\",\"url\":\"http:\/\/www.celttv.com.ar\/wp-content\/uploads\/2022\/08\/logo-1.png\",\"contentUrl\":\"http:\/\/www.celttv.com.ar\/wp-content\/uploads\/2022\/08\/logo-1.png\",\"width\":461,\"height\":159,\"caption\":\"CELTTV\"},\"image\":{\"@id\":\"https:\/\/www.celttv.com.ar\/#\/schema\/logo\/image\/\"}},{\"@type\":\"Person\",\"@id\":\"https:\/\/www.celttv.com.ar\/#\/schema\/person\/6d99c072dba59953809c81446e9d0ace\",\"name\":\"ulises\",\"image\":{\"@type\":\"ImageObject\",\"inLanguage\":\"es\",\"@id\":\"https:\/\/www.celttv.com.ar\/#\/schema\/person\/image\/\",\"url\":\"https:\/\/secure.gravatar.com\/avatar\/7f2c48bdc33b30088f941fb6082e555f2874c98e20cb159d7b92b50eadfce793?s=96&d=mm&r=g\",\"contentUrl\":\"https:\/\/secure.gravatar.com\/avatar\/7f2c48bdc33b30088f941fb6082e555f2874c98e20cb159d7b92b50eadfce793?s=96&d=mm&r=g\",\"caption\":\"ulises\"},\"sameAs\":[\"http:\/\/www.celttv.com.ar\"]}]}<\/script>\n<!-- \/ Yoast SEO plugin. -->","yoast_head_json":{"title":"LA MOROCHA, EL EPECUEN ROCK, LA ACTUALIDAD Y EL NUEVO CD. (charla musicalizada con los integrantes de la banda) - CELTTV","description":"Sitio web de noticias de la localidad de Tornquist, provincia de Buenos Aires, Rep\u00fablica Argentina. Contenido propio originado por periodistas de CELTTV, el canal de TV local de la Cooperativa El\u00e9ctrica de Tornquist. Turismo, Pol\u00edtica, Sociedad, Deporte, Cultura y todo el contenido de inter\u00e9s general que la gente del pueblo y la regi\u00f3n debe conocer.","robots":{"index":"index","follow":"follow","max-snippet":"max-snippet:-1","max-image-preview":"max-image-preview:large","max-video-preview":"max-video-preview:-1"},"canonical":"https:\/\/www.celttv.com.ar\/index.php\/2013\/01\/24\/la-morocha-el-epecuen-rock-la-actualidad-y-el-nuevo-cd-charla-musicalizada-con-los-integrantes-de-la-banda\/","og_locale":"es_ES","og_type":"article","og_title":"LA MOROCHA, EL EPECUEN ROCK, LA ACTUALIDAD Y EL NUEVO CD. (charla musicalizada con los integrantes de la banda) - CELTTV","og_description":"Sitio web de noticias de la localidad de Tornquist, provincia de Buenos Aires, Rep\u00fablica Argentina. Contenido propio originado por periodistas de CELTTV, el canal de TV local de la Cooperativa El\u00e9ctrica de Tornquist. Turismo, Pol\u00edtica, Sociedad, Deporte, Cultura y todo el contenido de inter\u00e9s general que la gente del pueblo y la regi\u00f3n debe conocer.","og_url":"https:\/\/www.celttv.com.ar\/index.php\/2013\/01\/24\/la-morocha-el-epecuen-rock-la-actualidad-y-el-nuevo-cd-charla-musicalizada-con-los-integrantes-de-la-banda\/","og_site_name":"CELTTV","article_publisher":"https:\/\/www.facebook.com\/celtTV\/","article_published_time":"2013-01-24T23:54:03+00:00","author":"ulises","twitter_card":"summary_large_image","twitter_misc":{"Escrito por":"ulises"},"schema":{"@context":"https:\/\/schema.org","@graph":[{"@type":"NewsArticle","@id":"https:\/\/www.celttv.com.ar\/index.php\/2013\/01\/24\/la-morocha-el-epecuen-rock-la-actualidad-y-el-nuevo-cd-charla-musicalizada-con-los-integrantes-de-la-banda\/#article","isPartOf":{"@id":"https:\/\/www.celttv.com.ar\/index.php\/2013\/01\/24\/la-morocha-el-epecuen-rock-la-actualidad-y-el-nuevo-cd-charla-musicalizada-con-los-integrantes-de-la-banda\/"},"author":{"name":"ulises","@id":"https:\/\/www.celttv.com.ar\/#\/schema\/person\/6d99c072dba59953809c81446e9d0ace"},"headline":"LA MOROCHA, EL EPECUEN ROCK, LA ACTUALIDAD Y EL NUEVO CD. (charla musicalizada con los integrantes de la banda)","datePublished":"2013-01-24T23:54:03+00:00","dateModified":"2013-01-24T23:54:03+00:00","mainEntityOfPage":{"@id":"https:\/\/www.celttv.com.ar\/index.php\/2013\/01\/24\/la-morocha-el-epecuen-rock-la-actualidad-y-el-nuevo-cd-charla-musicalizada-con-los-integrantes-de-la-banda\/"},"wordCount":86,"publisher":{"@id":"https:\/\/www.celttv.com.ar\/#organization"},"articleSection":["Destacadas","Espect\u00e1culos","Videos Destacados"],"inLanguage":"es"},{"@type":"WebPage","@id":"https:\/\/www.celttv.com.ar\/index.php\/2013\/01\/24\/la-morocha-el-epecuen-rock-la-actualidad-y-el-nuevo-cd-charla-musicalizada-con-los-integrantes-de-la-banda\/","url":"https:\/\/www.celttv.com.ar\/index.php\/2013\/01\/24\/la-morocha-el-epecuen-rock-la-actualidad-y-el-nuevo-cd-charla-musicalizada-con-los-integrantes-de-la-banda\/","name":"LA MOROCHA, EL EPECUEN ROCK, LA ACTUALIDAD Y EL NUEVO CD. (charla musicalizada con los integrantes de la banda) - CELTTV","isPartOf":{"@id":"https:\/\/www.celttv.com.ar\/#website"},"datePublished":"2013-01-24T23:54:03+00:00","dateModified":"2013-01-24T23:54:03+00:00","description":"Sitio web de noticias de la localidad de Tornquist, provincia de Buenos Aires, Rep\u00fablica Argentina. Contenido propio originado por periodistas de CELTTV, el canal de TV local de la Cooperativa El\u00e9ctrica de Tornquist. Turismo, Pol\u00edtica, Sociedad, Deporte, Cultura y todo el contenido de inter\u00e9s general que la gente del pueblo y la regi\u00f3n debe conocer.","breadcrumb":{"@id":"https:\/\/www.celttv.com.ar\/index.php\/2013\/01\/24\/la-morocha-el-epecuen-rock-la-actualidad-y-el-nuevo-cd-charla-musicalizada-con-los-integrantes-de-la-banda\/#breadcrumb"},"inLanguage":"es","potentialAction":[{"@type":"ReadAction","target":["https:\/\/www.celttv.com.ar\/index.php\/2013\/01\/24\/la-morocha-el-epecuen-rock-la-actualidad-y-el-nuevo-cd-charla-musicalizada-con-los-integrantes-de-la-banda\/"]}]},{"@type":"BreadcrumbList","@id":"https:\/\/www.celttv.com.ar\/index.php\/2013\/01\/24\/la-morocha-el-epecuen-rock-la-actualidad-y-el-nuevo-cd-charla-musicalizada-con-los-integrantes-de-la-banda\/#breadcrumb","itemListElement":[{"@type":"ListItem","position":1,"name":"Inicio","item":"https:\/\/www.celttv.com.ar\/"},{"@type":"ListItem","position":2,"name":"LA MOROCHA, EL EPECUEN ROCK, LA ACTUALIDAD Y EL NUEVO CD. (charla musicalizada con los integrantes de la banda)"}]},{"@type":"WebSite","@id":"https:\/\/www.celttv.com.ar\/#website","url":"https:\/\/www.celttv.com.ar\/","name":"CELTTV","description":"Cooperativa El\u00e9ctrica de Tornquist","publisher":{"@id":"https:\/\/www.celttv.com.ar\/#organization"},"potentialAction":[{"@type":"SearchAction","target":{"@type":"EntryPoint","urlTemplate":"https:\/\/www.celttv.com.ar\/?s={search_term_string}"},"query-input":"required name=search_term_string"}],"inLanguage":"es"},{"@type":"Organization","@id":"https:\/\/www.celttv.com.ar\/#organization","name":"CELTTV","url":"https:\/\/www.celttv.com.ar\/","sameAs":["https:\/\/www.youtube.com\/channel\/UCz_oIt8Hig64Ub-EmcNPIhg","https:\/\/www.facebook.com\/celtTV\/"],"logo":{"@type":"ImageObject","inLanguage":"es","@id":"https:\/\/www.celttv.com.ar\/#\/schema\/logo\/image\/","url":"http:\/\/www.celttv.com.ar\/wp-content\/uploads\/2022\/08\/logo-1.png","contentUrl":"http:\/\/www.celttv.com.ar\/wp-content\/uploads\/2022\/08\/logo-1.png","width":461,"height":159,"caption":"CELTTV"},"image":{"@id":"https:\/\/www.celttv.com.ar\/#\/schema\/logo\/image\/"}},{"@type":"Person","@id":"https:\/\/www.celttv.com.ar\/#\/schema\/person\/6d99c072dba59953809c81446e9d0ace","name":"ulises","image":{"@type":"ImageObject","inLanguage":"es","@id":"https:\/\/www.celttv.com.ar\/#\/schema\/person\/image\/","url":"https:\/\/secure.gravatar.com\/avatar\/7f2c48bdc33b30088f941fb6082e555f2874c98e20cb159d7b92b50eadfce793?s=96&d=mm&r=g","contentUrl":"https:\/\/secure.gravatar.com\/avatar\/7f2c48bdc33b30088f941fb6082e555f2874c98e20cb159d7b92b50eadfce793?s=96&d=mm&r=g","caption":"ulises"},"sameAs":["http:\/\/www.celttv.com.ar"]}]}},"_links":{"self":[{"href":"https:\/\/www.celttv.com.ar\/index.php\/wp-json\/wp\/v2\/posts\/9792","targetHints":{"allow":["GET"]}}],"collection":[{"href":"https:\/\/www.celttv.com.ar\/index.php\/wp-json\/wp\/v2\/posts"}],"about":[{"href":"https:\/\/www.celttv.com.ar\/index.php\/wp-json\/wp\/v2\/types\/post"}],"author":[{"embeddable":true,"href":"https:\/\/www.celttv.com.ar\/index.php\/wp-json\/wp\/v2\/users\/1"}],"replies":[{"embeddable":true,"href":"https:\/\/www.celttv.com.ar\/index.php\/wp-json\/wp\/v2\/comments?post=9792"}],"version-history":[{"count":0,"href":"https:\/\/www.celttv.com.ar\/index.php\/wp-json\/wp\/v2\/posts\/9792\/revisions"}],"wp:attachment":[{"href":"https:\/\/www.celttv.com.ar\/index.php\/wp-json\/wp\/v2\/media?parent=9792"}],"wp:term":[{"taxonomy":"category","embeddable":true,"href":"https:\/\/www.celttv.com.ar\/index.php\/wp-json\/wp\/v2\/categories?post=9792"},{"taxonomy":"post_tag","embeddable":true,"href":"https:\/\/www.celttv.com.ar\/index.php\/wp-json\/wp\/v2\/tags?post=9792"}],"curies":[{"name":"wp","href":"https:\/\/api.w.org\/{rel}","templated":true}]}}