{"id":9823,"date":"2013-01-30T14:01:25","date_gmt":"2013-01-30T14:01:25","guid":{"rendered":"http:\/\/www.tvcnoticias.com.ar\/?p=9823"},"modified":"2013-01-30T14:01:25","modified_gmt":"2013-01-30T14:01:25","slug":"facundo-saravia-en-el-parque-lineal","status":"publish","type":"post","link":"https:\/\/www.celttv.com.ar\/index.php\/2013\/01\/30\/facundo-saravia-en-el-parque-lineal\/","title":{"rendered":"FACUNDO SARAVIA HIZO CANTAR A TORNQUIST"},"content":{"rendered":"<p><strong> <\/strong>Un espect\u00e1culo de gran jerarqu\u00eda ofreci\u00f3 el cantante folkl\u00f3rico Facundo Saravia, el ex-Chalchalero hizo cantar a cientos de personas que se hicieron presentes en el Parque Lineal.<br \/>\nEl carisma y la profesionalidad de Saravia jerarquiz\u00f3 el show central de la noche, cuyo espect\u00e1culo fue organizado por la Municipalidad de Tornquist, con el auspicio del gobierno de la Provincia de Buenos Aires y el Consejo Federal de Inversiones.<br \/>\nEl ex integrante de Los Chalchaleros realiz\u00f3 un repaso por temas cl\u00e1sicos del folklore nacional y present\u00f3 varias de las canciones que componen su \u00faltimo material discogr\u00e1fico, denominado \u201cRasgos Naturales\u201d, su octavo disco como solista.<br \/>\nLa muy buena cantidad de espectadores que presenci\u00f3 la celebraci\u00f3n desarrollada en el espacio verde comenz\u00f3 a llegar desde muy temprano, para apreciar las distintas propuestas que fueron pasando por el escenario.<br \/>\nEl punta pi\u00e9 inicial lo dio la cantante local Corina Borelli, que despu\u00e9s de un tiempo de ausencia p\u00fablica, volvi\u00f3 a cautivar con su inconfundible voz y un repertorio que fue seguido por todos los presentes.<br \/>\nAlgunas de sus canciones contaron con el acompa\u00f1amiento de la  Escuela Folcl\u00f3rica Municipal, que adem\u00e1s present\u00f3 un cuadro de baile, con un profesionalismo que ya lleva 25 a\u00f1os de trayectoria.<br \/>\nTambi\u00e9n gener\u00f3 muy buena respuesta la actuaci\u00f3n del marplatense Alejandro Carrara, que con su grupo consigui\u00f3 un importante feeling con la gente de Tornquist.<br \/>\nNo obstante, el plato fuerte result\u00f3 Facundo Saravia. Con su estirpe de siempre, el cantante porte\u00f1o fue conquistando con el transcurrir del show a los presentes, que terminaron aplaudiendo de pie.<br \/>\nFue tal el clima que se gener\u00f3 sobre el escenario, que Saravia se dio un gusto personal: enton\u00f3 un par de temas con Ignacio Crotto, secretario de Turismo de la Provincia de Buenos Aires y amigo suyo desde la infancia. La gente destac\u00f3 la voz del funcionario bonaerense y le retribuy\u00f3 con un caluroso aplauso.<br \/>\nCasualmente, Crotto habl\u00f3 sobre su presencia en la ciudad cabecera del distrito y destac\u00f3 la posibilidad de acercar este tipo de espect\u00e1culos gratuitos a la gente.<br \/>\n\u201cSiempre acompa\u00f1amos la gesti\u00f3n del intendente Gustavo Trankels, que desde su asunci\u00f3n trabaja en pos del desarrollo tur\u00edstico. En este caso, se trata de un programa provincial que cuenta con financiamiento del CFI. Estamos muy contentos de poder llevar esto adelante\u201d, se\u00f1al\u00f3 Crotto.<br \/>\nEn tanto, el jefe comunal no ocult\u00f3 su satisfacci\u00f3n.<br \/>\n\u201cQuiero agradecer al gobernador Daniel Scioli, a Ignacio Crotto y todo su equipo de trabajo, a Corina Borelli, la Escuela Folcl\u00f3rica Municipal,\u00a0 Alejandro Carrera, Facundo Saravia y todos aquellos que pusieron su granito de arena para que esto fuera posible, como los agentes municipales de las distintas \u00e1reas involucradas, todos los integrantes de la  Secretar\u00eda de Turismo, Cultura y Deportes, la Polic\u00eda Comunal, las instituciones que atendieron los puestos gastron\u00f3micos y los artesanos. Es una alegr\u00eda poder contar con un artista de semejante relieve en nuestro distrito\u201d, destac\u00f3 Trankels.<br \/>\nPor su parte, Facundo Saravia, resalt\u00f3 la posibilidad que le brinda la profesi\u00f3n para poder recorrer el pa\u00eds llevando su m\u00fasica.<br \/>\n\u201cEl cari\u00f1o que recojo de la gente en cada ciudad que visito es conmovedor. El amor y el respeto que tienen por Los Chalchaleros y el que me hacen sentir sobre el escenario en mi condici\u00f3n de solista realmente emociona\u201d, confes\u00f3 Saravia al borde del escenario.<br \/>\n\u201cMi repertorio es amplio, repasamos temas de mi \u00faltimo disco y tambi\u00e9n de algunos cl\u00e1sicos de Los Chalchaleros. Este a\u00f1o estamos trabajando duro porque quiero sacar otro disco. M\u00e1s all\u00e1 de lo que yo pueda proponer en la letra de una canci\u00f3n, la gente tambi\u00e9n me nutre con sus historias mientras recorro el pa\u00eds\u201d, agreg\u00f3.<br \/>\nEn TVC NOTICIAS charlamos con el secretario de Gobierno y Hacienda Guillermo L\u00f6ffler, la directora de Turismo Yanina Torres y la cantante local Corina Borelli.<br \/>\n&nbsp;<br \/>\nhttpv:\/\/www.youtube.com\/watch?v=Ryhe_xS_dIw<br \/>\nNOTA CON YANINA TORRES EN LA PRESENTACION DE FACUNDO SARAVIA<br \/>\nhttpv:\/\/www.youtube.com\/watch?v=0IddbciqMbQ<br \/>\nNOTA CON GUILLERMO LOFFLER EN LA PRESENTACION DE FACUNDO SARAVIA<br \/>\nhttpv:\/\/www.youtube.com\/watch?v=Z7aX2Q1G7x8<br \/>\nCORINA BORELLI BRILLO CON SU VOZ EN EL PARQUE LINEAL<br \/>\nhttpv:\/\/www.youtube.com\/watch?v=VO2pQXbNinc<\/p>\n","protected":false},"excerpt":{"rendered":"<p>Un espect\u00e1culo de gran jerarqu\u00eda ofreci\u00f3 el cantante folkl\u00f3rico Facundo Saravia, el ex-Chalchalero hizo cantar a cientos de personas que se hicieron presentes en el Parque Lineal. El carisma y la profesionalidad de Saravia jerarquiz\u00f3 el show central de la noche, cuyo espect\u00e1culo fue organizado por la Municipalidad de Tornquist, con el auspicio del gobierno [&hellip;]<\/p>\n","protected":false},"author":1,"featured_media":0,"comment_status":"closed","ping_status":"open","sticky":false,"template":"","format":"standard","meta":{"footnotes":""},"categories":[51,52,56],"tags":[],"class_list":["post-9823","post","type-post","status-publish","format-standard","hentry","category-comunidad","category-destacadas","category-espectaculos"],"yoast_head":"<!-- This site is optimized with the Yoast SEO plugin v19.7.1 - https:\/\/yoast.com\/wordpress\/plugins\/seo\/ -->\n<title>FACUNDO SARAVIA HIZO CANTAR A TORNQUIST - CELTTV<\/title>\n<meta name=\"description\" content=\"Sitio web de noticias de la localidad de Tornquist, provincia de Buenos Aires, Rep\u00fablica Argentina. Contenido propio originado por periodistas de CELTTV, el canal de TV local de la Cooperativa El\u00e9ctrica de Tornquist. Turismo, Pol\u00edtica, Sociedad, Deporte, Cultura y todo el contenido de inter\u00e9s general que la gente del pueblo y la regi\u00f3n debe conocer.\" \/>\n<meta name=\"robots\" content=\"index, follow, max-snippet:-1, max-image-preview:large, max-video-preview:-1\" \/>\n<link rel=\"canonical\" href=\"https:\/\/www.celttv.com.ar\/index.php\/2013\/01\/30\/facundo-saravia-en-el-parque-lineal\/\" \/>\n<meta property=\"og:locale\" content=\"es_ES\" \/>\n<meta property=\"og:type\" content=\"article\" \/>\n<meta property=\"og:title\" content=\"FACUNDO SARAVIA HIZO CANTAR A TORNQUIST - CELTTV\" \/>\n<meta property=\"og:description\" content=\"Sitio web de noticias de la localidad de Tornquist, provincia de Buenos Aires, Rep\u00fablica Argentina. Contenido propio originado por periodistas de CELTTV, el canal de TV local de la Cooperativa El\u00e9ctrica de Tornquist. Turismo, Pol\u00edtica, Sociedad, Deporte, Cultura y todo el contenido de inter\u00e9s general que la gente del pueblo y la regi\u00f3n debe conocer.\" \/>\n<meta property=\"og:url\" content=\"https:\/\/www.celttv.com.ar\/index.php\/2013\/01\/30\/facundo-saravia-en-el-parque-lineal\/\" \/>\n<meta property=\"og:site_name\" content=\"CELTTV\" \/>\n<meta property=\"article:publisher\" content=\"https:\/\/www.facebook.com\/celtTV\/\" \/>\n<meta property=\"article:published_time\" content=\"2013-01-30T14:01:25+00:00\" \/>\n<meta name=\"author\" content=\"ulises\" \/>\n<meta name=\"twitter:card\" content=\"summary_large_image\" \/>\n<meta name=\"twitter:label1\" content=\"Escrito por\" \/>\n\t<meta name=\"twitter:data1\" content=\"ulises\" \/>\n\t<meta name=\"twitter:label2\" content=\"Tiempo de lectura\" \/>\n\t<meta name=\"twitter:data2\" content=\"4 minutos\" \/>\n<script type=\"application\/ld+json\" class=\"yoast-schema-graph\">{\"@context\":\"https:\/\/schema.org\",\"@graph\":[{\"@type\":\"NewsArticle\",\"@id\":\"https:\/\/www.celttv.com.ar\/index.php\/2013\/01\/30\/facundo-saravia-en-el-parque-lineal\/#article\",\"isPartOf\":{\"@id\":\"https:\/\/www.celttv.com.ar\/index.php\/2013\/01\/30\/facundo-saravia-en-el-parque-lineal\/\"},\"author\":{\"name\":\"ulises\",\"@id\":\"https:\/\/www.celttv.com.ar\/#\/schema\/person\/6d99c072dba59953809c81446e9d0ace\"},\"headline\":\"FACUNDO SARAVIA HIZO CANTAR A TORNQUIST\",\"datePublished\":\"2013-01-30T14:01:25+00:00\",\"dateModified\":\"2013-01-30T14:01:25+00:00\",\"mainEntityOfPage\":{\"@id\":\"https:\/\/www.celttv.com.ar\/index.php\/2013\/01\/30\/facundo-saravia-en-el-parque-lineal\/\"},\"wordCount\":736,\"publisher\":{\"@id\":\"https:\/\/www.celttv.com.ar\/#organization\"},\"articleSection\":[\"Comunidad\",\"Destacadas\",\"Espect\u00e1culos\"],\"inLanguage\":\"es\"},{\"@type\":\"WebPage\",\"@id\":\"https:\/\/www.celttv.com.ar\/index.php\/2013\/01\/30\/facundo-saravia-en-el-parque-lineal\/\",\"url\":\"https:\/\/www.celttv.com.ar\/index.php\/2013\/01\/30\/facundo-saravia-en-el-parque-lineal\/\",\"name\":\"FACUNDO SARAVIA HIZO CANTAR A TORNQUIST - CELTTV\",\"isPartOf\":{\"@id\":\"https:\/\/www.celttv.com.ar\/#website\"},\"datePublished\":\"2013-01-30T14:01:25+00:00\",\"dateModified\":\"2013-01-30T14:01:25+00:00\",\"description\":\"Sitio web de noticias de la localidad de Tornquist, provincia de Buenos Aires, Rep\u00fablica Argentina. Contenido propio originado por periodistas de CELTTV, el canal de TV local de la Cooperativa El\u00e9ctrica de Tornquist. Turismo, Pol\u00edtica, Sociedad, Deporte, Cultura y todo el contenido de inter\u00e9s general que la gente del pueblo y la regi\u00f3n debe conocer.\",\"breadcrumb\":{\"@id\":\"https:\/\/www.celttv.com.ar\/index.php\/2013\/01\/30\/facundo-saravia-en-el-parque-lineal\/#breadcrumb\"},\"inLanguage\":\"es\",\"potentialAction\":[{\"@type\":\"ReadAction\",\"target\":[\"https:\/\/www.celttv.com.ar\/index.php\/2013\/01\/30\/facundo-saravia-en-el-parque-lineal\/\"]}]},{\"@type\":\"BreadcrumbList\",\"@id\":\"https:\/\/www.celttv.com.ar\/index.php\/2013\/01\/30\/facundo-saravia-en-el-parque-lineal\/#breadcrumb\",\"itemListElement\":[{\"@type\":\"ListItem\",\"position\":1,\"name\":\"Inicio\",\"item\":\"https:\/\/www.celttv.com.ar\/\"},{\"@type\":\"ListItem\",\"position\":2,\"name\":\"FACUNDO SARAVIA HIZO CANTAR A TORNQUIST\"}]},{\"@type\":\"WebSite\",\"@id\":\"https:\/\/www.celttv.com.ar\/#website\",\"url\":\"https:\/\/www.celttv.com.ar\/\",\"name\":\"CELTTV\",\"description\":\"Cooperativa El\u00e9ctrica de Tornquist\",\"publisher\":{\"@id\":\"https:\/\/www.celttv.com.ar\/#organization\"},\"potentialAction\":[{\"@type\":\"SearchAction\",\"target\":{\"@type\":\"EntryPoint\",\"urlTemplate\":\"https:\/\/www.celttv.com.ar\/?s={search_term_string}\"},\"query-input\":\"required name=search_term_string\"}],\"inLanguage\":\"es\"},{\"@type\":\"Organization\",\"@id\":\"https:\/\/www.celttv.com.ar\/#organization\",\"name\":\"CELTTV\",\"url\":\"https:\/\/www.celttv.com.ar\/\",\"sameAs\":[\"https:\/\/www.youtube.com\/channel\/UCz_oIt8Hig64Ub-EmcNPIhg\",\"https:\/\/www.facebook.com\/celtTV\/\"],\"logo\":{\"@type\":\"ImageObject\",\"inLanguage\":\"es\",\"@id\":\"https:\/\/www.celttv.com.ar\/#\/schema\/logo\/image\/\",\"url\":\"http:\/\/www.celttv.com.ar\/wp-content\/uploads\/2022\/08\/logo-1.png\",\"contentUrl\":\"http:\/\/www.celttv.com.ar\/wp-content\/uploads\/2022\/08\/logo-1.png\",\"width\":461,\"height\":159,\"caption\":\"CELTTV\"},\"image\":{\"@id\":\"https:\/\/www.celttv.com.ar\/#\/schema\/logo\/image\/\"}},{\"@type\":\"Person\",\"@id\":\"https:\/\/www.celttv.com.ar\/#\/schema\/person\/6d99c072dba59953809c81446e9d0ace\",\"name\":\"ulises\",\"image\":{\"@type\":\"ImageObject\",\"inLanguage\":\"es\",\"@id\":\"https:\/\/www.celttv.com.ar\/#\/schema\/person\/image\/\",\"url\":\"https:\/\/secure.gravatar.com\/avatar\/7f2c48bdc33b30088f941fb6082e555f2874c98e20cb159d7b92b50eadfce793?s=96&d=mm&r=g\",\"contentUrl\":\"https:\/\/secure.gravatar.com\/avatar\/7f2c48bdc33b30088f941fb6082e555f2874c98e20cb159d7b92b50eadfce793?s=96&d=mm&r=g\",\"caption\":\"ulises\"},\"sameAs\":[\"http:\/\/www.celttv.com.ar\"]}]}<\/script>\n<!-- \/ Yoast SEO plugin. -->","yoast_head_json":{"title":"FACUNDO SARAVIA HIZO CANTAR A TORNQUIST - CELTTV","description":"Sitio web de noticias de la localidad de Tornquist, provincia de Buenos Aires, Rep\u00fablica Argentina. Contenido propio originado por periodistas de CELTTV, el canal de TV local de la Cooperativa El\u00e9ctrica de Tornquist. Turismo, Pol\u00edtica, Sociedad, Deporte, Cultura y todo el contenido de inter\u00e9s general que la gente del pueblo y la regi\u00f3n debe conocer.","robots":{"index":"index","follow":"follow","max-snippet":"max-snippet:-1","max-image-preview":"max-image-preview:large","max-video-preview":"max-video-preview:-1"},"canonical":"https:\/\/www.celttv.com.ar\/index.php\/2013\/01\/30\/facundo-saravia-en-el-parque-lineal\/","og_locale":"es_ES","og_type":"article","og_title":"FACUNDO SARAVIA HIZO CANTAR A TORNQUIST - CELTTV","og_description":"Sitio web de noticias de la localidad de Tornquist, provincia de Buenos Aires, Rep\u00fablica Argentina. Contenido propio originado por periodistas de CELTTV, el canal de TV local de la Cooperativa El\u00e9ctrica de Tornquist. Turismo, Pol\u00edtica, Sociedad, Deporte, Cultura y todo el contenido de inter\u00e9s general que la gente del pueblo y la regi\u00f3n debe conocer.","og_url":"https:\/\/www.celttv.com.ar\/index.php\/2013\/01\/30\/facundo-saravia-en-el-parque-lineal\/","og_site_name":"CELTTV","article_publisher":"https:\/\/www.facebook.com\/celtTV\/","article_published_time":"2013-01-30T14:01:25+00:00","author":"ulises","twitter_card":"summary_large_image","twitter_misc":{"Escrito por":"ulises","Tiempo de lectura":"4 minutos"},"schema":{"@context":"https:\/\/schema.org","@graph":[{"@type":"NewsArticle","@id":"https:\/\/www.celttv.com.ar\/index.php\/2013\/01\/30\/facundo-saravia-en-el-parque-lineal\/#article","isPartOf":{"@id":"https:\/\/www.celttv.com.ar\/index.php\/2013\/01\/30\/facundo-saravia-en-el-parque-lineal\/"},"author":{"name":"ulises","@id":"https:\/\/www.celttv.com.ar\/#\/schema\/person\/6d99c072dba59953809c81446e9d0ace"},"headline":"FACUNDO SARAVIA HIZO CANTAR A TORNQUIST","datePublished":"2013-01-30T14:01:25+00:00","dateModified":"2013-01-30T14:01:25+00:00","mainEntityOfPage":{"@id":"https:\/\/www.celttv.com.ar\/index.php\/2013\/01\/30\/facundo-saravia-en-el-parque-lineal\/"},"wordCount":736,"publisher":{"@id":"https:\/\/www.celttv.com.ar\/#organization"},"articleSection":["Comunidad","Destacadas","Espect\u00e1culos"],"inLanguage":"es"},{"@type":"WebPage","@id":"https:\/\/www.celttv.com.ar\/index.php\/2013\/01\/30\/facundo-saravia-en-el-parque-lineal\/","url":"https:\/\/www.celttv.com.ar\/index.php\/2013\/01\/30\/facundo-saravia-en-el-parque-lineal\/","name":"FACUNDO SARAVIA HIZO CANTAR A TORNQUIST - CELTTV","isPartOf":{"@id":"https:\/\/www.celttv.com.ar\/#website"},"datePublished":"2013-01-30T14:01:25+00:00","dateModified":"2013-01-30T14:01:25+00:00","description":"Sitio web de noticias de la localidad de Tornquist, provincia de Buenos Aires, Rep\u00fablica Argentina. Contenido propio originado por periodistas de CELTTV, el canal de TV local de la Cooperativa El\u00e9ctrica de Tornquist. Turismo, Pol\u00edtica, Sociedad, Deporte, Cultura y todo el contenido de inter\u00e9s general que la gente del pueblo y la regi\u00f3n debe conocer.","breadcrumb":{"@id":"https:\/\/www.celttv.com.ar\/index.php\/2013\/01\/30\/facundo-saravia-en-el-parque-lineal\/#breadcrumb"},"inLanguage":"es","potentialAction":[{"@type":"ReadAction","target":["https:\/\/www.celttv.com.ar\/index.php\/2013\/01\/30\/facundo-saravia-en-el-parque-lineal\/"]}]},{"@type":"BreadcrumbList","@id":"https:\/\/www.celttv.com.ar\/index.php\/2013\/01\/30\/facundo-saravia-en-el-parque-lineal\/#breadcrumb","itemListElement":[{"@type":"ListItem","position":1,"name":"Inicio","item":"https:\/\/www.celttv.com.ar\/"},{"@type":"ListItem","position":2,"name":"FACUNDO SARAVIA HIZO CANTAR A TORNQUIST"}]},{"@type":"WebSite","@id":"https:\/\/www.celttv.com.ar\/#website","url":"https:\/\/www.celttv.com.ar\/","name":"CELTTV","description":"Cooperativa El\u00e9ctrica de Tornquist","publisher":{"@id":"https:\/\/www.celttv.com.ar\/#organization"},"potentialAction":[{"@type":"SearchAction","target":{"@type":"EntryPoint","urlTemplate":"https:\/\/www.celttv.com.ar\/?s={search_term_string}"},"query-input":"required name=search_term_string"}],"inLanguage":"es"},{"@type":"Organization","@id":"https:\/\/www.celttv.com.ar\/#organization","name":"CELTTV","url":"https:\/\/www.celttv.com.ar\/","sameAs":["https:\/\/www.youtube.com\/channel\/UCz_oIt8Hig64Ub-EmcNPIhg","https:\/\/www.facebook.com\/celtTV\/"],"logo":{"@type":"ImageObject","inLanguage":"es","@id":"https:\/\/www.celttv.com.ar\/#\/schema\/logo\/image\/","url":"http:\/\/www.celttv.com.ar\/wp-content\/uploads\/2022\/08\/logo-1.png","contentUrl":"http:\/\/www.celttv.com.ar\/wp-content\/uploads\/2022\/08\/logo-1.png","width":461,"height":159,"caption":"CELTTV"},"image":{"@id":"https:\/\/www.celttv.com.ar\/#\/schema\/logo\/image\/"}},{"@type":"Person","@id":"https:\/\/www.celttv.com.ar\/#\/schema\/person\/6d99c072dba59953809c81446e9d0ace","name":"ulises","image":{"@type":"ImageObject","inLanguage":"es","@id":"https:\/\/www.celttv.com.ar\/#\/schema\/person\/image\/","url":"https:\/\/secure.gravatar.com\/avatar\/7f2c48bdc33b30088f941fb6082e555f2874c98e20cb159d7b92b50eadfce793?s=96&d=mm&r=g","contentUrl":"https:\/\/secure.gravatar.com\/avatar\/7f2c48bdc33b30088f941fb6082e555f2874c98e20cb159d7b92b50eadfce793?s=96&d=mm&r=g","caption":"ulises"},"sameAs":["http:\/\/www.celttv.com.ar"]}]}},"_links":{"self":[{"href":"https:\/\/www.celttv.com.ar\/index.php\/wp-json\/wp\/v2\/posts\/9823","targetHints":{"allow":["GET"]}}],"collection":[{"href":"https:\/\/www.celttv.com.ar\/index.php\/wp-json\/wp\/v2\/posts"}],"about":[{"href":"https:\/\/www.celttv.com.ar\/index.php\/wp-json\/wp\/v2\/types\/post"}],"author":[{"embeddable":true,"href":"https:\/\/www.celttv.com.ar\/index.php\/wp-json\/wp\/v2\/users\/1"}],"replies":[{"embeddable":true,"href":"https:\/\/www.celttv.com.ar\/index.php\/wp-json\/wp\/v2\/comments?post=9823"}],"version-history":[{"count":0,"href":"https:\/\/www.celttv.com.ar\/index.php\/wp-json\/wp\/v2\/posts\/9823\/revisions"}],"wp:attachment":[{"href":"https:\/\/www.celttv.com.ar\/index.php\/wp-json\/wp\/v2\/media?parent=9823"}],"wp:term":[{"taxonomy":"category","embeddable":true,"href":"https:\/\/www.celttv.com.ar\/index.php\/wp-json\/wp\/v2\/categories?post=9823"},{"taxonomy":"post_tag","embeddable":true,"href":"https:\/\/www.celttv.com.ar\/index.php\/wp-json\/wp\/v2\/tags?post=9823"}],"curies":[{"name":"wp","href":"https:\/\/api.w.org\/{rel}","templated":true}]}}