{"id":9842,"date":"2013-01-30T14:14:16","date_gmt":"2013-01-30T14:14:16","guid":{"rendered":"http:\/\/www.tvcnoticias.com.ar\/?p=9842"},"modified":"2013-01-30T14:14:16","modified_gmt":"2013-01-30T14:14:16","slug":"periodistas-de-medios-nacionales-e-internacionales-realizaron-un-funpess-en-la-comarca","status":"publish","type":"post","link":"https:\/\/www.celttv.com.ar\/index.php\/2013\/01\/30\/periodistas-de-medios-nacionales-e-internacionales-realizaron-un-funpess-en-la-comarca\/","title":{"rendered":"PERIODISTAS DE MEDIOS NACIONALES E INTERNACIONALES REALIZARON UN FAM PRESS EN LA COMARCA"},"content":{"rendered":"<p>Siete periodistas de medios especializados de la Ciudad  Aut\u00f3noma de Buenos Aires visitaron durante el fin de semana las diferentes localidades y atractivos de la Comarca  Tur\u00edstica Sierras de la Ventana, mediante gestiones realizadas ante el Ministerio de Turismo de la Naci\u00f3n.<br \/>\nCon el objetivo de conocer las bondades tur\u00edsticas del distrito y publicar notas en sus respectivos medios, viajaron los periodistas Jorge Belaunzar\u00e1n (Lonely Planet), Sonia Renison (El Federal), Roxana de Laurentis (Viajes y Salud), Horacio D\u00edaz (Viajes y Salud), Mar\u00eda Andrea P\u00e9rez Casas (Travel Box), Florencia Cajide (Revista Hu\u00e9spedes) y Florencia Azzaro (Min Tur).<br \/>\nEl itinerario incluy\u00f3, entre otros atractivos, la contemplaci\u00f3n de la obra del ingeniero arquitecto Francisco Salamone, tanto en Saldungaray como en Tornquist; una recorrida por la Bodega Saldungaray y el Eco Parque Kooch de Sierra de la Ventana; la participaci\u00f3n en el Festival Folkl\u00f3rico desarrollado en la ciudad cabecera del distrito, encabezado por Facundo Saravia; la visita al Golf Club Sierra de la Ventana y una excursi\u00f3n por las ruinas del Club Hotel de la Ventana, Villa Serrana La Gruta, la Estancia  Mahuida Co y el Monte Calvario.<br \/>\nTambi\u00e9n realizaron un paseo en cuatriciclos con Cristian Schumacher, una cabalgata en Campo Equino y recorrieron el Palacio Municipal, la Plaza \u201cErnesto Tornquist\u201d y el Teatro \u201cRodolfo Funke\u201d.<br \/>\nEl grupo fue conducido por integrantes de la Direcci\u00f3n de Turismo municipal, entre ellos, la directora del \u00e1rea, licenciada Yanina Torres.<br \/>\nEl intendente municipal, licenciado Gustavo Trankels, agradeci\u00f3 el compromiso y la predisposici\u00f3n mostrada por el Ministerio de Turismo de la Naci\u00f3n, encabezado por el ministro Enrique Meyer, y todo el equipo de trabajo de la mencionada cartera, que eligi\u00f3 nuestro destino para realizar el fam press.<br \/>\nAdem\u00e1s, extendi\u00f3 su agradecimiento a los prestadores tur\u00edsticos que ofrecieron sus servicios de gastronom\u00eda y excursiones para que los periodistas pudieran disfrutar de su estad\u00eda en nuestro distrito.<br \/>\n&nbsp;<br \/>\nPrensa Municipalidad de Tornquist (<a href=\"mailto:prensa@tornquist.gov.ar\">prensa@tornquist.gov.ar<\/a>)<br \/>\nTwitter: @prensatornquist<br \/>\n<a href=\"http:\/\/www.tornquist.gov.ar\/\">www.tornquist.gov.ar<\/a><br \/>\nNOTA CON LOS PERIODISTAS HORACIO DIAZ Y ANDREA PEREZ CASAS<br \/>\nhttpv:\/\/www.youtube.com\/watch?v=XcnA_r2jCXw<br \/>\nNOTA CON LA PERIODISTA SONIA RENINSON<br \/>\nhttpv:\/\/www.youtube.com\/watch?v=Uti70RmTAlc<\/p>\n","protected":false},"excerpt":{"rendered":"<p>Siete periodistas de medios especializados de la Ciudad Aut\u00f3noma de Buenos Aires visitaron durante el fin de semana las diferentes localidades y atractivos de la Comarca Tur\u00edstica Sierras de la Ventana, mediante gestiones realizadas ante el Ministerio de Turismo de la Naci\u00f3n. Con el objetivo de conocer las bondades tur\u00edsticas del distrito y publicar notas [&hellip;]<\/p>\n","protected":false},"author":1,"featured_media":0,"comment_status":"closed","ping_status":"open","sticky":false,"template":"","format":"standard","meta":{"footnotes":""},"categories":[51,52],"tags":[],"class_list":["post-9842","post","type-post","status-publish","format-standard","hentry","category-comunidad","category-destacadas"],"yoast_head":"<!-- This site is optimized with the Yoast SEO plugin v19.7.1 - https:\/\/yoast.com\/wordpress\/plugins\/seo\/ -->\n<title>PERIODISTAS DE MEDIOS NACIONALES E INTERNACIONALES REALIZARON UN FAM PRESS EN LA COMARCA - CELTTV<\/title>\n<meta name=\"description\" content=\"Sitio web de noticias de la localidad de Tornquist, provincia de Buenos Aires, Rep\u00fablica Argentina. Contenido propio originado por periodistas de CELTTV, el canal de TV local de la Cooperativa El\u00e9ctrica de Tornquist. Turismo, Pol\u00edtica, Sociedad, Deporte, Cultura y todo el contenido de inter\u00e9s general que la gente del pueblo y la regi\u00f3n debe conocer.\" \/>\n<meta name=\"robots\" content=\"index, follow, max-snippet:-1, max-image-preview:large, max-video-preview:-1\" \/>\n<link rel=\"canonical\" href=\"https:\/\/www.celttv.com.ar\/index.php\/2013\/01\/30\/periodistas-de-medios-nacionales-e-internacionales-realizaron-un-funpess-en-la-comarca\/\" \/>\n<meta property=\"og:locale\" content=\"es_ES\" \/>\n<meta property=\"og:type\" content=\"article\" \/>\n<meta property=\"og:title\" content=\"PERIODISTAS DE MEDIOS NACIONALES E INTERNACIONALES REALIZARON UN FAM PRESS EN LA COMARCA - CELTTV\" \/>\n<meta property=\"og:description\" content=\"Sitio web de noticias de la localidad de Tornquist, provincia de Buenos Aires, Rep\u00fablica Argentina. Contenido propio originado por periodistas de CELTTV, el canal de TV local de la Cooperativa El\u00e9ctrica de Tornquist. Turismo, Pol\u00edtica, Sociedad, Deporte, Cultura y todo el contenido de inter\u00e9s general que la gente del pueblo y la regi\u00f3n debe conocer.\" \/>\n<meta property=\"og:url\" content=\"https:\/\/www.celttv.com.ar\/index.php\/2013\/01\/30\/periodistas-de-medios-nacionales-e-internacionales-realizaron-un-funpess-en-la-comarca\/\" \/>\n<meta property=\"og:site_name\" content=\"CELTTV\" \/>\n<meta property=\"article:publisher\" content=\"https:\/\/www.facebook.com\/celtTV\/\" \/>\n<meta property=\"article:published_time\" content=\"2013-01-30T14:14:16+00:00\" \/>\n<meta name=\"author\" content=\"ulises\" \/>\n<meta name=\"twitter:card\" content=\"summary_large_image\" \/>\n<meta name=\"twitter:label1\" content=\"Escrito por\" \/>\n\t<meta name=\"twitter:data1\" content=\"ulises\" \/>\n\t<meta name=\"twitter:label2\" content=\"Tiempo de lectura\" \/>\n\t<meta name=\"twitter:data2\" content=\"2 minutos\" \/>\n<script type=\"application\/ld+json\" class=\"yoast-schema-graph\">{\"@context\":\"https:\/\/schema.org\",\"@graph\":[{\"@type\":\"NewsArticle\",\"@id\":\"https:\/\/www.celttv.com.ar\/index.php\/2013\/01\/30\/periodistas-de-medios-nacionales-e-internacionales-realizaron-un-funpess-en-la-comarca\/#article\",\"isPartOf\":{\"@id\":\"https:\/\/www.celttv.com.ar\/index.php\/2013\/01\/30\/periodistas-de-medios-nacionales-e-internacionales-realizaron-un-funpess-en-la-comarca\/\"},\"author\":{\"name\":\"ulises\",\"@id\":\"https:\/\/www.celttv.com.ar\/#\/schema\/person\/6d99c072dba59953809c81446e9d0ace\"},\"headline\":\"PERIODISTAS DE MEDIOS NACIONALES E INTERNACIONALES REALIZARON UN FAM PRESS EN LA COMARCA\",\"datePublished\":\"2013-01-30T14:14:16+00:00\",\"dateModified\":\"2013-01-30T14:14:16+00:00\",\"mainEntityOfPage\":{\"@id\":\"https:\/\/www.celttv.com.ar\/index.php\/2013\/01\/30\/periodistas-de-medios-nacionales-e-internacionales-realizaron-un-funpess-en-la-comarca\/\"},\"wordCount\":389,\"publisher\":{\"@id\":\"https:\/\/www.celttv.com.ar\/#organization\"},\"articleSection\":[\"Comunidad\",\"Destacadas\"],\"inLanguage\":\"es\"},{\"@type\":\"WebPage\",\"@id\":\"https:\/\/www.celttv.com.ar\/index.php\/2013\/01\/30\/periodistas-de-medios-nacionales-e-internacionales-realizaron-un-funpess-en-la-comarca\/\",\"url\":\"https:\/\/www.celttv.com.ar\/index.php\/2013\/01\/30\/periodistas-de-medios-nacionales-e-internacionales-realizaron-un-funpess-en-la-comarca\/\",\"name\":\"PERIODISTAS DE MEDIOS NACIONALES E INTERNACIONALES REALIZARON UN FAM PRESS EN LA COMARCA - CELTTV\",\"isPartOf\":{\"@id\":\"https:\/\/www.celttv.com.ar\/#website\"},\"datePublished\":\"2013-01-30T14:14:16+00:00\",\"dateModified\":\"2013-01-30T14:14:16+00:00\",\"description\":\"Sitio web de noticias de la localidad de Tornquist, provincia de Buenos Aires, Rep\u00fablica Argentina. Contenido propio originado por periodistas de CELTTV, el canal de TV local de la Cooperativa El\u00e9ctrica de Tornquist. Turismo, Pol\u00edtica, Sociedad, Deporte, Cultura y todo el contenido de inter\u00e9s general que la gente del pueblo y la regi\u00f3n debe conocer.\",\"breadcrumb\":{\"@id\":\"https:\/\/www.celttv.com.ar\/index.php\/2013\/01\/30\/periodistas-de-medios-nacionales-e-internacionales-realizaron-un-funpess-en-la-comarca\/#breadcrumb\"},\"inLanguage\":\"es\",\"potentialAction\":[{\"@type\":\"ReadAction\",\"target\":[\"https:\/\/www.celttv.com.ar\/index.php\/2013\/01\/30\/periodistas-de-medios-nacionales-e-internacionales-realizaron-un-funpess-en-la-comarca\/\"]}]},{\"@type\":\"BreadcrumbList\",\"@id\":\"https:\/\/www.celttv.com.ar\/index.php\/2013\/01\/30\/periodistas-de-medios-nacionales-e-internacionales-realizaron-un-funpess-en-la-comarca\/#breadcrumb\",\"itemListElement\":[{\"@type\":\"ListItem\",\"position\":1,\"name\":\"Inicio\",\"item\":\"https:\/\/www.celttv.com.ar\/\"},{\"@type\":\"ListItem\",\"position\":2,\"name\":\"PERIODISTAS DE MEDIOS NACIONALES E INTERNACIONALES REALIZARON UN FAM PRESS EN LA COMARCA\"}]},{\"@type\":\"WebSite\",\"@id\":\"https:\/\/www.celttv.com.ar\/#website\",\"url\":\"https:\/\/www.celttv.com.ar\/\",\"name\":\"CELTTV\",\"description\":\"Cooperativa El\u00e9ctrica de Tornquist\",\"publisher\":{\"@id\":\"https:\/\/www.celttv.com.ar\/#organization\"},\"potentialAction\":[{\"@type\":\"SearchAction\",\"target\":{\"@type\":\"EntryPoint\",\"urlTemplate\":\"https:\/\/www.celttv.com.ar\/?s={search_term_string}\"},\"query-input\":\"required name=search_term_string\"}],\"inLanguage\":\"es\"},{\"@type\":\"Organization\",\"@id\":\"https:\/\/www.celttv.com.ar\/#organization\",\"name\":\"CELTTV\",\"url\":\"https:\/\/www.celttv.com.ar\/\",\"sameAs\":[\"https:\/\/www.youtube.com\/channel\/UCz_oIt8Hig64Ub-EmcNPIhg\",\"https:\/\/www.facebook.com\/celtTV\/\"],\"logo\":{\"@type\":\"ImageObject\",\"inLanguage\":\"es\",\"@id\":\"https:\/\/www.celttv.com.ar\/#\/schema\/logo\/image\/\",\"url\":\"http:\/\/www.celttv.com.ar\/wp-content\/uploads\/2022\/08\/logo-1.png\",\"contentUrl\":\"http:\/\/www.celttv.com.ar\/wp-content\/uploads\/2022\/08\/logo-1.png\",\"width\":461,\"height\":159,\"caption\":\"CELTTV\"},\"image\":{\"@id\":\"https:\/\/www.celttv.com.ar\/#\/schema\/logo\/image\/\"}},{\"@type\":\"Person\",\"@id\":\"https:\/\/www.celttv.com.ar\/#\/schema\/person\/6d99c072dba59953809c81446e9d0ace\",\"name\":\"ulises\",\"image\":{\"@type\":\"ImageObject\",\"inLanguage\":\"es\",\"@id\":\"https:\/\/www.celttv.com.ar\/#\/schema\/person\/image\/\",\"url\":\"https:\/\/secure.gravatar.com\/avatar\/7f2c48bdc33b30088f941fb6082e555f2874c98e20cb159d7b92b50eadfce793?s=96&d=mm&r=g\",\"contentUrl\":\"https:\/\/secure.gravatar.com\/avatar\/7f2c48bdc33b30088f941fb6082e555f2874c98e20cb159d7b92b50eadfce793?s=96&d=mm&r=g\",\"caption\":\"ulises\"},\"sameAs\":[\"http:\/\/www.celttv.com.ar\"]}]}<\/script>\n<!-- \/ Yoast SEO plugin. -->","yoast_head_json":{"title":"PERIODISTAS DE MEDIOS NACIONALES E INTERNACIONALES REALIZARON UN FAM PRESS EN LA COMARCA - CELTTV","description":"Sitio web de noticias de la localidad de Tornquist, provincia de Buenos Aires, Rep\u00fablica Argentina. Contenido propio originado por periodistas de CELTTV, el canal de TV local de la Cooperativa El\u00e9ctrica de Tornquist. Turismo, Pol\u00edtica, Sociedad, Deporte, Cultura y todo el contenido de inter\u00e9s general que la gente del pueblo y la regi\u00f3n debe conocer.","robots":{"index":"index","follow":"follow","max-snippet":"max-snippet:-1","max-image-preview":"max-image-preview:large","max-video-preview":"max-video-preview:-1"},"canonical":"https:\/\/www.celttv.com.ar\/index.php\/2013\/01\/30\/periodistas-de-medios-nacionales-e-internacionales-realizaron-un-funpess-en-la-comarca\/","og_locale":"es_ES","og_type":"article","og_title":"PERIODISTAS DE MEDIOS NACIONALES E INTERNACIONALES REALIZARON UN FAM PRESS EN LA COMARCA - CELTTV","og_description":"Sitio web de noticias de la localidad de Tornquist, provincia de Buenos Aires, Rep\u00fablica Argentina. Contenido propio originado por periodistas de CELTTV, el canal de TV local de la Cooperativa El\u00e9ctrica de Tornquist. Turismo, Pol\u00edtica, Sociedad, Deporte, Cultura y todo el contenido de inter\u00e9s general que la gente del pueblo y la regi\u00f3n debe conocer.","og_url":"https:\/\/www.celttv.com.ar\/index.php\/2013\/01\/30\/periodistas-de-medios-nacionales-e-internacionales-realizaron-un-funpess-en-la-comarca\/","og_site_name":"CELTTV","article_publisher":"https:\/\/www.facebook.com\/celtTV\/","article_published_time":"2013-01-30T14:14:16+00:00","author":"ulises","twitter_card":"summary_large_image","twitter_misc":{"Escrito por":"ulises","Tiempo de lectura":"2 minutos"},"schema":{"@context":"https:\/\/schema.org","@graph":[{"@type":"NewsArticle","@id":"https:\/\/www.celttv.com.ar\/index.php\/2013\/01\/30\/periodistas-de-medios-nacionales-e-internacionales-realizaron-un-funpess-en-la-comarca\/#article","isPartOf":{"@id":"https:\/\/www.celttv.com.ar\/index.php\/2013\/01\/30\/periodistas-de-medios-nacionales-e-internacionales-realizaron-un-funpess-en-la-comarca\/"},"author":{"name":"ulises","@id":"https:\/\/www.celttv.com.ar\/#\/schema\/person\/6d99c072dba59953809c81446e9d0ace"},"headline":"PERIODISTAS DE MEDIOS NACIONALES E INTERNACIONALES REALIZARON UN FAM PRESS EN LA COMARCA","datePublished":"2013-01-30T14:14:16+00:00","dateModified":"2013-01-30T14:14:16+00:00","mainEntityOfPage":{"@id":"https:\/\/www.celttv.com.ar\/index.php\/2013\/01\/30\/periodistas-de-medios-nacionales-e-internacionales-realizaron-un-funpess-en-la-comarca\/"},"wordCount":389,"publisher":{"@id":"https:\/\/www.celttv.com.ar\/#organization"},"articleSection":["Comunidad","Destacadas"],"inLanguage":"es"},{"@type":"WebPage","@id":"https:\/\/www.celttv.com.ar\/index.php\/2013\/01\/30\/periodistas-de-medios-nacionales-e-internacionales-realizaron-un-funpess-en-la-comarca\/","url":"https:\/\/www.celttv.com.ar\/index.php\/2013\/01\/30\/periodistas-de-medios-nacionales-e-internacionales-realizaron-un-funpess-en-la-comarca\/","name":"PERIODISTAS DE MEDIOS NACIONALES E INTERNACIONALES REALIZARON UN FAM PRESS EN LA COMARCA - CELTTV","isPartOf":{"@id":"https:\/\/www.celttv.com.ar\/#website"},"datePublished":"2013-01-30T14:14:16+00:00","dateModified":"2013-01-30T14:14:16+00:00","description":"Sitio web de noticias de la localidad de Tornquist, provincia de Buenos Aires, Rep\u00fablica Argentina. Contenido propio originado por periodistas de CELTTV, el canal de TV local de la Cooperativa El\u00e9ctrica de Tornquist. Turismo, Pol\u00edtica, Sociedad, Deporte, Cultura y todo el contenido de inter\u00e9s general que la gente del pueblo y la regi\u00f3n debe conocer.","breadcrumb":{"@id":"https:\/\/www.celttv.com.ar\/index.php\/2013\/01\/30\/periodistas-de-medios-nacionales-e-internacionales-realizaron-un-funpess-en-la-comarca\/#breadcrumb"},"inLanguage":"es","potentialAction":[{"@type":"ReadAction","target":["https:\/\/www.celttv.com.ar\/index.php\/2013\/01\/30\/periodistas-de-medios-nacionales-e-internacionales-realizaron-un-funpess-en-la-comarca\/"]}]},{"@type":"BreadcrumbList","@id":"https:\/\/www.celttv.com.ar\/index.php\/2013\/01\/30\/periodistas-de-medios-nacionales-e-internacionales-realizaron-un-funpess-en-la-comarca\/#breadcrumb","itemListElement":[{"@type":"ListItem","position":1,"name":"Inicio","item":"https:\/\/www.celttv.com.ar\/"},{"@type":"ListItem","position":2,"name":"PERIODISTAS DE MEDIOS NACIONALES E INTERNACIONALES REALIZARON UN FAM PRESS EN LA COMARCA"}]},{"@type":"WebSite","@id":"https:\/\/www.celttv.com.ar\/#website","url":"https:\/\/www.celttv.com.ar\/","name":"CELTTV","description":"Cooperativa El\u00e9ctrica de Tornquist","publisher":{"@id":"https:\/\/www.celttv.com.ar\/#organization"},"potentialAction":[{"@type":"SearchAction","target":{"@type":"EntryPoint","urlTemplate":"https:\/\/www.celttv.com.ar\/?s={search_term_string}"},"query-input":"required name=search_term_string"}],"inLanguage":"es"},{"@type":"Organization","@id":"https:\/\/www.celttv.com.ar\/#organization","name":"CELTTV","url":"https:\/\/www.celttv.com.ar\/","sameAs":["https:\/\/www.youtube.com\/channel\/UCz_oIt8Hig64Ub-EmcNPIhg","https:\/\/www.facebook.com\/celtTV\/"],"logo":{"@type":"ImageObject","inLanguage":"es","@id":"https:\/\/www.celttv.com.ar\/#\/schema\/logo\/image\/","url":"http:\/\/www.celttv.com.ar\/wp-content\/uploads\/2022\/08\/logo-1.png","contentUrl":"http:\/\/www.celttv.com.ar\/wp-content\/uploads\/2022\/08\/logo-1.png","width":461,"height":159,"caption":"CELTTV"},"image":{"@id":"https:\/\/www.celttv.com.ar\/#\/schema\/logo\/image\/"}},{"@type":"Person","@id":"https:\/\/www.celttv.com.ar\/#\/schema\/person\/6d99c072dba59953809c81446e9d0ace","name":"ulises","image":{"@type":"ImageObject","inLanguage":"es","@id":"https:\/\/www.celttv.com.ar\/#\/schema\/person\/image\/","url":"https:\/\/secure.gravatar.com\/avatar\/7f2c48bdc33b30088f941fb6082e555f2874c98e20cb159d7b92b50eadfce793?s=96&d=mm&r=g","contentUrl":"https:\/\/secure.gravatar.com\/avatar\/7f2c48bdc33b30088f941fb6082e555f2874c98e20cb159d7b92b50eadfce793?s=96&d=mm&r=g","caption":"ulises"},"sameAs":["http:\/\/www.celttv.com.ar"]}]}},"_links":{"self":[{"href":"https:\/\/www.celttv.com.ar\/index.php\/wp-json\/wp\/v2\/posts\/9842","targetHints":{"allow":["GET"]}}],"collection":[{"href":"https:\/\/www.celttv.com.ar\/index.php\/wp-json\/wp\/v2\/posts"}],"about":[{"href":"https:\/\/www.celttv.com.ar\/index.php\/wp-json\/wp\/v2\/types\/post"}],"author":[{"embeddable":true,"href":"https:\/\/www.celttv.com.ar\/index.php\/wp-json\/wp\/v2\/users\/1"}],"replies":[{"embeddable":true,"href":"https:\/\/www.celttv.com.ar\/index.php\/wp-json\/wp\/v2\/comments?post=9842"}],"version-history":[{"count":0,"href":"https:\/\/www.celttv.com.ar\/index.php\/wp-json\/wp\/v2\/posts\/9842\/revisions"}],"wp:attachment":[{"href":"https:\/\/www.celttv.com.ar\/index.php\/wp-json\/wp\/v2\/media?parent=9842"}],"wp:term":[{"taxonomy":"category","embeddable":true,"href":"https:\/\/www.celttv.com.ar\/index.php\/wp-json\/wp\/v2\/categories?post=9842"},{"taxonomy":"post_tag","embeddable":true,"href":"https:\/\/www.celttv.com.ar\/index.php\/wp-json\/wp\/v2\/tags?post=9842"}],"curies":[{"name":"wp","href":"https:\/\/api.w.org\/{rel}","templated":true}]}}