{"id":9884,"date":"2013-01-30T23:04:21","date_gmt":"2013-01-30T23:04:21","guid":{"rendered":"http:\/\/www.tvcnoticias.com.ar\/?p=9884"},"modified":"2013-01-30T23:04:21","modified_gmt":"2013-01-30T23:04:21","slug":"saldungaray-ya-cuenta-con-su-centro-de-documentacion-rapido-fotos-notas-y-proximamene-videos","status":"publish","type":"post","link":"https:\/\/www.celttv.com.ar\/index.php\/2013\/01\/30\/saldungaray-ya-cuenta-con-su-centro-de-documentacion-rapido-fotos-notas-y-proximamene-videos\/","title":{"rendered":"SALDUNGARAY YA CUENTA CON SU CENTRO DE DOCUMENTACION RAPIDO (fotos, notas y pr\u00f3ximamente videos)"},"content":{"rendered":"<p><br \/>\n[audio:http:\/\/www.tvcnoticias.com.ar\/wp-content\/uploads\/2013\/01\/NOTA-CON-GUSTAVO-TRANKELS.mp3|titles=NOTA CON GUSTAVO TRANKELS]<br \/>\n[audio:http:\/\/www.tvcnoticias.com.ar\/wp-content\/uploads\/2013\/01\/NOTA-CON-ALVAREZ-ECHAGUE.mp3|titles=NOTA CON ALVAREZ ECHAGUE]<br \/>\nCon la presentaci\u00f3n de los elementos tecnol\u00f3gicos necesarios, y mediante un breve acto desarrollado en el propio Registro Civil, fue formalmente habilitado en la ma\u00f1ana de hoy el Centro de Documentaci\u00f3n R\u00e1pida de Saldungaray.<br \/>\n\u00a0\u00a0 Para la puesta en marcha del moderno sistema, que desde el a\u00f1o 2010 tambi\u00e9n funciona en Tornquist, estuvieron presentes el intendente municipal, licenciado Gustavo Trankels; el subsecretario de Gobierno de la Provincia de Buenos Aires, Juan Pablo Alvarez Echag\u00fce; el delegado municipal, Daniel Olgiatti; el asesor letrado del municipio, doctor Carlos Carriquiry; el concejal Alberto Cleppe; y la jefa del Registro Civil, Alicia Santini.<br \/>\n\u00a0 \u00a0\u201cEste es un momento de alegr\u00eda e importante para Saldungaray, porque posibilitar\u00e1 tramitar el DNI y el pasaporte, tr\u00e1mites que antes llevaban much\u00edsimo tiempo, de una manera m\u00e1s sencilla y r\u00e1pida. Es un orgullo que la localidad cuente con un centro de estas caracter\u00edsticas\u201d, explic\u00f3 Trankels.<br \/>\n\u00a0\u00a0 \u201cEs tecnolog\u00eda creada por argentinos, una inversi\u00f3n de los gobiernos nacional y provincial, para que la comunidad de los distintos pueblos pueda acceder a este tr\u00e1mite. Para que esto sea posible contamos con la decisi\u00f3n de la presidenta Cristina Fern\u00e1ndez y el ministro Florencio Randazzo en implementar todo el sistema, y del gobernador Daniel Scioli en extenderlo al territorio provincial. Tenemos la presencia de Juan Pablo Alvarez Echag\u00fce, que es un amigo de la casa y tiene \u00a0un afecto especial por nosotros, ya que su pap\u00e1 vivi\u00f3 en el distrito\u201d, a\u00f1adi\u00f3.<br \/>\n\u00a0\u00a0 Por su parte, Alvarez Echag\u00fce recalc\u00f3 la importancia que reviste este tipo de decisiones, que permiten facilitar el acceso de la poblaci\u00f3n a diferentes tr\u00e1mites.<br \/>\n\u00a0 \u00a0\u201cGustavo es realmente el promotor de que el sistema est\u00e9 funcionando ac\u00e1, porque lo pidi\u00f3 con insistencia. Le pone mucha garra a todo, al igual que nuestra delegada, Alicia Santini. La idea es descentralizar los servicios, que est\u00e9n m\u00e1s cerca del ciudadano, que es el trabajo que hacemos todos en conjunto, con la Naci\u00f3n, la Provincia y el Municipio. Desde la Provincia queremos jerarquizar los registros civiles, y una manera es aportarles tecnolog\u00eda. Y no solamente en las grandes ciudades, por eso ya tenemos 235 lugares con este servicio\u201d, se\u00f1al\u00f3 el funcionario bonaerense.<\/p>\n","protected":false},"excerpt":{"rendered":"<p>[audio:http:\/\/www.tvcnoticias.com.ar\/wp-content\/uploads\/2013\/01\/NOTA-CON-GUSTAVO-TRANKELS.mp3|titles=NOTA CON GUSTAVO TRANKELS] [audio:http:\/\/www.tvcnoticias.com.ar\/wp-content\/uploads\/2013\/01\/NOTA-CON-ALVAREZ-ECHAGUE.mp3|titles=NOTA CON ALVAREZ ECHAGUE] Con la presentaci\u00f3n de los elementos tecnol\u00f3gicos necesarios, y mediante un breve acto desarrollado en el propio Registro Civil, fue formalmente habilitado en la ma\u00f1ana de hoy el Centro de Documentaci\u00f3n R\u00e1pida de Saldungaray. \u00a0\u00a0 Para la puesta en marcha del moderno sistema, que desde el a\u00f1o [&hellip;]<\/p>\n","protected":false},"author":1,"featured_media":0,"comment_status":"closed","ping_status":"open","sticky":false,"template":"","format":"standard","meta":{"footnotes":""},"categories":[51,52,53],"tags":[],"class_list":["post-9884","post","type-post","status-publish","format-standard","hentry","category-comunidad","category-destacadas","category-politica"],"yoast_head":"<!-- This site is optimized with the Yoast SEO plugin v19.7.1 - https:\/\/yoast.com\/wordpress\/plugins\/seo\/ -->\n<title>SALDUNGARAY YA CUENTA CON SU CENTRO DE DOCUMENTACION RAPIDO (fotos, notas y pr\u00f3ximamente videos) - CELTTV<\/title>\n<meta name=\"description\" content=\"Sitio web de noticias de la localidad de Tornquist, provincia de Buenos Aires, Rep\u00fablica Argentina. Contenido propio originado por periodistas de CELTTV, el canal de TV local de la Cooperativa El\u00e9ctrica de Tornquist. Turismo, Pol\u00edtica, Sociedad, Deporte, Cultura y todo el contenido de inter\u00e9s general que la gente del pueblo y la regi\u00f3n debe conocer.\" \/>\n<meta name=\"robots\" content=\"index, follow, max-snippet:-1, max-image-preview:large, max-video-preview:-1\" \/>\n<link rel=\"canonical\" href=\"https:\/\/www.celttv.com.ar\/index.php\/2013\/01\/30\/saldungaray-ya-cuenta-con-su-centro-de-documentacion-rapido-fotos-notas-y-proximamene-videos\/\" \/>\n<meta property=\"og:locale\" content=\"es_ES\" \/>\n<meta property=\"og:type\" content=\"article\" \/>\n<meta property=\"og:title\" content=\"SALDUNGARAY YA CUENTA CON SU CENTRO DE DOCUMENTACION RAPIDO (fotos, notas y pr\u00f3ximamente videos) - CELTTV\" \/>\n<meta property=\"og:description\" content=\"Sitio web de noticias de la localidad de Tornquist, provincia de Buenos Aires, Rep\u00fablica Argentina. Contenido propio originado por periodistas de CELTTV, el canal de TV local de la Cooperativa El\u00e9ctrica de Tornquist. Turismo, Pol\u00edtica, Sociedad, Deporte, Cultura y todo el contenido de inter\u00e9s general que la gente del pueblo y la regi\u00f3n debe conocer.\" \/>\n<meta property=\"og:url\" content=\"https:\/\/www.celttv.com.ar\/index.php\/2013\/01\/30\/saldungaray-ya-cuenta-con-su-centro-de-documentacion-rapido-fotos-notas-y-proximamene-videos\/\" \/>\n<meta property=\"og:site_name\" content=\"CELTTV\" \/>\n<meta property=\"article:publisher\" content=\"https:\/\/www.facebook.com\/celtTV\/\" \/>\n<meta property=\"article:published_time\" content=\"2013-01-30T23:04:21+00:00\" \/>\n<meta name=\"author\" content=\"ulises\" \/>\n<meta name=\"twitter:card\" content=\"summary_large_image\" \/>\n<meta name=\"twitter:label1\" content=\"Escrito por\" \/>\n\t<meta name=\"twitter:data1\" content=\"ulises\" \/>\n\t<meta name=\"twitter:label2\" content=\"Tiempo de lectura\" \/>\n\t<meta name=\"twitter:data2\" content=\"2 minutos\" \/>\n<script type=\"application\/ld+json\" class=\"yoast-schema-graph\">{\"@context\":\"https:\/\/schema.org\",\"@graph\":[{\"@type\":\"NewsArticle\",\"@id\":\"https:\/\/www.celttv.com.ar\/index.php\/2013\/01\/30\/saldungaray-ya-cuenta-con-su-centro-de-documentacion-rapido-fotos-notas-y-proximamene-videos\/#article\",\"isPartOf\":{\"@id\":\"https:\/\/www.celttv.com.ar\/index.php\/2013\/01\/30\/saldungaray-ya-cuenta-con-su-centro-de-documentacion-rapido-fotos-notas-y-proximamene-videos\/\"},\"author\":{\"name\":\"ulises\",\"@id\":\"https:\/\/www.celttv.com.ar\/#\/schema\/person\/6d99c072dba59953809c81446e9d0ace\"},\"headline\":\"SALDUNGARAY YA CUENTA CON SU CENTRO DE DOCUMENTACION RAPIDO (fotos, notas y pr\u00f3ximamente videos)\",\"datePublished\":\"2013-01-30T23:04:21+00:00\",\"dateModified\":\"2013-01-30T23:04:21+00:00\",\"mainEntityOfPage\":{\"@id\":\"https:\/\/www.celttv.com.ar\/index.php\/2013\/01\/30\/saldungaray-ya-cuenta-con-su-centro-de-documentacion-rapido-fotos-notas-y-proximamene-videos\/\"},\"wordCount\":429,\"publisher\":{\"@id\":\"https:\/\/www.celttv.com.ar\/#organization\"},\"articleSection\":[\"Comunidad\",\"Destacadas\",\"Pol\u00edtica\"],\"inLanguage\":\"es\"},{\"@type\":\"WebPage\",\"@id\":\"https:\/\/www.celttv.com.ar\/index.php\/2013\/01\/30\/saldungaray-ya-cuenta-con-su-centro-de-documentacion-rapido-fotos-notas-y-proximamene-videos\/\",\"url\":\"https:\/\/www.celttv.com.ar\/index.php\/2013\/01\/30\/saldungaray-ya-cuenta-con-su-centro-de-documentacion-rapido-fotos-notas-y-proximamene-videos\/\",\"name\":\"SALDUNGARAY YA CUENTA CON SU CENTRO DE DOCUMENTACION RAPIDO (fotos, notas y pr\u00f3ximamente videos) - CELTTV\",\"isPartOf\":{\"@id\":\"https:\/\/www.celttv.com.ar\/#website\"},\"datePublished\":\"2013-01-30T23:04:21+00:00\",\"dateModified\":\"2013-01-30T23:04:21+00:00\",\"description\":\"Sitio web de noticias de la localidad de Tornquist, provincia de Buenos Aires, Rep\u00fablica Argentina. Contenido propio originado por periodistas de CELTTV, el canal de TV local de la Cooperativa El\u00e9ctrica de Tornquist. Turismo, Pol\u00edtica, Sociedad, Deporte, Cultura y todo el contenido de inter\u00e9s general que la gente del pueblo y la regi\u00f3n debe conocer.\",\"breadcrumb\":{\"@id\":\"https:\/\/www.celttv.com.ar\/index.php\/2013\/01\/30\/saldungaray-ya-cuenta-con-su-centro-de-documentacion-rapido-fotos-notas-y-proximamene-videos\/#breadcrumb\"},\"inLanguage\":\"es\",\"potentialAction\":[{\"@type\":\"ReadAction\",\"target\":[\"https:\/\/www.celttv.com.ar\/index.php\/2013\/01\/30\/saldungaray-ya-cuenta-con-su-centro-de-documentacion-rapido-fotos-notas-y-proximamene-videos\/\"]}]},{\"@type\":\"BreadcrumbList\",\"@id\":\"https:\/\/www.celttv.com.ar\/index.php\/2013\/01\/30\/saldungaray-ya-cuenta-con-su-centro-de-documentacion-rapido-fotos-notas-y-proximamene-videos\/#breadcrumb\",\"itemListElement\":[{\"@type\":\"ListItem\",\"position\":1,\"name\":\"Inicio\",\"item\":\"https:\/\/www.celttv.com.ar\/\"},{\"@type\":\"ListItem\",\"position\":2,\"name\":\"SALDUNGARAY YA CUENTA CON SU CENTRO DE DOCUMENTACION RAPIDO (fotos, notas y pr\u00f3ximamente videos)\"}]},{\"@type\":\"WebSite\",\"@id\":\"https:\/\/www.celttv.com.ar\/#website\",\"url\":\"https:\/\/www.celttv.com.ar\/\",\"name\":\"CELTTV\",\"description\":\"Cooperativa El\u00e9ctrica de Tornquist\",\"publisher\":{\"@id\":\"https:\/\/www.celttv.com.ar\/#organization\"},\"potentialAction\":[{\"@type\":\"SearchAction\",\"target\":{\"@type\":\"EntryPoint\",\"urlTemplate\":\"https:\/\/www.celttv.com.ar\/?s={search_term_string}\"},\"query-input\":\"required name=search_term_string\"}],\"inLanguage\":\"es\"},{\"@type\":\"Organization\",\"@id\":\"https:\/\/www.celttv.com.ar\/#organization\",\"name\":\"CELTTV\",\"url\":\"https:\/\/www.celttv.com.ar\/\",\"sameAs\":[\"https:\/\/www.youtube.com\/channel\/UCz_oIt8Hig64Ub-EmcNPIhg\",\"https:\/\/www.facebook.com\/celtTV\/\"],\"logo\":{\"@type\":\"ImageObject\",\"inLanguage\":\"es\",\"@id\":\"https:\/\/www.celttv.com.ar\/#\/schema\/logo\/image\/\",\"url\":\"http:\/\/www.celttv.com.ar\/wp-content\/uploads\/2022\/08\/logo-1.png\",\"contentUrl\":\"http:\/\/www.celttv.com.ar\/wp-content\/uploads\/2022\/08\/logo-1.png\",\"width\":461,\"height\":159,\"caption\":\"CELTTV\"},\"image\":{\"@id\":\"https:\/\/www.celttv.com.ar\/#\/schema\/logo\/image\/\"}},{\"@type\":\"Person\",\"@id\":\"https:\/\/www.celttv.com.ar\/#\/schema\/person\/6d99c072dba59953809c81446e9d0ace\",\"name\":\"ulises\",\"image\":{\"@type\":\"ImageObject\",\"inLanguage\":\"es\",\"@id\":\"https:\/\/www.celttv.com.ar\/#\/schema\/person\/image\/\",\"url\":\"https:\/\/secure.gravatar.com\/avatar\/7f2c48bdc33b30088f941fb6082e555f2874c98e20cb159d7b92b50eadfce793?s=96&d=mm&r=g\",\"contentUrl\":\"https:\/\/secure.gravatar.com\/avatar\/7f2c48bdc33b30088f941fb6082e555f2874c98e20cb159d7b92b50eadfce793?s=96&d=mm&r=g\",\"caption\":\"ulises\"},\"sameAs\":[\"http:\/\/www.celttv.com.ar\"]}]}<\/script>\n<!-- \/ Yoast SEO plugin. -->","yoast_head_json":{"title":"SALDUNGARAY YA CUENTA CON SU CENTRO DE DOCUMENTACION RAPIDO (fotos, notas y pr\u00f3ximamente videos) - CELTTV","description":"Sitio web de noticias de la localidad de Tornquist, provincia de Buenos Aires, Rep\u00fablica Argentina. Contenido propio originado por periodistas de CELTTV, el canal de TV local de la Cooperativa El\u00e9ctrica de Tornquist. Turismo, Pol\u00edtica, Sociedad, Deporte, Cultura y todo el contenido de inter\u00e9s general que la gente del pueblo y la regi\u00f3n debe conocer.","robots":{"index":"index","follow":"follow","max-snippet":"max-snippet:-1","max-image-preview":"max-image-preview:large","max-video-preview":"max-video-preview:-1"},"canonical":"https:\/\/www.celttv.com.ar\/index.php\/2013\/01\/30\/saldungaray-ya-cuenta-con-su-centro-de-documentacion-rapido-fotos-notas-y-proximamene-videos\/","og_locale":"es_ES","og_type":"article","og_title":"SALDUNGARAY YA CUENTA CON SU CENTRO DE DOCUMENTACION RAPIDO (fotos, notas y pr\u00f3ximamente videos) - CELTTV","og_description":"Sitio web de noticias de la localidad de Tornquist, provincia de Buenos Aires, Rep\u00fablica Argentina. Contenido propio originado por periodistas de CELTTV, el canal de TV local de la Cooperativa El\u00e9ctrica de Tornquist. Turismo, Pol\u00edtica, Sociedad, Deporte, Cultura y todo el contenido de inter\u00e9s general que la gente del pueblo y la regi\u00f3n debe conocer.","og_url":"https:\/\/www.celttv.com.ar\/index.php\/2013\/01\/30\/saldungaray-ya-cuenta-con-su-centro-de-documentacion-rapido-fotos-notas-y-proximamene-videos\/","og_site_name":"CELTTV","article_publisher":"https:\/\/www.facebook.com\/celtTV\/","article_published_time":"2013-01-30T23:04:21+00:00","author":"ulises","twitter_card":"summary_large_image","twitter_misc":{"Escrito por":"ulises","Tiempo de lectura":"2 minutos"},"schema":{"@context":"https:\/\/schema.org","@graph":[{"@type":"NewsArticle","@id":"https:\/\/www.celttv.com.ar\/index.php\/2013\/01\/30\/saldungaray-ya-cuenta-con-su-centro-de-documentacion-rapido-fotos-notas-y-proximamene-videos\/#article","isPartOf":{"@id":"https:\/\/www.celttv.com.ar\/index.php\/2013\/01\/30\/saldungaray-ya-cuenta-con-su-centro-de-documentacion-rapido-fotos-notas-y-proximamene-videos\/"},"author":{"name":"ulises","@id":"https:\/\/www.celttv.com.ar\/#\/schema\/person\/6d99c072dba59953809c81446e9d0ace"},"headline":"SALDUNGARAY YA CUENTA CON SU CENTRO DE DOCUMENTACION RAPIDO (fotos, notas y pr\u00f3ximamente videos)","datePublished":"2013-01-30T23:04:21+00:00","dateModified":"2013-01-30T23:04:21+00:00","mainEntityOfPage":{"@id":"https:\/\/www.celttv.com.ar\/index.php\/2013\/01\/30\/saldungaray-ya-cuenta-con-su-centro-de-documentacion-rapido-fotos-notas-y-proximamene-videos\/"},"wordCount":429,"publisher":{"@id":"https:\/\/www.celttv.com.ar\/#organization"},"articleSection":["Comunidad","Destacadas","Pol\u00edtica"],"inLanguage":"es"},{"@type":"WebPage","@id":"https:\/\/www.celttv.com.ar\/index.php\/2013\/01\/30\/saldungaray-ya-cuenta-con-su-centro-de-documentacion-rapido-fotos-notas-y-proximamene-videos\/","url":"https:\/\/www.celttv.com.ar\/index.php\/2013\/01\/30\/saldungaray-ya-cuenta-con-su-centro-de-documentacion-rapido-fotos-notas-y-proximamene-videos\/","name":"SALDUNGARAY YA CUENTA CON SU CENTRO DE DOCUMENTACION RAPIDO (fotos, notas y pr\u00f3ximamente videos) - CELTTV","isPartOf":{"@id":"https:\/\/www.celttv.com.ar\/#website"},"datePublished":"2013-01-30T23:04:21+00:00","dateModified":"2013-01-30T23:04:21+00:00","description":"Sitio web de noticias de la localidad de Tornquist, provincia de Buenos Aires, Rep\u00fablica Argentina. Contenido propio originado por periodistas de CELTTV, el canal de TV local de la Cooperativa El\u00e9ctrica de Tornquist. Turismo, Pol\u00edtica, Sociedad, Deporte, Cultura y todo el contenido de inter\u00e9s general que la gente del pueblo y la regi\u00f3n debe conocer.","breadcrumb":{"@id":"https:\/\/www.celttv.com.ar\/index.php\/2013\/01\/30\/saldungaray-ya-cuenta-con-su-centro-de-documentacion-rapido-fotos-notas-y-proximamene-videos\/#breadcrumb"},"inLanguage":"es","potentialAction":[{"@type":"ReadAction","target":["https:\/\/www.celttv.com.ar\/index.php\/2013\/01\/30\/saldungaray-ya-cuenta-con-su-centro-de-documentacion-rapido-fotos-notas-y-proximamene-videos\/"]}]},{"@type":"BreadcrumbList","@id":"https:\/\/www.celttv.com.ar\/index.php\/2013\/01\/30\/saldungaray-ya-cuenta-con-su-centro-de-documentacion-rapido-fotos-notas-y-proximamene-videos\/#breadcrumb","itemListElement":[{"@type":"ListItem","position":1,"name":"Inicio","item":"https:\/\/www.celttv.com.ar\/"},{"@type":"ListItem","position":2,"name":"SALDUNGARAY YA CUENTA CON SU CENTRO DE DOCUMENTACION RAPIDO (fotos, notas y pr\u00f3ximamente videos)"}]},{"@type":"WebSite","@id":"https:\/\/www.celttv.com.ar\/#website","url":"https:\/\/www.celttv.com.ar\/","name":"CELTTV","description":"Cooperativa El\u00e9ctrica de Tornquist","publisher":{"@id":"https:\/\/www.celttv.com.ar\/#organization"},"potentialAction":[{"@type":"SearchAction","target":{"@type":"EntryPoint","urlTemplate":"https:\/\/www.celttv.com.ar\/?s={search_term_string}"},"query-input":"required name=search_term_string"}],"inLanguage":"es"},{"@type":"Organization","@id":"https:\/\/www.celttv.com.ar\/#organization","name":"CELTTV","url":"https:\/\/www.celttv.com.ar\/","sameAs":["https:\/\/www.youtube.com\/channel\/UCz_oIt8Hig64Ub-EmcNPIhg","https:\/\/www.facebook.com\/celtTV\/"],"logo":{"@type":"ImageObject","inLanguage":"es","@id":"https:\/\/www.celttv.com.ar\/#\/schema\/logo\/image\/","url":"http:\/\/www.celttv.com.ar\/wp-content\/uploads\/2022\/08\/logo-1.png","contentUrl":"http:\/\/www.celttv.com.ar\/wp-content\/uploads\/2022\/08\/logo-1.png","width":461,"height":159,"caption":"CELTTV"},"image":{"@id":"https:\/\/www.celttv.com.ar\/#\/schema\/logo\/image\/"}},{"@type":"Person","@id":"https:\/\/www.celttv.com.ar\/#\/schema\/person\/6d99c072dba59953809c81446e9d0ace","name":"ulises","image":{"@type":"ImageObject","inLanguage":"es","@id":"https:\/\/www.celttv.com.ar\/#\/schema\/person\/image\/","url":"https:\/\/secure.gravatar.com\/avatar\/7f2c48bdc33b30088f941fb6082e555f2874c98e20cb159d7b92b50eadfce793?s=96&d=mm&r=g","contentUrl":"https:\/\/secure.gravatar.com\/avatar\/7f2c48bdc33b30088f941fb6082e555f2874c98e20cb159d7b92b50eadfce793?s=96&d=mm&r=g","caption":"ulises"},"sameAs":["http:\/\/www.celttv.com.ar"]}]}},"_links":{"self":[{"href":"https:\/\/www.celttv.com.ar\/index.php\/wp-json\/wp\/v2\/posts\/9884","targetHints":{"allow":["GET"]}}],"collection":[{"href":"https:\/\/www.celttv.com.ar\/index.php\/wp-json\/wp\/v2\/posts"}],"about":[{"href":"https:\/\/www.celttv.com.ar\/index.php\/wp-json\/wp\/v2\/types\/post"}],"author":[{"embeddable":true,"href":"https:\/\/www.celttv.com.ar\/index.php\/wp-json\/wp\/v2\/users\/1"}],"replies":[{"embeddable":true,"href":"https:\/\/www.celttv.com.ar\/index.php\/wp-json\/wp\/v2\/comments?post=9884"}],"version-history":[{"count":0,"href":"https:\/\/www.celttv.com.ar\/index.php\/wp-json\/wp\/v2\/posts\/9884\/revisions"}],"wp:attachment":[{"href":"https:\/\/www.celttv.com.ar\/index.php\/wp-json\/wp\/v2\/media?parent=9884"}],"wp:term":[{"taxonomy":"category","embeddable":true,"href":"https:\/\/www.celttv.com.ar\/index.php\/wp-json\/wp\/v2\/categories?post=9884"},{"taxonomy":"post_tag","embeddable":true,"href":"https:\/\/www.celttv.com.ar\/index.php\/wp-json\/wp\/v2\/tags?post=9884"}],"curies":[{"name":"wp","href":"https:\/\/api.w.org\/{rel}","templated":true}]}}