{"id":9896,"date":"2013-01-31T12:03:10","date_gmt":"2013-01-31T12:03:10","guid":{"rendered":"http:\/\/www.tvcnoticias.com.ar\/?p=9896"},"modified":"2013-01-31T12:03:10","modified_gmt":"2013-01-31T12:03:10","slug":"la-casa-de-maria-auxiliadora-de-saldungaray-sera-adquirida-para-crear-un-centro-de-capacitacion-fotos-y-audios-proximamente-videos","status":"publish","type":"post","link":"https:\/\/www.celttv.com.ar\/index.php\/2013\/01\/31\/la-casa-de-maria-auxiliadora-de-saldungaray-sera-adquirida-para-crear-un-centro-de-capacitacion-fotos-y-audios-proximamente-videos\/","title":{"rendered":"LA CASA DE MARIA AUXILIADORA DE SALDUNGARAY SERA ADQUIRIDA PARA CREAR UN CENTRO DE CAPACITACION (Fotos y audios, proximamente videos)"},"content":{"rendered":"<div><span style=\"font-size: large;\"><strong><br \/>\n<\/strong><\/span><\/div>\n<p><span style=\"font-size: large;\"><strong>\u00a0<br \/>\n<\/strong>\u00a0<br \/>\n<\/span><br \/>\n<strong>[audio:http:\/\/www.tvcnoticias.com.ar\/wp-content\/uploads\/2013\/01\/SALDUNGARAY-NORMA-DE-LARENA.mp3|titles=SALDUNGARAY NORMA DE LARENA]<\/strong><br \/>\n<span style=\"font-size: large;\"><strong>\ufeff[audio:http:\/\/www.tvcnoticias.com.ar\/wp-content\/uploads\/2013\/01\/SALDUNGARAY-DELEGADO-MUNICIPAL.mp3|titles=SALDUNGARAY DELEGADO MUNICIPAL]<\/strong><\/span><br \/>\n<span style=\"font-size: large;\"><span style=\"font-size: large;\"><strong>[audio:http:\/\/www.tvcnoticias.com.ar\/wp-content\/uploads\/2013\/01\/SALDUNGARAY-INTENDENTE-TRANKELS.mp3|titles=SALDUNGARAY INTENDENTE TRANKELS]<\/strong><\/span><\/span><br \/>\n<strong>Una buena noticia para la comunidad de Saldungaray<\/strong><br \/>\n\u00a0Durante una reuni\u00f3n que cont\u00f3 con la presencia de vecinos de la localidad, el intendente municipal, licenciado Gustavo Trankels, reconoci\u00f3 que se concretaron importantes avances en las gestiones tendientes a adquirir el edificio de la Casa de Mar\u00eda Auxiliadora de Saldungaray.<br \/>\n\u00a0\u00a0 La noticia fue muy bien recibida por la comunidad, que hab\u00eda manifestado su preocupaci\u00f3n ante la posibilidad de que un privado adquiera el inmueble.<br \/>\n\u00a0\u00a0 \u201cEs un edificio de muchos a\u00f1os, por donde pas\u00f3 gran parte de la actividad educativa, cultural y religiosa de Saldungaray. Muchos tienen el recuerdo de haber ido a clases en ese lugar y por eso est\u00e1 muy arraigado al sentimiento de la gente de la localidad. Por cuestiones econ\u00f3micas, la congregaci\u00f3n de Mar\u00eda Auxiliadora decidi\u00f3 ponerlo en venta, situaci\u00f3n que nos puso en alerta y que gener\u00f3 que la comunidad nos plantee su preocupaci\u00f3n\u201d, recalc\u00f3 el jefe comunal luego del encuentro desarrollado en la delegaci\u00f3n municipal.<br \/>\n\u00a0\u00a0 \u201cNos pusimos a trabajar en un proyecto para crear un centro de capacitaci\u00f3n. Empezamos a golpear puertas y logramos un importante acompa\u00f1amiento del gobierno Nacional, la presidenta Cristina Fern\u00e1ndez, el ministro Norberto Yauhar (Agricultura, Ganader\u00eda y Pesca) y Haroldo Lebed (secretario de Coordinaci\u00f3n Pol\u00edtico Institucional y Emergencia Agropecuaria de la misma cartera), quienes nos transmitieron la buena noticia de que transferir\u00e1n al municipio los fondos necesarios para poder hacer frente a la compra de este edificio, algo imposible de llevar adelante con presupuesto propio por la inversi\u00f3n que significaba\u201d, asegur\u00f3.<br \/>\n\u00a0\u00a0 De todos modos, a\u00fan restan cumplimentar una serie de tr\u00e1mites administrativos.<br \/>\n\u00a0\u00a0 \u201cDebemos presentar todo ante la Escriban\u00eda General de Gobierno bonaerense, que nos acompa\u00f1\u00f3 mucho en esto, ya que tendremos la posibilidad de realizarlo gratuitamente. Si Dios quiere, en algunos d\u00edas podremos dar la noticia de que el edificio pasa a ser patrimonio del municipio\u201d, manifest\u00f3.<br \/>\n\u00a0\u00a0 Por lo pronto, el Departamento Ejecutivo elev\u00f3 hoy un proyecto de Ordenanza para que el Concejo Deliberante lo autorice a comprar el edificio.<br \/>\n\u00a0\u00a0 El delegado Daniel Olgiati recibi\u00f3 la noticia con mucho benepl\u00e1cito y celebr\u00f3 la posibilidad de recuperar el inmueble para la comunidad.<br \/>\n\u00a0\u00a0 \u201cSaldungaray estaba esperando una noticia como esta, m\u00e1s sabiendo el empe\u00f1o puesto por el intendente municipal en la gesti\u00f3n. Sab\u00edamos que ten\u00edamos que esperar por falta de recursos. Pero el intendente trabaj\u00f3 en eso y gracias a Dios recibimos la muy buena noticia. Mar\u00eda Auxiliadora genera sentimientos en much\u00edsima gente del pueblo y varias generaciones. Est\u00e1 entre lo m\u00e1s sagrado que tenemos\u201d, reconoci\u00f3.<br \/>\n<span style=\"font-size: xx-large;\">\u00a0<\/span><\/p>\n","protected":false},"excerpt":{"rendered":"<p>\u00a0 \u00a0 [audio:http:\/\/www.tvcnoticias.com.ar\/wp-content\/uploads\/2013\/01\/SALDUNGARAY-NORMA-DE-LARENA.mp3|titles=SALDUNGARAY NORMA DE LARENA] \ufeff[audio:http:\/\/www.tvcnoticias.com.ar\/wp-content\/uploads\/2013\/01\/SALDUNGARAY-DELEGADO-MUNICIPAL.mp3|titles=SALDUNGARAY DELEGADO MUNICIPAL] [audio:http:\/\/www.tvcnoticias.com.ar\/wp-content\/uploads\/2013\/01\/SALDUNGARAY-INTENDENTE-TRANKELS.mp3|titles=SALDUNGARAY INTENDENTE TRANKELS] Una buena noticia para la comunidad de Saldungaray \u00a0Durante una reuni\u00f3n que cont\u00f3 con la presencia de vecinos de la localidad, el intendente municipal, licenciado Gustavo Trankels, reconoci\u00f3 que se concretaron importantes avances en las gestiones tendientes a adquirir el edificio de la [&hellip;]<\/p>\n","protected":false},"author":1,"featured_media":0,"comment_status":"closed","ping_status":"open","sticky":false,"template":"","format":"standard","meta":{"footnotes":""},"categories":[51,52,53],"tags":[],"class_list":["post-9896","post","type-post","status-publish","format-standard","hentry","category-comunidad","category-destacadas","category-politica"],"yoast_head":"<!-- This site is optimized with the Yoast SEO plugin v19.7.1 - https:\/\/yoast.com\/wordpress\/plugins\/seo\/ -->\n<title>LA CASA DE MARIA AUXILIADORA DE SALDUNGARAY SERA ADQUIRIDA PARA CREAR UN CENTRO DE CAPACITACION (Fotos y audios, proximamente videos) - CELTTV<\/title>\n<meta name=\"description\" content=\"Sitio web de noticias de la localidad de Tornquist, provincia de Buenos Aires, Rep\u00fablica Argentina. Contenido propio originado por periodistas de CELTTV, el canal de TV local de la Cooperativa El\u00e9ctrica de Tornquist. Turismo, Pol\u00edtica, Sociedad, Deporte, Cultura y todo el contenido de inter\u00e9s general que la gente del pueblo y la regi\u00f3n debe conocer.\" \/>\n<meta name=\"robots\" content=\"index, follow, max-snippet:-1, max-image-preview:large, max-video-preview:-1\" \/>\n<link rel=\"canonical\" href=\"https:\/\/www.celttv.com.ar\/index.php\/2013\/01\/31\/la-casa-de-maria-auxiliadora-de-saldungaray-sera-adquirida-para-crear-un-centro-de-capacitacion-fotos-y-audios-proximamente-videos\/\" \/>\n<meta property=\"og:locale\" content=\"es_ES\" \/>\n<meta property=\"og:type\" content=\"article\" \/>\n<meta property=\"og:title\" content=\"LA CASA DE MARIA AUXILIADORA DE SALDUNGARAY SERA ADQUIRIDA PARA CREAR UN CENTRO DE CAPACITACION (Fotos y audios, proximamente videos) - CELTTV\" \/>\n<meta property=\"og:description\" content=\"Sitio web de noticias de la localidad de Tornquist, provincia de Buenos Aires, Rep\u00fablica Argentina. Contenido propio originado por periodistas de CELTTV, el canal de TV local de la Cooperativa El\u00e9ctrica de Tornquist. Turismo, Pol\u00edtica, Sociedad, Deporte, Cultura y todo el contenido de inter\u00e9s general que la gente del pueblo y la regi\u00f3n debe conocer.\" \/>\n<meta property=\"og:url\" content=\"https:\/\/www.celttv.com.ar\/index.php\/2013\/01\/31\/la-casa-de-maria-auxiliadora-de-saldungaray-sera-adquirida-para-crear-un-centro-de-capacitacion-fotos-y-audios-proximamente-videos\/\" \/>\n<meta property=\"og:site_name\" content=\"CELTTV\" \/>\n<meta property=\"article:publisher\" content=\"https:\/\/www.facebook.com\/celtTV\/\" \/>\n<meta property=\"article:published_time\" content=\"2013-01-31T12:03:10+00:00\" \/>\n<meta name=\"author\" content=\"ulises\" \/>\n<meta name=\"twitter:card\" content=\"summary_large_image\" \/>\n<meta name=\"twitter:label1\" content=\"Escrito por\" \/>\n\t<meta name=\"twitter:data1\" content=\"ulises\" \/>\n\t<meta name=\"twitter:label2\" content=\"Tiempo de lectura\" \/>\n\t<meta name=\"twitter:data2\" content=\"2 minutos\" \/>\n<script type=\"application\/ld+json\" class=\"yoast-schema-graph\">{\"@context\":\"https:\/\/schema.org\",\"@graph\":[{\"@type\":\"NewsArticle\",\"@id\":\"https:\/\/www.celttv.com.ar\/index.php\/2013\/01\/31\/la-casa-de-maria-auxiliadora-de-saldungaray-sera-adquirida-para-crear-un-centro-de-capacitacion-fotos-y-audios-proximamente-videos\/#article\",\"isPartOf\":{\"@id\":\"https:\/\/www.celttv.com.ar\/index.php\/2013\/01\/31\/la-casa-de-maria-auxiliadora-de-saldungaray-sera-adquirida-para-crear-un-centro-de-capacitacion-fotos-y-audios-proximamente-videos\/\"},\"author\":{\"name\":\"ulises\",\"@id\":\"https:\/\/www.celttv.com.ar\/#\/schema\/person\/6d99c072dba59953809c81446e9d0ace\"},\"headline\":\"LA CASA DE MARIA AUXILIADORA DE SALDUNGARAY SERA ADQUIRIDA PARA CREAR UN CENTRO DE CAPACITACION (Fotos y audios, proximamente videos)\",\"datePublished\":\"2013-01-31T12:03:10+00:00\",\"dateModified\":\"2013-01-31T12:03:10+00:00\",\"mainEntityOfPage\":{\"@id\":\"https:\/\/www.celttv.com.ar\/index.php\/2013\/01\/31\/la-casa-de-maria-auxiliadora-de-saldungaray-sera-adquirida-para-crear-un-centro-de-capacitacion-fotos-y-audios-proximamente-videos\/\"},\"wordCount\":511,\"publisher\":{\"@id\":\"https:\/\/www.celttv.com.ar\/#organization\"},\"articleSection\":[\"Comunidad\",\"Destacadas\",\"Pol\u00edtica\"],\"inLanguage\":\"es\"},{\"@type\":\"WebPage\",\"@id\":\"https:\/\/www.celttv.com.ar\/index.php\/2013\/01\/31\/la-casa-de-maria-auxiliadora-de-saldungaray-sera-adquirida-para-crear-un-centro-de-capacitacion-fotos-y-audios-proximamente-videos\/\",\"url\":\"https:\/\/www.celttv.com.ar\/index.php\/2013\/01\/31\/la-casa-de-maria-auxiliadora-de-saldungaray-sera-adquirida-para-crear-un-centro-de-capacitacion-fotos-y-audios-proximamente-videos\/\",\"name\":\"LA CASA DE MARIA AUXILIADORA DE SALDUNGARAY SERA ADQUIRIDA PARA CREAR UN CENTRO DE CAPACITACION (Fotos y audios, proximamente videos) - CELTTV\",\"isPartOf\":{\"@id\":\"https:\/\/www.celttv.com.ar\/#website\"},\"datePublished\":\"2013-01-31T12:03:10+00:00\",\"dateModified\":\"2013-01-31T12:03:10+00:00\",\"description\":\"Sitio web de noticias de la localidad de Tornquist, provincia de Buenos Aires, Rep\u00fablica Argentina. Contenido propio originado por periodistas de CELTTV, el canal de TV local de la Cooperativa El\u00e9ctrica de Tornquist. Turismo, Pol\u00edtica, Sociedad, Deporte, Cultura y todo el contenido de inter\u00e9s general que la gente del pueblo y la regi\u00f3n debe conocer.\",\"breadcrumb\":{\"@id\":\"https:\/\/www.celttv.com.ar\/index.php\/2013\/01\/31\/la-casa-de-maria-auxiliadora-de-saldungaray-sera-adquirida-para-crear-un-centro-de-capacitacion-fotos-y-audios-proximamente-videos\/#breadcrumb\"},\"inLanguage\":\"es\",\"potentialAction\":[{\"@type\":\"ReadAction\",\"target\":[\"https:\/\/www.celttv.com.ar\/index.php\/2013\/01\/31\/la-casa-de-maria-auxiliadora-de-saldungaray-sera-adquirida-para-crear-un-centro-de-capacitacion-fotos-y-audios-proximamente-videos\/\"]}]},{\"@type\":\"BreadcrumbList\",\"@id\":\"https:\/\/www.celttv.com.ar\/index.php\/2013\/01\/31\/la-casa-de-maria-auxiliadora-de-saldungaray-sera-adquirida-para-crear-un-centro-de-capacitacion-fotos-y-audios-proximamente-videos\/#breadcrumb\",\"itemListElement\":[{\"@type\":\"ListItem\",\"position\":1,\"name\":\"Inicio\",\"item\":\"https:\/\/www.celttv.com.ar\/\"},{\"@type\":\"ListItem\",\"position\":2,\"name\":\"LA CASA DE MARIA AUXILIADORA DE SALDUNGARAY SERA ADQUIRIDA PARA CREAR UN CENTRO DE CAPACITACION (Fotos y audios, proximamente videos)\"}]},{\"@type\":\"WebSite\",\"@id\":\"https:\/\/www.celttv.com.ar\/#website\",\"url\":\"https:\/\/www.celttv.com.ar\/\",\"name\":\"CELTTV\",\"description\":\"Cooperativa El\u00e9ctrica de Tornquist\",\"publisher\":{\"@id\":\"https:\/\/www.celttv.com.ar\/#organization\"},\"potentialAction\":[{\"@type\":\"SearchAction\",\"target\":{\"@type\":\"EntryPoint\",\"urlTemplate\":\"https:\/\/www.celttv.com.ar\/?s={search_term_string}\"},\"query-input\":\"required name=search_term_string\"}],\"inLanguage\":\"es\"},{\"@type\":\"Organization\",\"@id\":\"https:\/\/www.celttv.com.ar\/#organization\",\"name\":\"CELTTV\",\"url\":\"https:\/\/www.celttv.com.ar\/\",\"sameAs\":[\"https:\/\/www.youtube.com\/channel\/UCz_oIt8Hig64Ub-EmcNPIhg\",\"https:\/\/www.facebook.com\/celtTV\/\"],\"logo\":{\"@type\":\"ImageObject\",\"inLanguage\":\"es\",\"@id\":\"https:\/\/www.celttv.com.ar\/#\/schema\/logo\/image\/\",\"url\":\"http:\/\/www.celttv.com.ar\/wp-content\/uploads\/2022\/08\/logo-1.png\",\"contentUrl\":\"http:\/\/www.celttv.com.ar\/wp-content\/uploads\/2022\/08\/logo-1.png\",\"width\":461,\"height\":159,\"caption\":\"CELTTV\"},\"image\":{\"@id\":\"https:\/\/www.celttv.com.ar\/#\/schema\/logo\/image\/\"}},{\"@type\":\"Person\",\"@id\":\"https:\/\/www.celttv.com.ar\/#\/schema\/person\/6d99c072dba59953809c81446e9d0ace\",\"name\":\"ulises\",\"image\":{\"@type\":\"ImageObject\",\"inLanguage\":\"es\",\"@id\":\"https:\/\/www.celttv.com.ar\/#\/schema\/person\/image\/\",\"url\":\"https:\/\/secure.gravatar.com\/avatar\/7f2c48bdc33b30088f941fb6082e555f2874c98e20cb159d7b92b50eadfce793?s=96&d=mm&r=g\",\"contentUrl\":\"https:\/\/secure.gravatar.com\/avatar\/7f2c48bdc33b30088f941fb6082e555f2874c98e20cb159d7b92b50eadfce793?s=96&d=mm&r=g\",\"caption\":\"ulises\"},\"sameAs\":[\"http:\/\/www.celttv.com.ar\"]}]}<\/script>\n<!-- \/ Yoast SEO plugin. -->","yoast_head_json":{"title":"LA CASA DE MARIA AUXILIADORA DE SALDUNGARAY SERA ADQUIRIDA PARA CREAR UN CENTRO DE CAPACITACION (Fotos y audios, proximamente videos) - CELTTV","description":"Sitio web de noticias de la localidad de Tornquist, provincia de Buenos Aires, Rep\u00fablica Argentina. Contenido propio originado por periodistas de CELTTV, el canal de TV local de la Cooperativa El\u00e9ctrica de Tornquist. Turismo, Pol\u00edtica, Sociedad, Deporte, Cultura y todo el contenido de inter\u00e9s general que la gente del pueblo y la regi\u00f3n debe conocer.","robots":{"index":"index","follow":"follow","max-snippet":"max-snippet:-1","max-image-preview":"max-image-preview:large","max-video-preview":"max-video-preview:-1"},"canonical":"https:\/\/www.celttv.com.ar\/index.php\/2013\/01\/31\/la-casa-de-maria-auxiliadora-de-saldungaray-sera-adquirida-para-crear-un-centro-de-capacitacion-fotos-y-audios-proximamente-videos\/","og_locale":"es_ES","og_type":"article","og_title":"LA CASA DE MARIA AUXILIADORA DE SALDUNGARAY SERA ADQUIRIDA PARA CREAR UN CENTRO DE CAPACITACION (Fotos y audios, proximamente videos) - CELTTV","og_description":"Sitio web de noticias de la localidad de Tornquist, provincia de Buenos Aires, Rep\u00fablica Argentina. Contenido propio originado por periodistas de CELTTV, el canal de TV local de la Cooperativa El\u00e9ctrica de Tornquist. Turismo, Pol\u00edtica, Sociedad, Deporte, Cultura y todo el contenido de inter\u00e9s general que la gente del pueblo y la regi\u00f3n debe conocer.","og_url":"https:\/\/www.celttv.com.ar\/index.php\/2013\/01\/31\/la-casa-de-maria-auxiliadora-de-saldungaray-sera-adquirida-para-crear-un-centro-de-capacitacion-fotos-y-audios-proximamente-videos\/","og_site_name":"CELTTV","article_publisher":"https:\/\/www.facebook.com\/celtTV\/","article_published_time":"2013-01-31T12:03:10+00:00","author":"ulises","twitter_card":"summary_large_image","twitter_misc":{"Escrito por":"ulises","Tiempo de lectura":"2 minutos"},"schema":{"@context":"https:\/\/schema.org","@graph":[{"@type":"NewsArticle","@id":"https:\/\/www.celttv.com.ar\/index.php\/2013\/01\/31\/la-casa-de-maria-auxiliadora-de-saldungaray-sera-adquirida-para-crear-un-centro-de-capacitacion-fotos-y-audios-proximamente-videos\/#article","isPartOf":{"@id":"https:\/\/www.celttv.com.ar\/index.php\/2013\/01\/31\/la-casa-de-maria-auxiliadora-de-saldungaray-sera-adquirida-para-crear-un-centro-de-capacitacion-fotos-y-audios-proximamente-videos\/"},"author":{"name":"ulises","@id":"https:\/\/www.celttv.com.ar\/#\/schema\/person\/6d99c072dba59953809c81446e9d0ace"},"headline":"LA CASA DE MARIA AUXILIADORA DE SALDUNGARAY SERA ADQUIRIDA PARA CREAR UN CENTRO DE CAPACITACION (Fotos y audios, proximamente videos)","datePublished":"2013-01-31T12:03:10+00:00","dateModified":"2013-01-31T12:03:10+00:00","mainEntityOfPage":{"@id":"https:\/\/www.celttv.com.ar\/index.php\/2013\/01\/31\/la-casa-de-maria-auxiliadora-de-saldungaray-sera-adquirida-para-crear-un-centro-de-capacitacion-fotos-y-audios-proximamente-videos\/"},"wordCount":511,"publisher":{"@id":"https:\/\/www.celttv.com.ar\/#organization"},"articleSection":["Comunidad","Destacadas","Pol\u00edtica"],"inLanguage":"es"},{"@type":"WebPage","@id":"https:\/\/www.celttv.com.ar\/index.php\/2013\/01\/31\/la-casa-de-maria-auxiliadora-de-saldungaray-sera-adquirida-para-crear-un-centro-de-capacitacion-fotos-y-audios-proximamente-videos\/","url":"https:\/\/www.celttv.com.ar\/index.php\/2013\/01\/31\/la-casa-de-maria-auxiliadora-de-saldungaray-sera-adquirida-para-crear-un-centro-de-capacitacion-fotos-y-audios-proximamente-videos\/","name":"LA CASA DE MARIA AUXILIADORA DE SALDUNGARAY SERA ADQUIRIDA PARA CREAR UN CENTRO DE CAPACITACION (Fotos y audios, proximamente videos) - CELTTV","isPartOf":{"@id":"https:\/\/www.celttv.com.ar\/#website"},"datePublished":"2013-01-31T12:03:10+00:00","dateModified":"2013-01-31T12:03:10+00:00","description":"Sitio web de noticias de la localidad de Tornquist, provincia de Buenos Aires, Rep\u00fablica Argentina. Contenido propio originado por periodistas de CELTTV, el canal de TV local de la Cooperativa El\u00e9ctrica de Tornquist. Turismo, Pol\u00edtica, Sociedad, Deporte, Cultura y todo el contenido de inter\u00e9s general que la gente del pueblo y la regi\u00f3n debe conocer.","breadcrumb":{"@id":"https:\/\/www.celttv.com.ar\/index.php\/2013\/01\/31\/la-casa-de-maria-auxiliadora-de-saldungaray-sera-adquirida-para-crear-un-centro-de-capacitacion-fotos-y-audios-proximamente-videos\/#breadcrumb"},"inLanguage":"es","potentialAction":[{"@type":"ReadAction","target":["https:\/\/www.celttv.com.ar\/index.php\/2013\/01\/31\/la-casa-de-maria-auxiliadora-de-saldungaray-sera-adquirida-para-crear-un-centro-de-capacitacion-fotos-y-audios-proximamente-videos\/"]}]},{"@type":"BreadcrumbList","@id":"https:\/\/www.celttv.com.ar\/index.php\/2013\/01\/31\/la-casa-de-maria-auxiliadora-de-saldungaray-sera-adquirida-para-crear-un-centro-de-capacitacion-fotos-y-audios-proximamente-videos\/#breadcrumb","itemListElement":[{"@type":"ListItem","position":1,"name":"Inicio","item":"https:\/\/www.celttv.com.ar\/"},{"@type":"ListItem","position":2,"name":"LA CASA DE MARIA AUXILIADORA DE SALDUNGARAY SERA ADQUIRIDA PARA CREAR UN CENTRO DE CAPACITACION (Fotos y audios, proximamente videos)"}]},{"@type":"WebSite","@id":"https:\/\/www.celttv.com.ar\/#website","url":"https:\/\/www.celttv.com.ar\/","name":"CELTTV","description":"Cooperativa El\u00e9ctrica de Tornquist","publisher":{"@id":"https:\/\/www.celttv.com.ar\/#organization"},"potentialAction":[{"@type":"SearchAction","target":{"@type":"EntryPoint","urlTemplate":"https:\/\/www.celttv.com.ar\/?s={search_term_string}"},"query-input":"required name=search_term_string"}],"inLanguage":"es"},{"@type":"Organization","@id":"https:\/\/www.celttv.com.ar\/#organization","name":"CELTTV","url":"https:\/\/www.celttv.com.ar\/","sameAs":["https:\/\/www.youtube.com\/channel\/UCz_oIt8Hig64Ub-EmcNPIhg","https:\/\/www.facebook.com\/celtTV\/"],"logo":{"@type":"ImageObject","inLanguage":"es","@id":"https:\/\/www.celttv.com.ar\/#\/schema\/logo\/image\/","url":"http:\/\/www.celttv.com.ar\/wp-content\/uploads\/2022\/08\/logo-1.png","contentUrl":"http:\/\/www.celttv.com.ar\/wp-content\/uploads\/2022\/08\/logo-1.png","width":461,"height":159,"caption":"CELTTV"},"image":{"@id":"https:\/\/www.celttv.com.ar\/#\/schema\/logo\/image\/"}},{"@type":"Person","@id":"https:\/\/www.celttv.com.ar\/#\/schema\/person\/6d99c072dba59953809c81446e9d0ace","name":"ulises","image":{"@type":"ImageObject","inLanguage":"es","@id":"https:\/\/www.celttv.com.ar\/#\/schema\/person\/image\/","url":"https:\/\/secure.gravatar.com\/avatar\/7f2c48bdc33b30088f941fb6082e555f2874c98e20cb159d7b92b50eadfce793?s=96&d=mm&r=g","contentUrl":"https:\/\/secure.gravatar.com\/avatar\/7f2c48bdc33b30088f941fb6082e555f2874c98e20cb159d7b92b50eadfce793?s=96&d=mm&r=g","caption":"ulises"},"sameAs":["http:\/\/www.celttv.com.ar"]}]}},"_links":{"self":[{"href":"https:\/\/www.celttv.com.ar\/index.php\/wp-json\/wp\/v2\/posts\/9896","targetHints":{"allow":["GET"]}}],"collection":[{"href":"https:\/\/www.celttv.com.ar\/index.php\/wp-json\/wp\/v2\/posts"}],"about":[{"href":"https:\/\/www.celttv.com.ar\/index.php\/wp-json\/wp\/v2\/types\/post"}],"author":[{"embeddable":true,"href":"https:\/\/www.celttv.com.ar\/index.php\/wp-json\/wp\/v2\/users\/1"}],"replies":[{"embeddable":true,"href":"https:\/\/www.celttv.com.ar\/index.php\/wp-json\/wp\/v2\/comments?post=9896"}],"version-history":[{"count":0,"href":"https:\/\/www.celttv.com.ar\/index.php\/wp-json\/wp\/v2\/posts\/9896\/revisions"}],"wp:attachment":[{"href":"https:\/\/www.celttv.com.ar\/index.php\/wp-json\/wp\/v2\/media?parent=9896"}],"wp:term":[{"taxonomy":"category","embeddable":true,"href":"https:\/\/www.celttv.com.ar\/index.php\/wp-json\/wp\/v2\/categories?post=9896"},{"taxonomy":"post_tag","embeddable":true,"href":"https:\/\/www.celttv.com.ar\/index.php\/wp-json\/wp\/v2\/tags?post=9896"}],"curies":[{"name":"wp","href":"https:\/\/api.w.org\/{rel}","templated":true}]}}