{"id":9988,"date":"2013-02-12T23:33:43","date_gmt":"2013-02-12T23:33:43","guid":{"rendered":"http:\/\/www.tvcnoticias.com.ar\/?p=9988"},"modified":"2013-02-12T23:33:43","modified_gmt":"2013-02-12T23:33:43","slug":"sergio-martinez-el-nuevo-dt-de-union-habla-de-su-designacion-nota-que-incluye-el-presidente-de-union","status":"publish","type":"post","link":"https:\/\/www.celttv.com.ar\/index.php\/2013\/02\/12\/sergio-martinez-el-nuevo-dt-de-union-habla-de-su-designacion-nota-que-incluye-el-presidente-de-union\/","title":{"rendered":"SERGIO MARTINEZ, EL NUEVO DT. DE UNION HABLA DE SU DESIGNACION (Nota que incluye el presidente de Uni\u00f3n)"},"content":{"rendered":"<p><a href=\"http:\/\/www.youtube.com\/watch?v=U_ubxTy2W7k\">httpv:\/\/www.youtube.com\/watch?v=U_ubxTy2W7k<\/a><br \/>\n<a href=\"http:\/\/www.youtube.com\/watch?v=jkD_BRYoSfE\">httpv:\/\/www.youtube.com\/watch?v=jkD_BRYoSfE<\/a><br \/>\nSergio Martinez es el nuevo director t\u00e9cnico del Club Uni\u00f3n de Tornquist y dialog\u00f3 con este medio junto al presidente de la entidad verde Jorge Marcolini, quien explic\u00f3 los trazos gruesos de la filosof\u00eda a emplear por la instituci\u00f3n para ingresar en una nueva temporada liguista que daria comienzo a mediados del mes de marzo.<\/p>\n","protected":false},"excerpt":{"rendered":"<p>httpv:\/\/www.youtube.com\/watch?v=U_ubxTy2W7k httpv:\/\/www.youtube.com\/watch?v=jkD_BRYoSfE Sergio Martinez es el nuevo director t\u00e9cnico del Club Uni\u00f3n de Tornquist y dialog\u00f3 con este medio junto al presidente de la entidad verde Jorge Marcolini, quien explic\u00f3 los trazos gruesos de la filosof\u00eda a emplear por la instituci\u00f3n para ingresar en una nueva temporada liguista que daria comienzo a mediados del mes [&hellip;]<\/p>\n","protected":false},"author":1,"featured_media":0,"comment_status":"closed","ping_status":"open","sticky":false,"template":"","format":"standard","meta":{"footnotes":""},"categories":[51,60,52,64],"tags":[],"class_list":["post-9988","post","type-post","status-publish","format-standard","hentry","category-comunidad","category-deporte","category-destacadas","category-videos-destacados"],"yoast_head":"<!-- This site is optimized with the Yoast SEO plugin v19.7.1 - https:\/\/yoast.com\/wordpress\/plugins\/seo\/ -->\n<title>SERGIO MARTINEZ, EL NUEVO DT. DE UNION HABLA DE SU DESIGNACION (Nota que incluye el presidente de Uni\u00f3n) - CELTTV<\/title>\n<meta name=\"description\" content=\"Sitio web de noticias de la localidad de Tornquist, provincia de Buenos Aires, Rep\u00fablica Argentina. Contenido propio originado por periodistas de CELTTV, el canal de TV local de la Cooperativa El\u00e9ctrica de Tornquist. Turismo, Pol\u00edtica, Sociedad, Deporte, Cultura y todo el contenido de inter\u00e9s general que la gente del pueblo y la regi\u00f3n debe conocer.\" \/>\n<meta name=\"robots\" content=\"index, follow, max-snippet:-1, max-image-preview:large, max-video-preview:-1\" \/>\n<link rel=\"canonical\" href=\"https:\/\/www.celttv.com.ar\/index.php\/2013\/02\/12\/sergio-martinez-el-nuevo-dt-de-union-habla-de-su-designacion-nota-que-incluye-el-presidente-de-union\/\" \/>\n<meta property=\"og:locale\" content=\"es_ES\" \/>\n<meta property=\"og:type\" content=\"article\" \/>\n<meta property=\"og:title\" content=\"SERGIO MARTINEZ, EL NUEVO DT. DE UNION HABLA DE SU DESIGNACION (Nota que incluye el presidente de Uni\u00f3n) - CELTTV\" \/>\n<meta property=\"og:description\" content=\"Sitio web de noticias de la localidad de Tornquist, provincia de Buenos Aires, Rep\u00fablica Argentina. Contenido propio originado por periodistas de CELTTV, el canal de TV local de la Cooperativa El\u00e9ctrica de Tornquist. Turismo, Pol\u00edtica, Sociedad, Deporte, Cultura y todo el contenido de inter\u00e9s general que la gente del pueblo y la regi\u00f3n debe conocer.\" \/>\n<meta property=\"og:url\" content=\"https:\/\/www.celttv.com.ar\/index.php\/2013\/02\/12\/sergio-martinez-el-nuevo-dt-de-union-habla-de-su-designacion-nota-que-incluye-el-presidente-de-union\/\" \/>\n<meta property=\"og:site_name\" content=\"CELTTV\" \/>\n<meta property=\"article:publisher\" content=\"https:\/\/www.facebook.com\/celtTV\/\" \/>\n<meta property=\"article:published_time\" content=\"2013-02-12T23:33:43+00:00\" \/>\n<meta name=\"author\" content=\"ulises\" \/>\n<meta name=\"twitter:card\" content=\"summary_large_image\" \/>\n<meta name=\"twitter:label1\" content=\"Escrito por\" \/>\n\t<meta name=\"twitter:data1\" content=\"ulises\" \/>\n<script type=\"application\/ld+json\" class=\"yoast-schema-graph\">{\"@context\":\"https:\/\/schema.org\",\"@graph\":[{\"@type\":\"NewsArticle\",\"@id\":\"https:\/\/www.celttv.com.ar\/index.php\/2013\/02\/12\/sergio-martinez-el-nuevo-dt-de-union-habla-de-su-designacion-nota-que-incluye-el-presidente-de-union\/#article\",\"isPartOf\":{\"@id\":\"https:\/\/www.celttv.com.ar\/index.php\/2013\/02\/12\/sergio-martinez-el-nuevo-dt-de-union-habla-de-su-designacion-nota-que-incluye-el-presidente-de-union\/\"},\"author\":{\"name\":\"ulises\",\"@id\":\"https:\/\/www.celttv.com.ar\/#\/schema\/person\/6d99c072dba59953809c81446e9d0ace\"},\"headline\":\"SERGIO MARTINEZ, EL NUEVO DT. DE UNION HABLA DE SU DESIGNACION (Nota que incluye el presidente de Uni\u00f3n)\",\"datePublished\":\"2013-02-12T23:33:43+00:00\",\"dateModified\":\"2013-02-12T23:33:43+00:00\",\"mainEntityOfPage\":{\"@id\":\"https:\/\/www.celttv.com.ar\/index.php\/2013\/02\/12\/sergio-martinez-el-nuevo-dt-de-union-habla-de-su-designacion-nota-que-incluye-el-presidente-de-union\/\"},\"wordCount\":96,\"publisher\":{\"@id\":\"https:\/\/www.celttv.com.ar\/#organization\"},\"articleSection\":[\"Comunidad\",\"Deporte\",\"Destacadas\",\"Videos Destacados\"],\"inLanguage\":\"es\"},{\"@type\":\"WebPage\",\"@id\":\"https:\/\/www.celttv.com.ar\/index.php\/2013\/02\/12\/sergio-martinez-el-nuevo-dt-de-union-habla-de-su-designacion-nota-que-incluye-el-presidente-de-union\/\",\"url\":\"https:\/\/www.celttv.com.ar\/index.php\/2013\/02\/12\/sergio-martinez-el-nuevo-dt-de-union-habla-de-su-designacion-nota-que-incluye-el-presidente-de-union\/\",\"name\":\"SERGIO MARTINEZ, EL NUEVO DT. DE UNION HABLA DE SU DESIGNACION (Nota que incluye el presidente de Uni\u00f3n) - CELTTV\",\"isPartOf\":{\"@id\":\"https:\/\/www.celttv.com.ar\/#website\"},\"datePublished\":\"2013-02-12T23:33:43+00:00\",\"dateModified\":\"2013-02-12T23:33:43+00:00\",\"description\":\"Sitio web de noticias de la localidad de Tornquist, provincia de Buenos Aires, Rep\u00fablica Argentina. Contenido propio originado por periodistas de CELTTV, el canal de TV local de la Cooperativa El\u00e9ctrica de Tornquist. Turismo, Pol\u00edtica, Sociedad, Deporte, Cultura y todo el contenido de inter\u00e9s general que la gente del pueblo y la regi\u00f3n debe conocer.\",\"breadcrumb\":{\"@id\":\"https:\/\/www.celttv.com.ar\/index.php\/2013\/02\/12\/sergio-martinez-el-nuevo-dt-de-union-habla-de-su-designacion-nota-que-incluye-el-presidente-de-union\/#breadcrumb\"},\"inLanguage\":\"es\",\"potentialAction\":[{\"@type\":\"ReadAction\",\"target\":[\"https:\/\/www.celttv.com.ar\/index.php\/2013\/02\/12\/sergio-martinez-el-nuevo-dt-de-union-habla-de-su-designacion-nota-que-incluye-el-presidente-de-union\/\"]}]},{\"@type\":\"BreadcrumbList\",\"@id\":\"https:\/\/www.celttv.com.ar\/index.php\/2013\/02\/12\/sergio-martinez-el-nuevo-dt-de-union-habla-de-su-designacion-nota-que-incluye-el-presidente-de-union\/#breadcrumb\",\"itemListElement\":[{\"@type\":\"ListItem\",\"position\":1,\"name\":\"Inicio\",\"item\":\"https:\/\/www.celttv.com.ar\/\"},{\"@type\":\"ListItem\",\"position\":2,\"name\":\"SERGIO MARTINEZ, EL NUEVO DT. DE UNION HABLA DE SU DESIGNACION (Nota que incluye el presidente de Uni\u00f3n)\"}]},{\"@type\":\"WebSite\",\"@id\":\"https:\/\/www.celttv.com.ar\/#website\",\"url\":\"https:\/\/www.celttv.com.ar\/\",\"name\":\"CELTTV\",\"description\":\"Cooperativa El\u00e9ctrica de Tornquist\",\"publisher\":{\"@id\":\"https:\/\/www.celttv.com.ar\/#organization\"},\"potentialAction\":[{\"@type\":\"SearchAction\",\"target\":{\"@type\":\"EntryPoint\",\"urlTemplate\":\"https:\/\/www.celttv.com.ar\/?s={search_term_string}\"},\"query-input\":\"required name=search_term_string\"}],\"inLanguage\":\"es\"},{\"@type\":\"Organization\",\"@id\":\"https:\/\/www.celttv.com.ar\/#organization\",\"name\":\"CELTTV\",\"url\":\"https:\/\/www.celttv.com.ar\/\",\"sameAs\":[\"https:\/\/www.youtube.com\/channel\/UCz_oIt8Hig64Ub-EmcNPIhg\",\"https:\/\/www.facebook.com\/celtTV\/\"],\"logo\":{\"@type\":\"ImageObject\",\"inLanguage\":\"es\",\"@id\":\"https:\/\/www.celttv.com.ar\/#\/schema\/logo\/image\/\",\"url\":\"http:\/\/www.celttv.com.ar\/wp-content\/uploads\/2022\/08\/logo-1.png\",\"contentUrl\":\"http:\/\/www.celttv.com.ar\/wp-content\/uploads\/2022\/08\/logo-1.png\",\"width\":461,\"height\":159,\"caption\":\"CELTTV\"},\"image\":{\"@id\":\"https:\/\/www.celttv.com.ar\/#\/schema\/logo\/image\/\"}},{\"@type\":\"Person\",\"@id\":\"https:\/\/www.celttv.com.ar\/#\/schema\/person\/6d99c072dba59953809c81446e9d0ace\",\"name\":\"ulises\",\"image\":{\"@type\":\"ImageObject\",\"inLanguage\":\"es\",\"@id\":\"https:\/\/www.celttv.com.ar\/#\/schema\/person\/image\/\",\"url\":\"https:\/\/secure.gravatar.com\/avatar\/7f2c48bdc33b30088f941fb6082e555f2874c98e20cb159d7b92b50eadfce793?s=96&d=mm&r=g\",\"contentUrl\":\"https:\/\/secure.gravatar.com\/avatar\/7f2c48bdc33b30088f941fb6082e555f2874c98e20cb159d7b92b50eadfce793?s=96&d=mm&r=g\",\"caption\":\"ulises\"},\"sameAs\":[\"http:\/\/www.celttv.com.ar\"]}]}<\/script>\n<!-- \/ Yoast SEO plugin. -->","yoast_head_json":{"title":"SERGIO MARTINEZ, EL NUEVO DT. DE UNION HABLA DE SU DESIGNACION (Nota que incluye el presidente de Uni\u00f3n) - CELTTV","description":"Sitio web de noticias de la localidad de Tornquist, provincia de Buenos Aires, Rep\u00fablica Argentina. Contenido propio originado por periodistas de CELTTV, el canal de TV local de la Cooperativa El\u00e9ctrica de Tornquist. Turismo, Pol\u00edtica, Sociedad, Deporte, Cultura y todo el contenido de inter\u00e9s general que la gente del pueblo y la regi\u00f3n debe conocer.","robots":{"index":"index","follow":"follow","max-snippet":"max-snippet:-1","max-image-preview":"max-image-preview:large","max-video-preview":"max-video-preview:-1"},"canonical":"https:\/\/www.celttv.com.ar\/index.php\/2013\/02\/12\/sergio-martinez-el-nuevo-dt-de-union-habla-de-su-designacion-nota-que-incluye-el-presidente-de-union\/","og_locale":"es_ES","og_type":"article","og_title":"SERGIO MARTINEZ, EL NUEVO DT. DE UNION HABLA DE SU DESIGNACION (Nota que incluye el presidente de Uni\u00f3n) - CELTTV","og_description":"Sitio web de noticias de la localidad de Tornquist, provincia de Buenos Aires, Rep\u00fablica Argentina. Contenido propio originado por periodistas de CELTTV, el canal de TV local de la Cooperativa El\u00e9ctrica de Tornquist. Turismo, Pol\u00edtica, Sociedad, Deporte, Cultura y todo el contenido de inter\u00e9s general que la gente del pueblo y la regi\u00f3n debe conocer.","og_url":"https:\/\/www.celttv.com.ar\/index.php\/2013\/02\/12\/sergio-martinez-el-nuevo-dt-de-union-habla-de-su-designacion-nota-que-incluye-el-presidente-de-union\/","og_site_name":"CELTTV","article_publisher":"https:\/\/www.facebook.com\/celtTV\/","article_published_time":"2013-02-12T23:33:43+00:00","author":"ulises","twitter_card":"summary_large_image","twitter_misc":{"Escrito por":"ulises"},"schema":{"@context":"https:\/\/schema.org","@graph":[{"@type":"NewsArticle","@id":"https:\/\/www.celttv.com.ar\/index.php\/2013\/02\/12\/sergio-martinez-el-nuevo-dt-de-union-habla-de-su-designacion-nota-que-incluye-el-presidente-de-union\/#article","isPartOf":{"@id":"https:\/\/www.celttv.com.ar\/index.php\/2013\/02\/12\/sergio-martinez-el-nuevo-dt-de-union-habla-de-su-designacion-nota-que-incluye-el-presidente-de-union\/"},"author":{"name":"ulises","@id":"https:\/\/www.celttv.com.ar\/#\/schema\/person\/6d99c072dba59953809c81446e9d0ace"},"headline":"SERGIO MARTINEZ, EL NUEVO DT. DE UNION HABLA DE SU DESIGNACION (Nota que incluye el presidente de Uni\u00f3n)","datePublished":"2013-02-12T23:33:43+00:00","dateModified":"2013-02-12T23:33:43+00:00","mainEntityOfPage":{"@id":"https:\/\/www.celttv.com.ar\/index.php\/2013\/02\/12\/sergio-martinez-el-nuevo-dt-de-union-habla-de-su-designacion-nota-que-incluye-el-presidente-de-union\/"},"wordCount":96,"publisher":{"@id":"https:\/\/www.celttv.com.ar\/#organization"},"articleSection":["Comunidad","Deporte","Destacadas","Videos Destacados"],"inLanguage":"es"},{"@type":"WebPage","@id":"https:\/\/www.celttv.com.ar\/index.php\/2013\/02\/12\/sergio-martinez-el-nuevo-dt-de-union-habla-de-su-designacion-nota-que-incluye-el-presidente-de-union\/","url":"https:\/\/www.celttv.com.ar\/index.php\/2013\/02\/12\/sergio-martinez-el-nuevo-dt-de-union-habla-de-su-designacion-nota-que-incluye-el-presidente-de-union\/","name":"SERGIO MARTINEZ, EL NUEVO DT. DE UNION HABLA DE SU DESIGNACION (Nota que incluye el presidente de Uni\u00f3n) - CELTTV","isPartOf":{"@id":"https:\/\/www.celttv.com.ar\/#website"},"datePublished":"2013-02-12T23:33:43+00:00","dateModified":"2013-02-12T23:33:43+00:00","description":"Sitio web de noticias de la localidad de Tornquist, provincia de Buenos Aires, Rep\u00fablica Argentina. Contenido propio originado por periodistas de CELTTV, el canal de TV local de la Cooperativa El\u00e9ctrica de Tornquist. Turismo, Pol\u00edtica, Sociedad, Deporte, Cultura y todo el contenido de inter\u00e9s general que la gente del pueblo y la regi\u00f3n debe conocer.","breadcrumb":{"@id":"https:\/\/www.celttv.com.ar\/index.php\/2013\/02\/12\/sergio-martinez-el-nuevo-dt-de-union-habla-de-su-designacion-nota-que-incluye-el-presidente-de-union\/#breadcrumb"},"inLanguage":"es","potentialAction":[{"@type":"ReadAction","target":["https:\/\/www.celttv.com.ar\/index.php\/2013\/02\/12\/sergio-martinez-el-nuevo-dt-de-union-habla-de-su-designacion-nota-que-incluye-el-presidente-de-union\/"]}]},{"@type":"BreadcrumbList","@id":"https:\/\/www.celttv.com.ar\/index.php\/2013\/02\/12\/sergio-martinez-el-nuevo-dt-de-union-habla-de-su-designacion-nota-que-incluye-el-presidente-de-union\/#breadcrumb","itemListElement":[{"@type":"ListItem","position":1,"name":"Inicio","item":"https:\/\/www.celttv.com.ar\/"},{"@type":"ListItem","position":2,"name":"SERGIO MARTINEZ, EL NUEVO DT. DE UNION HABLA DE SU DESIGNACION (Nota que incluye el presidente de Uni\u00f3n)"}]},{"@type":"WebSite","@id":"https:\/\/www.celttv.com.ar\/#website","url":"https:\/\/www.celttv.com.ar\/","name":"CELTTV","description":"Cooperativa El\u00e9ctrica de Tornquist","publisher":{"@id":"https:\/\/www.celttv.com.ar\/#organization"},"potentialAction":[{"@type":"SearchAction","target":{"@type":"EntryPoint","urlTemplate":"https:\/\/www.celttv.com.ar\/?s={search_term_string}"},"query-input":"required name=search_term_string"}],"inLanguage":"es"},{"@type":"Organization","@id":"https:\/\/www.celttv.com.ar\/#organization","name":"CELTTV","url":"https:\/\/www.celttv.com.ar\/","sameAs":["https:\/\/www.youtube.com\/channel\/UCz_oIt8Hig64Ub-EmcNPIhg","https:\/\/www.facebook.com\/celtTV\/"],"logo":{"@type":"ImageObject","inLanguage":"es","@id":"https:\/\/www.celttv.com.ar\/#\/schema\/logo\/image\/","url":"http:\/\/www.celttv.com.ar\/wp-content\/uploads\/2022\/08\/logo-1.png","contentUrl":"http:\/\/www.celttv.com.ar\/wp-content\/uploads\/2022\/08\/logo-1.png","width":461,"height":159,"caption":"CELTTV"},"image":{"@id":"https:\/\/www.celttv.com.ar\/#\/schema\/logo\/image\/"}},{"@type":"Person","@id":"https:\/\/www.celttv.com.ar\/#\/schema\/person\/6d99c072dba59953809c81446e9d0ace","name":"ulises","image":{"@type":"ImageObject","inLanguage":"es","@id":"https:\/\/www.celttv.com.ar\/#\/schema\/person\/image\/","url":"https:\/\/secure.gravatar.com\/avatar\/7f2c48bdc33b30088f941fb6082e555f2874c98e20cb159d7b92b50eadfce793?s=96&d=mm&r=g","contentUrl":"https:\/\/secure.gravatar.com\/avatar\/7f2c48bdc33b30088f941fb6082e555f2874c98e20cb159d7b92b50eadfce793?s=96&d=mm&r=g","caption":"ulises"},"sameAs":["http:\/\/www.celttv.com.ar"]}]}},"_links":{"self":[{"href":"https:\/\/www.celttv.com.ar\/index.php\/wp-json\/wp\/v2\/posts\/9988","targetHints":{"allow":["GET"]}}],"collection":[{"href":"https:\/\/www.celttv.com.ar\/index.php\/wp-json\/wp\/v2\/posts"}],"about":[{"href":"https:\/\/www.celttv.com.ar\/index.php\/wp-json\/wp\/v2\/types\/post"}],"author":[{"embeddable":true,"href":"https:\/\/www.celttv.com.ar\/index.php\/wp-json\/wp\/v2\/users\/1"}],"replies":[{"embeddable":true,"href":"https:\/\/www.celttv.com.ar\/index.php\/wp-json\/wp\/v2\/comments?post=9988"}],"version-history":[{"count":0,"href":"https:\/\/www.celttv.com.ar\/index.php\/wp-json\/wp\/v2\/posts\/9988\/revisions"}],"wp:attachment":[{"href":"https:\/\/www.celttv.com.ar\/index.php\/wp-json\/wp\/v2\/media?parent=9988"}],"wp:term":[{"taxonomy":"category","embeddable":true,"href":"https:\/\/www.celttv.com.ar\/index.php\/wp-json\/wp\/v2\/categories?post=9988"},{"taxonomy":"post_tag","embeddable":true,"href":"https:\/\/www.celttv.com.ar\/index.php\/wp-json\/wp\/v2\/tags?post=9988"}],"curies":[{"name":"wp","href":"https:\/\/api.w.org\/{rel}","templated":true}]}}