{"id":9992,"date":"2013-02-13T00:03:53","date_gmt":"2013-02-13T00:03:53","guid":{"rendered":"http:\/\/www.tvcnoticias.com.ar\/?p=9992"},"modified":"2013-02-13T00:03:53","modified_gmt":"2013-02-13T00:03:53","slug":"noches-de-carnaval-la-fiesta-de-todos-y-la-gran-respuesta-del-publico","status":"publish","type":"post","link":"https:\/\/www.celttv.com.ar\/index.php\/2013\/02\/13\/noches-de-carnaval-la-fiesta-de-todos-y-la-gran-respuesta-del-publico\/","title":{"rendered":"NOCHES DE CARNAVAL, LA FIESTA DE TODOS&#8230;Y LA GRAN RESPUESTA DEL PUBLICO ( Pr\u00f3ximamente videos)"},"content":{"rendered":"<p><a rel=\"attachment wp-att-9994\" href=\"http:\/\/www.tvcnoticias.com.ar\/?attachment_id=9994\"><img loading=\"lazy\" decoding=\"async\" class=\"aligncenter size-full wp-image-9994\" title=\"SAM_6508 (1280x960) (Small)\" src=\"http:\/\/www.tvcnoticias.com.ar\/wp-content\/uploads\/2013\/02\/SAM_6508-1280x960-Small.jpg\" alt=\"\" width=\"640\" height=\"480\" \/><\/a><br \/>\n<br \/>\nCon la actuaci\u00f3n de Fabio Gonz\u00e1lez, la elecci\u00f3n de la reina y la entrega de premios, se cerr\u00f3 en la madrugada de hoy la edici\u00f3n 2013 del Carnaval en la ciudad de Tornquist, que por primera vez se desarroll\u00f3 entre las calles Sarmiento y Ameghino (frente a la plaza) y cont\u00f3 con una muy buena respuesta de p\u00fablico.<br \/>\n\u00a0\u00a0 Acompa\u00f1ados por una noche espectacular desde el punto de vista clim\u00e1tico, los asistentes no se movieron hasta casi las 2 de la madrugada, cuando finaliz\u00f3 la siempre esperada actuaci\u00f3n del cantante local Fabio Gonz\u00e1lez, quien fiel a su estilo cautiv\u00f3 con su voz inconfundible.<br \/>\n\u00a0\u00a0 Uno de los momentos m\u00e1s emotivos de la noche que cerr\u00f3 los corsos, que fueron organizados por la Cooperadora del Hospital Municipal y la Municipalidad de Tornquist, result\u00f3 la elecci\u00f3n de la reina de la celebraci\u00f3n. El jurado conformado para la ocasi\u00f3n se inclin\u00f3 por Tamara Mart\u00edn, representante del Automoto Club Deportivo. Como escoltas quedaron Melina Carrizo (Escuela Folkl\u00f3rica Municipal) y Mar\u00eda Candelaria Laguna (Club Uni\u00f3n).<br \/>\n\u00a0\u00a0 La soberana fue coronada por el intendente municipal, licenciado Gustavo Trankels, quien estuvo acompa\u00f1ado por el secretario de Gobierno y Hacienda, Guillermo L\u00f6ffler; el secretario de Turismo, Cultura y Deportes, Rub\u00e9n Testa; la directora de Turismo, licenciada Yanina Torres; y el director de Producci\u00f3n y Medio Ambiente, V\u00edctor Ant\u00f3n.<br \/>\n\u00a0\u00a0 Adem\u00e1s, el jurado conformado por Alexis Mogia, Francisco Frizza, Manuela Figueroa, Mar\u00eda de los Angeles Daguerre y M\u00f3nica Dinunzio, determin\u00f3 las siguientes premiaciones:<br \/>\n&#8211;\u00a0\u00a0\u00a0\u00a0\u00a0\u00a0\u00a0\u00a0\u00a0 Disfraz individual menor: 1) La Vaca Local; 2) La Sarigueya; 3) El Dinosaurio; 4) El Payaso Colorin.<br \/>\n&#8211;\u00a0\u00a0\u00a0\u00a0\u00a0\u00a0\u00a0\u00a0\u00a0 Disfraz colectivo menor: 1) Shrek y Fiona; 2) La Bicicleta Loca; 3) Las Gatitas Lugilu y su amigo el Rat\u00f3n P\u00e9rez.<br \/>\n&#8211;\u00a0\u00a0\u00a0\u00a0\u00a0\u00a0\u00a0\u00a0\u00a0 Disfraz individual mayor: 1) \u00d1and\u00fa y el Paisano (compartido) y 2) El drag\u00f3n.<br \/>\n&#8211;\u00a0\u00a0\u00a0\u00a0\u00a0\u00a0\u00a0\u00a0\u00a0 Disfraz colectivo mayor: 1) Los Peques Serranos; 2) Endemoniadas.<br \/>\n&#8211;\u00a0\u00a0\u00a0\u00a0\u00a0\u00a0\u00a0\u00a0\u00a0 Carroza: 1) Almac\u00e9n de ramos generales (C\u00e1mara de Comercio).<br \/>\n&#8211;\u00a0\u00a0\u00a0\u00a0\u00a0\u00a0\u00a0\u00a0\u00a0 Murga: 1) Sonido Murguero.<br \/>\n&#8211;\u00a0\u00a0\u00a0\u00a0\u00a0\u00a0\u00a0\u00a0\u00a0 Premio especial disfraz reciclado: 1) El Inca reciclado; 2) El reciclado est\u00e1 de moda.<br \/>\n&#8211;\u00a0\u00a0\u00a0\u00a0\u00a0\u00a0\u00a0\u00a0\u00a0 Premio especial: Caperucita(Gardel)<br \/>\n\u00a0\u00a0 Una de las novedades de la edici\u00f3n 2013 fue la participaci\u00f3n de las instituciones, que por primera vez tuvieron la posibilidad de armar su propio stand gastron\u00f3mico, situaci\u00f3n que les permiti\u00f3 generar un ingreso para sus arcas.<br \/>\n\u00a0\u00a0 \u201cEstoy realmente muy feliz, porque m\u00e1s all\u00e1 de las distintas opiniones sobre el lugar, lo bueno siempre es la participaci\u00f3n de la comunidad. Lo importante es el marco de p\u00fablico y la participaci\u00f3n de las entidades, porque sin eso la organizaci\u00f3n no tendr\u00eda sentido\u201d, se\u00f1al\u00f3 el intendente Trankels.<br \/>\n\u00a0\u00a0 \u201cQuiero agradecer el compromiso de las instituciones y comerciantes que participaron, no s\u00f3lo en la organizaci\u00f3n o en los puestos gastron\u00f3micos, sino en presentar una reina, una carroza o un disfraz. Much\u00edsima gente puso su granito de arena para que esto sea una realidad, como las instituciones, comerciantes, vecinos, los empleados municipales, la Polic\u00eda Comunal, la gente de la Secretar\u00eda de Turismo, Cultura y Deportes, Servicios Urbanos y el Hospital Municipal, los jurados, los Bomberos Voluntarios y la Cooperativa Obrera. Eso es muy valedero y hay que destacarlo, al igual que el apoyo provincial y nacional, con aportes para que se puedan realizar este tipo de eventos en la ciudad cabecera, Sierra de la Ventana y Saldungaray\u201d, resalt\u00f3.<br \/>\n\u00a0\u00a0 Los chicos que entregaron los envases vac\u00edos de espuma tambi\u00e9n tuvieron su premio: fueron incluidos en un sorteo de importantes premios, entre ellos dos bicicletas, donados por la Cooperativa Obrera de Bah\u00eda Blanca.<br \/>\n\u00a0\u00a0 La jornada se complet\u00f3 con un show de fuegos artificiales y la cl\u00e1sica quema del Rey Momo.<\/p>\n","protected":false},"excerpt":{"rendered":"<p>Con la actuaci\u00f3n de Fabio Gonz\u00e1lez, la elecci\u00f3n de la reina y la entrega de premios, se cerr\u00f3 en la madrugada de hoy la edici\u00f3n 2013 del Carnaval en la ciudad de Tornquist, que por primera vez se desarroll\u00f3 entre las calles Sarmiento y Ameghino (frente a la plaza) y cont\u00f3 con una muy buena [&hellip;]<\/p>\n","protected":false},"author":1,"featured_media":0,"comment_status":"closed","ping_status":"open","sticky":false,"template":"","format":"standard","meta":{"footnotes":""},"categories":[51,52,56],"tags":[],"class_list":["post-9992","post","type-post","status-publish","format-standard","hentry","category-comunidad","category-destacadas","category-espectaculos"],"yoast_head":"<!-- This site is optimized with the Yoast SEO plugin v19.7.1 - https:\/\/yoast.com\/wordpress\/plugins\/seo\/ -->\n<title>NOCHES DE CARNAVAL, LA FIESTA DE TODOS...Y LA GRAN RESPUESTA DEL PUBLICO ( Pr\u00f3ximamente videos) - CELTTV<\/title>\n<meta name=\"description\" content=\"Sitio web de noticias de la localidad de Tornquist, provincia de Buenos Aires, Rep\u00fablica Argentina. Contenido propio originado por periodistas de CELTTV, el canal de TV local de la Cooperativa El\u00e9ctrica de Tornquist. Turismo, Pol\u00edtica, Sociedad, Deporte, Cultura y todo el contenido de inter\u00e9s general que la gente del pueblo y la regi\u00f3n debe conocer.\" \/>\n<meta name=\"robots\" content=\"index, follow, max-snippet:-1, max-image-preview:large, max-video-preview:-1\" \/>\n<link rel=\"canonical\" href=\"https:\/\/www.celttv.com.ar\/index.php\/2013\/02\/13\/noches-de-carnaval-la-fiesta-de-todos-y-la-gran-respuesta-del-publico\/\" \/>\n<meta property=\"og:locale\" content=\"es_ES\" \/>\n<meta property=\"og:type\" content=\"article\" \/>\n<meta property=\"og:title\" content=\"NOCHES DE CARNAVAL, LA FIESTA DE TODOS...Y LA GRAN RESPUESTA DEL PUBLICO ( Pr\u00f3ximamente videos) - CELTTV\" \/>\n<meta property=\"og:description\" content=\"Sitio web de noticias de la localidad de Tornquist, provincia de Buenos Aires, Rep\u00fablica Argentina. Contenido propio originado por periodistas de CELTTV, el canal de TV local de la Cooperativa El\u00e9ctrica de Tornquist. Turismo, Pol\u00edtica, Sociedad, Deporte, Cultura y todo el contenido de inter\u00e9s general que la gente del pueblo y la regi\u00f3n debe conocer.\" \/>\n<meta property=\"og:url\" content=\"https:\/\/www.celttv.com.ar\/index.php\/2013\/02\/13\/noches-de-carnaval-la-fiesta-de-todos-y-la-gran-respuesta-del-publico\/\" \/>\n<meta property=\"og:site_name\" content=\"CELTTV\" \/>\n<meta property=\"article:publisher\" content=\"https:\/\/www.facebook.com\/celtTV\/\" \/>\n<meta property=\"article:published_time\" content=\"2013-02-13T00:03:53+00:00\" \/>\n<meta property=\"og:image\" content=\"http:\/\/www.tvcnoticias.com.ar\/wp-content\/uploads\/2013\/02\/SAM_6508-1280x960-Small.jpg\" \/>\n<meta name=\"author\" content=\"ulises\" \/>\n<meta name=\"twitter:card\" content=\"summary_large_image\" \/>\n<meta name=\"twitter:label1\" content=\"Escrito por\" \/>\n\t<meta name=\"twitter:data1\" content=\"ulises\" \/>\n\t<meta name=\"twitter:label2\" content=\"Tiempo de lectura\" \/>\n\t<meta name=\"twitter:data2\" content=\"3 minutos\" \/>\n<script type=\"application\/ld+json\" class=\"yoast-schema-graph\">{\"@context\":\"https:\/\/schema.org\",\"@graph\":[{\"@type\":\"NewsArticle\",\"@id\":\"https:\/\/www.celttv.com.ar\/index.php\/2013\/02\/13\/noches-de-carnaval-la-fiesta-de-todos-y-la-gran-respuesta-del-publico\/#article\",\"isPartOf\":{\"@id\":\"https:\/\/www.celttv.com.ar\/index.php\/2013\/02\/13\/noches-de-carnaval-la-fiesta-de-todos-y-la-gran-respuesta-del-publico\/\"},\"author\":{\"name\":\"ulises\",\"@id\":\"https:\/\/www.celttv.com.ar\/#\/schema\/person\/6d99c072dba59953809c81446e9d0ace\"},\"headline\":\"NOCHES DE CARNAVAL, LA FIESTA DE TODOS&#8230;Y LA GRAN RESPUESTA DEL PUBLICO ( Pr\u00f3ximamente videos)\",\"datePublished\":\"2013-02-13T00:03:53+00:00\",\"dateModified\":\"2013-02-13T00:03:53+00:00\",\"mainEntityOfPage\":{\"@id\":\"https:\/\/www.celttv.com.ar\/index.php\/2013\/02\/13\/noches-de-carnaval-la-fiesta-de-todos-y-la-gran-respuesta-del-publico\/\"},\"wordCount\":646,\"publisher\":{\"@id\":\"https:\/\/www.celttv.com.ar\/#organization\"},\"articleSection\":[\"Comunidad\",\"Destacadas\",\"Espect\u00e1culos\"],\"inLanguage\":\"es\"},{\"@type\":\"WebPage\",\"@id\":\"https:\/\/www.celttv.com.ar\/index.php\/2013\/02\/13\/noches-de-carnaval-la-fiesta-de-todos-y-la-gran-respuesta-del-publico\/\",\"url\":\"https:\/\/www.celttv.com.ar\/index.php\/2013\/02\/13\/noches-de-carnaval-la-fiesta-de-todos-y-la-gran-respuesta-del-publico\/\",\"name\":\"NOCHES DE CARNAVAL, LA FIESTA DE TODOS...Y LA GRAN RESPUESTA DEL PUBLICO ( Pr\u00f3ximamente videos) - CELTTV\",\"isPartOf\":{\"@id\":\"https:\/\/www.celttv.com.ar\/#website\"},\"datePublished\":\"2013-02-13T00:03:53+00:00\",\"dateModified\":\"2013-02-13T00:03:53+00:00\",\"description\":\"Sitio web de noticias de la localidad de Tornquist, provincia de Buenos Aires, Rep\u00fablica Argentina. Contenido propio originado por periodistas de CELTTV, el canal de TV local de la Cooperativa El\u00e9ctrica de Tornquist. Turismo, Pol\u00edtica, Sociedad, Deporte, Cultura y todo el contenido de inter\u00e9s general que la gente del pueblo y la regi\u00f3n debe conocer.\",\"breadcrumb\":{\"@id\":\"https:\/\/www.celttv.com.ar\/index.php\/2013\/02\/13\/noches-de-carnaval-la-fiesta-de-todos-y-la-gran-respuesta-del-publico\/#breadcrumb\"},\"inLanguage\":\"es\",\"potentialAction\":[{\"@type\":\"ReadAction\",\"target\":[\"https:\/\/www.celttv.com.ar\/index.php\/2013\/02\/13\/noches-de-carnaval-la-fiesta-de-todos-y-la-gran-respuesta-del-publico\/\"]}]},{\"@type\":\"BreadcrumbList\",\"@id\":\"https:\/\/www.celttv.com.ar\/index.php\/2013\/02\/13\/noches-de-carnaval-la-fiesta-de-todos-y-la-gran-respuesta-del-publico\/#breadcrumb\",\"itemListElement\":[{\"@type\":\"ListItem\",\"position\":1,\"name\":\"Inicio\",\"item\":\"https:\/\/www.celttv.com.ar\/\"},{\"@type\":\"ListItem\",\"position\":2,\"name\":\"NOCHES DE CARNAVAL, LA FIESTA DE TODOS&#8230;Y LA GRAN RESPUESTA DEL PUBLICO ( Pr\u00f3ximamente videos)\"}]},{\"@type\":\"WebSite\",\"@id\":\"https:\/\/www.celttv.com.ar\/#website\",\"url\":\"https:\/\/www.celttv.com.ar\/\",\"name\":\"CELTTV\",\"description\":\"Cooperativa El\u00e9ctrica de Tornquist\",\"publisher\":{\"@id\":\"https:\/\/www.celttv.com.ar\/#organization\"},\"potentialAction\":[{\"@type\":\"SearchAction\",\"target\":{\"@type\":\"EntryPoint\",\"urlTemplate\":\"https:\/\/www.celttv.com.ar\/?s={search_term_string}\"},\"query-input\":\"required name=search_term_string\"}],\"inLanguage\":\"es\"},{\"@type\":\"Organization\",\"@id\":\"https:\/\/www.celttv.com.ar\/#organization\",\"name\":\"CELTTV\",\"url\":\"https:\/\/www.celttv.com.ar\/\",\"sameAs\":[\"https:\/\/www.youtube.com\/channel\/UCz_oIt8Hig64Ub-EmcNPIhg\",\"https:\/\/www.facebook.com\/celtTV\/\"],\"logo\":{\"@type\":\"ImageObject\",\"inLanguage\":\"es\",\"@id\":\"https:\/\/www.celttv.com.ar\/#\/schema\/logo\/image\/\",\"url\":\"http:\/\/www.celttv.com.ar\/wp-content\/uploads\/2022\/08\/logo-1.png\",\"contentUrl\":\"http:\/\/www.celttv.com.ar\/wp-content\/uploads\/2022\/08\/logo-1.png\",\"width\":461,\"height\":159,\"caption\":\"CELTTV\"},\"image\":{\"@id\":\"https:\/\/www.celttv.com.ar\/#\/schema\/logo\/image\/\"}},{\"@type\":\"Person\",\"@id\":\"https:\/\/www.celttv.com.ar\/#\/schema\/person\/6d99c072dba59953809c81446e9d0ace\",\"name\":\"ulises\",\"image\":{\"@type\":\"ImageObject\",\"inLanguage\":\"es\",\"@id\":\"https:\/\/www.celttv.com.ar\/#\/schema\/person\/image\/\",\"url\":\"https:\/\/secure.gravatar.com\/avatar\/7f2c48bdc33b30088f941fb6082e555f2874c98e20cb159d7b92b50eadfce793?s=96&d=mm&r=g\",\"contentUrl\":\"https:\/\/secure.gravatar.com\/avatar\/7f2c48bdc33b30088f941fb6082e555f2874c98e20cb159d7b92b50eadfce793?s=96&d=mm&r=g\",\"caption\":\"ulises\"},\"sameAs\":[\"http:\/\/www.celttv.com.ar\"]}]}<\/script>\n<!-- \/ Yoast SEO plugin. -->","yoast_head_json":{"title":"NOCHES DE CARNAVAL, LA FIESTA DE TODOS...Y LA GRAN RESPUESTA DEL PUBLICO ( Pr\u00f3ximamente videos) - CELTTV","description":"Sitio web de noticias de la localidad de Tornquist, provincia de Buenos Aires, Rep\u00fablica Argentina. Contenido propio originado por periodistas de CELTTV, el canal de TV local de la Cooperativa El\u00e9ctrica de Tornquist. Turismo, Pol\u00edtica, Sociedad, Deporte, Cultura y todo el contenido de inter\u00e9s general que la gente del pueblo y la regi\u00f3n debe conocer.","robots":{"index":"index","follow":"follow","max-snippet":"max-snippet:-1","max-image-preview":"max-image-preview:large","max-video-preview":"max-video-preview:-1"},"canonical":"https:\/\/www.celttv.com.ar\/index.php\/2013\/02\/13\/noches-de-carnaval-la-fiesta-de-todos-y-la-gran-respuesta-del-publico\/","og_locale":"es_ES","og_type":"article","og_title":"NOCHES DE CARNAVAL, LA FIESTA DE TODOS...Y LA GRAN RESPUESTA DEL PUBLICO ( Pr\u00f3ximamente videos) - CELTTV","og_description":"Sitio web de noticias de la localidad de Tornquist, provincia de Buenos Aires, Rep\u00fablica Argentina. Contenido propio originado por periodistas de CELTTV, el canal de TV local de la Cooperativa El\u00e9ctrica de Tornquist. Turismo, Pol\u00edtica, Sociedad, Deporte, Cultura y todo el contenido de inter\u00e9s general que la gente del pueblo y la regi\u00f3n debe conocer.","og_url":"https:\/\/www.celttv.com.ar\/index.php\/2013\/02\/13\/noches-de-carnaval-la-fiesta-de-todos-y-la-gran-respuesta-del-publico\/","og_site_name":"CELTTV","article_publisher":"https:\/\/www.facebook.com\/celtTV\/","article_published_time":"2013-02-13T00:03:53+00:00","og_image":[{"url":"http:\/\/www.tvcnoticias.com.ar\/wp-content\/uploads\/2013\/02\/SAM_6508-1280x960-Small.jpg"}],"author":"ulises","twitter_card":"summary_large_image","twitter_misc":{"Escrito por":"ulises","Tiempo de lectura":"3 minutos"},"schema":{"@context":"https:\/\/schema.org","@graph":[{"@type":"NewsArticle","@id":"https:\/\/www.celttv.com.ar\/index.php\/2013\/02\/13\/noches-de-carnaval-la-fiesta-de-todos-y-la-gran-respuesta-del-publico\/#article","isPartOf":{"@id":"https:\/\/www.celttv.com.ar\/index.php\/2013\/02\/13\/noches-de-carnaval-la-fiesta-de-todos-y-la-gran-respuesta-del-publico\/"},"author":{"name":"ulises","@id":"https:\/\/www.celttv.com.ar\/#\/schema\/person\/6d99c072dba59953809c81446e9d0ace"},"headline":"NOCHES DE CARNAVAL, LA FIESTA DE TODOS&#8230;Y LA GRAN RESPUESTA DEL PUBLICO ( Pr\u00f3ximamente videos)","datePublished":"2013-02-13T00:03:53+00:00","dateModified":"2013-02-13T00:03:53+00:00","mainEntityOfPage":{"@id":"https:\/\/www.celttv.com.ar\/index.php\/2013\/02\/13\/noches-de-carnaval-la-fiesta-de-todos-y-la-gran-respuesta-del-publico\/"},"wordCount":646,"publisher":{"@id":"https:\/\/www.celttv.com.ar\/#organization"},"articleSection":["Comunidad","Destacadas","Espect\u00e1culos"],"inLanguage":"es"},{"@type":"WebPage","@id":"https:\/\/www.celttv.com.ar\/index.php\/2013\/02\/13\/noches-de-carnaval-la-fiesta-de-todos-y-la-gran-respuesta-del-publico\/","url":"https:\/\/www.celttv.com.ar\/index.php\/2013\/02\/13\/noches-de-carnaval-la-fiesta-de-todos-y-la-gran-respuesta-del-publico\/","name":"NOCHES DE CARNAVAL, LA FIESTA DE TODOS...Y LA GRAN RESPUESTA DEL PUBLICO ( Pr\u00f3ximamente videos) - CELTTV","isPartOf":{"@id":"https:\/\/www.celttv.com.ar\/#website"},"datePublished":"2013-02-13T00:03:53+00:00","dateModified":"2013-02-13T00:03:53+00:00","description":"Sitio web de noticias de la localidad de Tornquist, provincia de Buenos Aires, Rep\u00fablica Argentina. Contenido propio originado por periodistas de CELTTV, el canal de TV local de la Cooperativa El\u00e9ctrica de Tornquist. Turismo, Pol\u00edtica, Sociedad, Deporte, Cultura y todo el contenido de inter\u00e9s general que la gente del pueblo y la regi\u00f3n debe conocer.","breadcrumb":{"@id":"https:\/\/www.celttv.com.ar\/index.php\/2013\/02\/13\/noches-de-carnaval-la-fiesta-de-todos-y-la-gran-respuesta-del-publico\/#breadcrumb"},"inLanguage":"es","potentialAction":[{"@type":"ReadAction","target":["https:\/\/www.celttv.com.ar\/index.php\/2013\/02\/13\/noches-de-carnaval-la-fiesta-de-todos-y-la-gran-respuesta-del-publico\/"]}]},{"@type":"BreadcrumbList","@id":"https:\/\/www.celttv.com.ar\/index.php\/2013\/02\/13\/noches-de-carnaval-la-fiesta-de-todos-y-la-gran-respuesta-del-publico\/#breadcrumb","itemListElement":[{"@type":"ListItem","position":1,"name":"Inicio","item":"https:\/\/www.celttv.com.ar\/"},{"@type":"ListItem","position":2,"name":"NOCHES DE CARNAVAL, LA FIESTA DE TODOS&#8230;Y LA GRAN RESPUESTA DEL PUBLICO ( Pr\u00f3ximamente videos)"}]},{"@type":"WebSite","@id":"https:\/\/www.celttv.com.ar\/#website","url":"https:\/\/www.celttv.com.ar\/","name":"CELTTV","description":"Cooperativa El\u00e9ctrica de Tornquist","publisher":{"@id":"https:\/\/www.celttv.com.ar\/#organization"},"potentialAction":[{"@type":"SearchAction","target":{"@type":"EntryPoint","urlTemplate":"https:\/\/www.celttv.com.ar\/?s={search_term_string}"},"query-input":"required name=search_term_string"}],"inLanguage":"es"},{"@type":"Organization","@id":"https:\/\/www.celttv.com.ar\/#organization","name":"CELTTV","url":"https:\/\/www.celttv.com.ar\/","sameAs":["https:\/\/www.youtube.com\/channel\/UCz_oIt8Hig64Ub-EmcNPIhg","https:\/\/www.facebook.com\/celtTV\/"],"logo":{"@type":"ImageObject","inLanguage":"es","@id":"https:\/\/www.celttv.com.ar\/#\/schema\/logo\/image\/","url":"http:\/\/www.celttv.com.ar\/wp-content\/uploads\/2022\/08\/logo-1.png","contentUrl":"http:\/\/www.celttv.com.ar\/wp-content\/uploads\/2022\/08\/logo-1.png","width":461,"height":159,"caption":"CELTTV"},"image":{"@id":"https:\/\/www.celttv.com.ar\/#\/schema\/logo\/image\/"}},{"@type":"Person","@id":"https:\/\/www.celttv.com.ar\/#\/schema\/person\/6d99c072dba59953809c81446e9d0ace","name":"ulises","image":{"@type":"ImageObject","inLanguage":"es","@id":"https:\/\/www.celttv.com.ar\/#\/schema\/person\/image\/","url":"https:\/\/secure.gravatar.com\/avatar\/7f2c48bdc33b30088f941fb6082e555f2874c98e20cb159d7b92b50eadfce793?s=96&d=mm&r=g","contentUrl":"https:\/\/secure.gravatar.com\/avatar\/7f2c48bdc33b30088f941fb6082e555f2874c98e20cb159d7b92b50eadfce793?s=96&d=mm&r=g","caption":"ulises"},"sameAs":["http:\/\/www.celttv.com.ar"]}]}},"_links":{"self":[{"href":"https:\/\/www.celttv.com.ar\/index.php\/wp-json\/wp\/v2\/posts\/9992","targetHints":{"allow":["GET"]}}],"collection":[{"href":"https:\/\/www.celttv.com.ar\/index.php\/wp-json\/wp\/v2\/posts"}],"about":[{"href":"https:\/\/www.celttv.com.ar\/index.php\/wp-json\/wp\/v2\/types\/post"}],"author":[{"embeddable":true,"href":"https:\/\/www.celttv.com.ar\/index.php\/wp-json\/wp\/v2\/users\/1"}],"replies":[{"embeddable":true,"href":"https:\/\/www.celttv.com.ar\/index.php\/wp-json\/wp\/v2\/comments?post=9992"}],"version-history":[{"count":0,"href":"https:\/\/www.celttv.com.ar\/index.php\/wp-json\/wp\/v2\/posts\/9992\/revisions"}],"wp:attachment":[{"href":"https:\/\/www.celttv.com.ar\/index.php\/wp-json\/wp\/v2\/media?parent=9992"}],"wp:term":[{"taxonomy":"category","embeddable":true,"href":"https:\/\/www.celttv.com.ar\/index.php\/wp-json\/wp\/v2\/categories?post=9992"},{"taxonomy":"post_tag","embeddable":true,"href":"https:\/\/www.celttv.com.ar\/index.php\/wp-json\/wp\/v2\/tags?post=9992"}],"curies":[{"name":"wp","href":"https:\/\/api.w.org\/{rel}","templated":true}]}}